{"id":35365,"date":"2023-02-23T23:47:26","date_gmt":"2023-02-23T22:47:26","guid":{"rendered":"https:\/\/kodmalopolska.pl\/?p=35365"},"modified":"2023-02-24T08:47:20","modified_gmt":"2023-02-24T07:47:20","slug":"rocznica-wojny-felieton-fryderyka-zolla-449","status":"publish","type":"post","link":"https:\/\/kodmalopolska.pl\/?p=35365","title":{"rendered":"Rocznica wojny. Felieton Fryderyka Zolla (449)"},"content":{"rendered":"\n<h4 class=\"wp-block-heading\">Rok temu obudzi\u0142em si\u0119 w nocy z 23 na 24 lutego. Poprzedni tydzie\u0144 by\u0142 pe\u0142en napi\u0119cia, oczekiwania, czy wojna wybuchnie. I nadesz\u0142a noc\u0105, zmieniaj\u0105c nie tylko histori\u0119 \u015bwiata, ale i nasze losy.<\/h4>\n\n\n\n<p>Wojna, kt\u00f3ra si\u0119 wtedy rozpocz\u0119\u0142a, okaza\u0142a si\u0119 r\u00f3wnie\u017c nasz\u0105 wojn\u0105. Polacy ruszyli z pomoc\u0105, ruszy\u0142a si\u0119 ca\u0142a Europa i Ameryka. Wojna przewarto\u015bciowa\u0142a dziesi\u0105tki spraw. Wobec jej wyzwa\u0144 skarla\u0142y rzeczy niegdy\u015b wa\u017cne, nawet centralne.<\/p>\n\n\n\n<p>Na froncie walcz\u0105 nasi koledzy i przyjaciele. Staramy si\u0119 jako\u015b ich wspom\u00f3c w tej heroicznej walce. Codziennie kontaktuj\u0119 si\u0119 z walcz\u0105cym na froncie w Bachmucie \u017co\u0142nierzem ukrai\u0144skim, ochotnikiem, oficerem. Codziennie z niecierpliwo\u015bci\u0105 oczekuj\u0119 informacji, co si\u0119 wydarzy\u0142o. Najcz\u0119\u015bciej dostaj\u0119 wiadomo\u015b\u0107: \u043c\u043e\u0436\u0435\u0442 \u0431\u0443\u0442\u0438. Pod tym \u043c\u043e\u0436\u0435\u0442 \u0431\u0443\u0442\u0438 kryje si\u0119 niewiarygodny wysi\u0142ek \u017co\u0142nierzy, nieustanny kontakt ze \u015bmierci\u0105, b\u00f3lem, cierpieniem.<\/p>\n\n\n\n<p>Jeste\u015bmy dumni, \u017ce z pomoc\u0105 Fundacji im Janusza Kurtyki i Orlenu dostarczyli\u015bmy do Ukrainy samoch\u00f3d cystern\u0119. Wojna w Ukrainie pokazuje, \u017ce w tak g\u0142\u0119boko egzystencjalnej kwestii mo\u017cliwa jest wsp\u00f3\u0142praca wszystkich Polak\u00f3w. Potrzeby walcz\u0105cych s\u0105 jednak gigantyczne. Brakuje dron\u00f3w, str\u0105canych przez nieprzyjaciela, brakuje samochod\u00f3w, wojskowych urz\u0105dze\u0144 optycznych. Ostatnio przekazali\u015bmy ciep\u0142e ubrania i apteczki. Firma Ustronianka podarowa\u0142a tira wody mineralnej, kt\u00f3ry wyruszy do Ukrainy w najbli\u017cszym czasie.<\/p>\n\n\n\n<p>Jeste\u015bmy zapleczem frontu. Nie musimy wykazywa\u0107 si\u0119 bohaterstwem, omija nas cierpienie w najbardziej fizycznym znaczeniu. Nasza rola na zapleczu jest jednak bardzo wa\u017cna. Bez pomocy ze strony pa\u0144stw, ale te\u017c bez zaanga\u017cowania przedsi\u0119biorstw i zwyk\u0142ych obywateli Ukraina niebezpiecznie os\u0142abnie.<\/p>\n\n\n\n<p>Jeste\u015bmy winni wsparcie tym dzielnym ludziom. Dzi\u015b zbieramy na samodzielny batalion iwanofrankiwski, walcz\u0105cy w Bachmucie \u2013 walcz\u0105cy za ich i nasz\u0105 wolno\u015b\u0107. Wspom\u00f3\u017cmy ten wielki wysi\u0142ek. \u0429\u0435 \u043d\u0435 \u0432\u043c\u0435\u0440\u043b\u0430 \u0423\u043a\u0440\u0430\u0457\u043d\u0430, kiedy razem jeste\u015bmy jak rodzina. (cytat z piosenki Taraki)<\/p>\n\n\n\n<table>\n<tbody>\n<tr>\n<td><a href=\"https:\/\/fundacjakurtyki.pl\/wsparcie-dla-ukrainy\/\"><img decoding=\"async\" src=\"https:\/\/kodmalopolska.pl\/wp-content\/uploads\/2022\/03\/Wsparcie-dla-Ukrainy-153x80-1.jpg\" alt=\"\"\/><\/a><\/td>\n<td style=\"vertical-align: middle;\">\n<p>&nbsp;&nbsp;<a href=\"https:\/\/fundacjakurtyki.pl\/wsparcie-dla-ukrainy\/\">Wesprzyj Ukrain\u0119 poprzez Fundacj\u0119 im. Janusza Kurtyki!<\/a>&nbsp;&nbsp;&nbsp;<\/p>\n<p style=\"text-align: center;\">lub <a href=\"https:\/\/kodmalopolska.pl\/zrzutka-sprzet-dla-samodzielnego-batalionu-iwanofrankowskiego\/\">bezpo\u015brednio walcz\u0105cych w Bachmucie<\/a><\/p>\n<\/td>\n<td><a href=\"https:\/\/kodmalopolska.pl\/zrzutka-sprzet-dla-samodzielnego-batalionu-iwanofrankowskiego\/\"><img decoding=\"async\" src=\"https:\/\/kodmalopolska.pl\/wp-content\/uploads\/2023\/02\/BatalionBachmut.jpg\" width=\"153\"\/><\/a><\/td>\n<\/tr>\n<\/tbody>\n<\/table>\n\n\n\n<hr class=\"wp-block-separator has-alpha-channel-opacity\"\/>\n\n\n\n<p><em>Felieton jest wyrazem opinii autora. Nie prezentuje stanowiska ZR Ma\u0142opolskie.<\/em><\/p>\n","protected":false},"excerpt":{"rendered":"<p>Rok temu obudzi\u0142em si\u0119 w nocy z 23 na 24 lutego. Poprzedni tydzie\u0144 by\u0142 pe\u0142en napi\u0119cia, oczekiwania, czy wojna wybuchnie. I nadesz\u0142a noc\u0105, zmieniaj\u0105c nie tylko histori\u0119 \u015bwiata, ale i nasze losy.<\/p>\n","protected":false},"author":34,"featured_media":29765,"comment_status":"closed","ping_status":"open","sticky":false,"template":"","format":"standard","meta":{"_EventAllDay":false,"_EventTimezone":"","_EventStartDate":"","_EventEndDate":"","_EventStartDateUTC":"","_EventEndDateUTC":"","_EventShowMap":false,"_EventShowMapLink":false,"_EventURL":"","_EventCost":"","_EventCostDescription":"","_EventCurrencySymbol":"","_EventCurrencyCode":"","_EventCurrencyPosition":"","_EventDateTimeSeparator":"","_EventTimeRangeSeparator":"","_EventOrganizerID":[],"_EventVenueID":[],"_OrganizerEmail":"","_OrganizerPhone":"","_OrganizerWebsite":"","_VenueAddress":"","_VenueCity":"","_VenueCountry":"","_VenueProvince":"","_VenueState":"","_VenueZip":"","_VenuePhone":"","_VenueURL":"","_VenueStateProvince":"","_VenueLat":"","_VenueLng":"","_VenueShowMap":false,"_VenueShowMapLink":false,"footnotes":""},"categories":[596,648,651],"tags":[],"class_list":["post-35365","post","type-post","status-publish","format-standard","has-post-thumbnail","hentry","category-felietony","category-ukraina","category-ukraina-x-artykuly","felietony","ukraina","ukraina-x-artykuly"],"_links":{"self":[{"href":"https:\/\/kodmalopolska.pl\/index.php?rest_route=\/wp\/v2\/posts\/35365","targetHints":{"allow":["GET"]}}],"collection":[{"href":"https:\/\/kodmalopolska.pl\/index.php?rest_route=\/wp\/v2\/posts"}],"about":[{"href":"https:\/\/kodmalopolska.pl\/index.php?rest_route=\/wp\/v2\/types\/post"}],"author":[{"embeddable":true,"href":"https:\/\/kodmalopolska.pl\/index.php?rest_route=\/wp\/v2\/users\/34"}],"replies":[{"embeddable":true,"href":"https:\/\/kodmalopolska.pl\/index.php?rest_route=%2Fwp%2Fv2%2Fcomments&post=35365"}],"version-history":[{"count":0,"href":"https:\/\/kodmalopolska.pl\/index.php?rest_route=\/wp\/v2\/posts\/35365\/revisions"}],"wp:featuredmedia":[{"embeddable":true,"href":"https:\/\/kodmalopolska.pl\/index.php?rest_route=\/wp\/v2\/media\/29765"}],"wp:attachment":[{"href":"https:\/\/kodmalopolska.pl\/index.php?rest_route=%2Fwp%2Fv2%2Fmedia&parent=35365"}],"wp:term":[{"taxonomy":"category","embeddable":true,"href":"https:\/\/kodmalopolska.pl\/index.php?rest_route=%2Fwp%2Fv2%2Fcategories&post=35365"},{"taxonomy":"post_tag","embeddable":true,"href":"https:\/\/kodmalopolska.pl\/index.php?rest_route=%2Fwp%2Fv2%2Ftags&post=35365"}],"curies":[{"name":"wp","href":"https:\/\/api.w.org\/{rel}","templated":true}]}}