{"id":35093,"date":"2023-02-07T22:48:34","date_gmt":"2023-02-07T21:48:34","guid":{"rendered":"https:\/\/kodmalopolska.pl\/?p=35093"},"modified":"2023-02-07T22:48:37","modified_gmt":"2023-02-07T21:48:37","slug":"konrad-mazowiecki-i-modlitwa-za-posla-zandberga-felieton-fryderyka-zolla-445","status":"publish","type":"post","link":"https:\/\/kodmalopolska.pl\/?p=35093","title":{"rendered":"Konrad Mazowiecki i modlitwa za pos\u0142a Zandberga. Felieton Fryderyka Zolla (445)"},"content":{"rendered":"\n<h4 class=\"wp-block-heading\">Pan pose\u0142 Zandberg z partii Razem o\u015bwiadczy\u0142, \u017ce nie chce wsp\u00f3lnej listy z Koalicj\u0105 Obywatelsk\u0105 i do wybor\u00f3w jego formacja powinna i\u015b\u0107 samodzielnie. Oznacza to ni mniej, ni wi\u0119cej, \u017ce pose\u0142 Zandberg nie pragnie znale\u017a\u0107 si\u0119 ze swoj\u0105 parti\u0105 w Sejmie, odbieraj\u0105c si\u0142om demokratycznym jakie\u015b trzy procent g\u0142os\u00f3w. Podobnie jak w roku 2015, mo\u017ce to doprowadzi\u0107 do wyborczego zwyci\u0119stwa PiS-u oraz trwa\u0142ego zdemolowania instytucji pa\u0144stwa, a w konsekwencji do d\u0142ugoletniego zakonserwowania zjawisk, z kt\u00f3rymi partia Razem rzekomo walczy.<\/h4>\n\n\n\n<p>Krzy\u017cacy w swoich modlitwach wspominali z wdzi\u0119czno\u015bci\u0105 Konrada Mazowieckiego, bo dzi\u0119ki niemu mogli si\u0119 zagnie\u017adzi\u0107 pod naszym bokiem. Podobnie PiS powinno w intencji pos\u0142a Zandberga organizowa\u0107 modlitwy, najlepiej publiczne. Zandberg wkroczy\u0142 bowiem na drog\u0119, kt\u00f3ra zapewni PiS-owi trzeci\u0105 kadencj\u0119.<\/p>\n\n\n\n<p>Nie jestem wielbicielem partii Razem. W sumie nie by\u0142oby to dramatem dla Polski, gdyby partia ta posz\u0142a za my\u015bl\u0105 pos\u0142a Zandberga, eliminuj\u0105c sw\u00f3j wp\u0142yw na polityk\u0119. Znajdujemy si\u0119 jednak w bardzo trudnej sytuacji i nie trzeba wielkiej wyobra\u017ani, by dostrzec, \u017ce dalsze \u017ceglowanie pa\u0144stwa ku wy\u0142\u0105czeniu si\u0119 z integracji Zachodu zako\u0144czy si\u0119 narodow\u0105 katastrof\u0105, i to wcale nie w perspektywie wielu pokole\u0144. Niedemokratyczna Polska b\u0119dzie te\u017c przeszkod\u0105 w integracji Ukrainy z Uni\u0105 Europejsk\u0105. Zbyt wiele zale\u017cy od zdecydowanego zwyci\u0119stwa opozycji w Polsce. Ka\u017cdy, kto uwa\u017ca si\u0119 za demokrat\u0119, musi zrozumie\u0107, \u017ce bez solidnej wi\u0119kszo\u015bci opozycji w Sejmie nie b\u0119dzie mo\u017cna odbudowa\u0107 instytucji pa\u0144stwa ani zapewni\u0107 elementarnego bezpiecze\u0144stwa, nie m\u00f3wi\u0105c ju\u017c o skutecznym prowadzeniu jakiejkolwiek polityki, w tym socjaldemokratycznej.<\/p>\n\n\n\n<p>Nikt nie wybaczy politykom demokratycznym od prawa do lewa, je\u015bli pod ci\u0119\u017carem w\u0142asnego ja zawal\u0105 najbli\u017csze wybory. Na nic si\u0119 wtedy zdadz\u0105 usprawiedliwienia i wyg\u0142aszane m\u0105dro\u015bci. Przysz\u0142o\u015b\u0107 Polski zale\u017cy od rzeczywistego patriotyzmu, kt\u00f3ry nakazuje w tych wyborach postawi\u0107 interes pa\u0144stwa i demokracji ponad interesem osobistym. Je\u017celi elity opozycji nie przestan\u0105 skrycie wierzy\u0107, \u017ce nawet kl\u0119ska wyborcza jest do prze\u0142kni\u0119cia, o ile na niej skorzysta ich formacja polityczna, grozi nam prawdziwa katastrofa o nieobliczalnych skutkach.<\/p>\n\n\n\n<p>W normalnych warunkach trzyma\u0142bym kciuki za plan Zandberga, kt\u00f3ry pozbawia parti\u0119 Razem politycznego znaczenia. Niestety, dzisiaj jest to dla Polski plan tragiczny. Oby nasi politycy zdo\u0142ali si\u0119 opami\u0119ta\u0107, p\u00f3ki jest jeszcze troch\u0119 czasu.<\/p>\n\n\n\n<hr class=\"wp-block-separator has-alpha-channel-opacity\"\/>\n\n\n\n<p><em>Felieton jest wyrazem opinii autora. Nie prezentuje stanowiska ZR Ma\u0142opolskie.<\/em><\/p>\n","protected":false},"excerpt":{"rendered":"<p>Pan pose\u0142 Zandberg z partii Razem o\u015bwiadczy\u0142, \u017ce nie chce wsp\u00f3lnej listy z Koalicj\u0105 Obywatelsk\u0105 i do wybor\u00f3w jego formacja powinna i\u015b\u0107 samodzielnie. Oznacza to ni mniej, ni wi\u0119cej, \u017ce pose\u0142 Zandberg nie pragnie znale\u017a\u0107 si\u0119 ze swoj\u0105 parti\u0105 w Sejmie, odbieraj\u0105c si\u0142om demokratycznym jakie\u015b trzy procent g\u0142os\u00f3w. Podobnie jak w roku 2015, mo\u017ce to doprowadzi\u0107 do wyborczego zwyci\u0119stwa PiS-u oraz trwa\u0142ego zdemolowania instytucji pa\u0144stwa, a w konsekwencji do d\u0142ugoletniego zakonserwowania zjawisk, z kt\u00f3rymi partia Razem rzekomo walczy.<\/p>\n","protected":false},"author":34,"featured_media":24583,"comment_status":"closed","ping_status":"open","sticky":false,"template":"","format":"standard","meta":{"_EventAllDay":false,"_EventTimezone":"","_EventStartDate":"","_EventEndDate":"","_EventStartDateUTC":"","_EventEndDateUTC":"","_EventShowMap":false,"_EventShowMapLink":false,"_EventURL":"","_EventCost":"","_EventCostDescription":"","_EventCurrencySymbol":"","_EventCurrencyCode":"","_EventCurrencyPosition":"","_EventDateTimeSeparator":"","_EventTimeRangeSeparator":"","_EventOrganizerID":[],"_EventVenueID":[],"_OrganizerEmail":"","_OrganizerPhone":"","_OrganizerWebsite":"","_VenueAddress":"","_VenueCity":"","_VenueCountry":"","_VenueProvince":"","_VenueState":"","_VenueZip":"","_VenuePhone":"","_VenueURL":"","_VenueStateProvince":"","_VenueLat":"","_VenueLng":"","_VenueShowMap":false,"_VenueShowMapLink":false,"footnotes":""},"categories":[596],"tags":[],"class_list":["post-35093","post","type-post","status-publish","format-standard","has-post-thumbnail","hentry","category-felietony","felietony"],"_links":{"self":[{"href":"https:\/\/kodmalopolska.pl\/index.php?rest_route=\/wp\/v2\/posts\/35093","targetHints":{"allow":["GET"]}}],"collection":[{"href":"https:\/\/kodmalopolska.pl\/index.php?rest_route=\/wp\/v2\/posts"}],"about":[{"href":"https:\/\/kodmalopolska.pl\/index.php?rest_route=\/wp\/v2\/types\/post"}],"author":[{"embeddable":true,"href":"https:\/\/kodmalopolska.pl\/index.php?rest_route=\/wp\/v2\/users\/34"}],"replies":[{"embeddable":true,"href":"https:\/\/kodmalopolska.pl\/index.php?rest_route=%2Fwp%2Fv2%2Fcomments&post=35093"}],"version-history":[{"count":0,"href":"https:\/\/kodmalopolska.pl\/index.php?rest_route=\/wp\/v2\/posts\/35093\/revisions"}],"wp:featuredmedia":[{"embeddable":true,"href":"https:\/\/kodmalopolska.pl\/index.php?rest_route=\/wp\/v2\/media\/24583"}],"wp:attachment":[{"href":"https:\/\/kodmalopolska.pl\/index.php?rest_route=%2Fwp%2Fv2%2Fmedia&parent=35093"}],"wp:term":[{"taxonomy":"category","embeddable":true,"href":"https:\/\/kodmalopolska.pl\/index.php?rest_route=%2Fwp%2Fv2%2Fcategories&post=35093"},{"taxonomy":"post_tag","embeddable":true,"href":"https:\/\/kodmalopolska.pl\/index.php?rest_route=%2Fwp%2Fv2%2Ftags&post=35093"}],"curies":[{"name":"wp","href":"https:\/\/api.w.org\/{rel}","templated":true}]}}