{"id":35082,"date":"2023-02-05T12:51:46","date_gmt":"2023-02-05T11:51:46","guid":{"rendered":"https:\/\/kodmalopolska.pl\/?p=35082"},"modified":"2023-02-05T12:51:48","modified_gmt":"2023-02-05T11:51:48","slug":"wielki-to-kraj-co-wielkie-dotacje-daje-felieton-joanny-handerek-106","status":"publish","type":"post","link":"https:\/\/kodmalopolska.pl\/?p=35082","title":{"rendered":"Wielki to kraj, co wielkie dotacje daje.\u00a0Felieton Joanny Ha\u0144derek (106)"},"content":{"rendered":"\n<h4 class=\"wp-block-heading\">Tak zwany minister edukacji wyznaje zasad\u0119, \u017ce Polacy nie g\u0119si i sw\u00f3j j\u0119zyk maj\u0105, a skoro jest to nasz j\u0119zyk, narodowy, to nie trzeba si\u0119 go uczy\u0107 \u2013 tak jak i pozosta\u0142ych przedmiot\u00f3w. W zasadzie po co nam szko\u0142y i uniwersytety, gdy mamy fundacje prorz\u0105dowe, prawe i sprawiedliwe? Je\u015bli tylko si\u0119 je odpowiednio obdaruje i dofinansuje, to one ju\u017c nas naucz\u0105. W dzisiejszym felietonie s\u0142\u00f3w kilka o wielko\u015bci dotacji i o naszym kraju, w kt\u00f3rym nauka znajduje si\u0119 gdzie\u015b\u2026 gdzie minister edukacji nie si\u0119ga.<\/h4>\n\n\n\n<p>\u201eLewakom nigdy nie dam\u201d \u2013 kategorycznie stwierdzi\u0142 niejaki pan Czarnek, zwany ministrem edukacji. No i s\u0142usznie, \u017ce nie da, jeszcze czego, skoro nie ma z czego. Wszystkie pieni\u0105dze przecie\u017c i tak posz\u0142y ju\u017c na wa\u017cne programy edukacyjne, czule okre\u015blane w mediach jako \u201ewilla+\u201d.<\/p>\n\n\n\n<p>Rezultaty dzia\u0142alno\u015bci pan\u00f3w i pa\u0144 zwi\u0105zanych z rz\u0105dami PiS-u w naszym kraju s\u0105 naprawd\u0119 niesamowite. Odk\u0105d tylko dorwali si\u0119 do pieni\u0119dzy pa\u0144stwowych \u2013 a wi\u0119c naszych pieni\u0119dzy \u2013 systematycznie i konsekwentnie organizuj\u0105 sobie wy\u017cerk\u0119. Maj\u0105 te\u017c wybitne dzieci, szwagr\u00f3w, kuzynki, dalsz\u0105 i bli\u017csz\u0105 rodzin\u0119. A teraz okazuje si\u0119, \u017ce maj\u0105 naukowc\u00f3w wybitnych.<\/p>\n\n\n\n<p>Nie b\u0105d\u017amy ma\u0142ostkowi. Fundacja Polska Wielki Projekt potrzebuje przecie\u017c jakiej\u015b siedziby. A skoro Polska jest wielka, to i Fundacja Polska Wielki Projekt jest wielka \u2013 oczywiste to jak zwyci\u0119stwo wojsk polskich pod Wiedniem. Dzia\u0142alno\u015b\u0107 naukowa rzeczonej instytucji m\u00f3wi zreszt\u0105 sama za siebie: konferencja pod jak\u017ce zaskakuj\u0105cym tytu\u0142em \u201ePolska Wielki Projekt\u201d sama si\u0119 wszak nie zorganizowa\u0142a, a nagrody imienia prezydenta Lecha Kaczy\u0144skiego nie przyznano ca\u0142kiem za nic. Ka\u017cdy, kto si\u0119 przyjrzy stronom i wypryskom dzia\u0142a\u0144 edukacyjnych fundacji, zrozumie od razu, \u017ce Polska jest wielka, bardzo wielka, dlatego Fundacja Polska Wielki Projekt, gigantyczny przerost monumentalnych warto\u015bci, nie mie\u015bci si\u0119 w normalnej skali ocen, a zatem dotacja te\u017c musi by\u0107 wielka.<\/p>\n\n\n\n<p>Kt\u00f3\u017c tworzy t\u0119 wielko\u015b\u0107? Sami luminarze polskiej nauki i wielko\u015bci, rzecz jasna. W sk\u0142ad wielkich wchodz\u0105: wicepremier Piotr Gli\u0144ski, europos\u0142owie PiS Zdzis\u0142aw Krasnod\u0119bski i Ryszard Legutko, Tomasz Matynia (dyrektor Centrum Informacyjnego Rz\u0105du), Bronis\u0142aw Wildstein, Andrzej Zybertowicz (doradca prezydenta), Jacek Czaputowicz (by\u0142y szef MSZ) i\u2026 Andrzej Przy\u0142\u0119bski (m\u0105\u017c pani, kt\u00f3ra jako odkrycie towarzyskie dosta\u0142a zlecenie na Trybuna\u0142 Konstytucyjny). Sami naukowcy zatem, gwarantuj\u0105cy, \u017ce \u017cadna lewacka i niePiS-owska mysz si\u0119 nie prze\u015bli\u017anie, \u017ce w ramach dzia\u0142alno\u015bci fundacji nic o nieprawo\u015bciach \u015bwiata tego nie zostanie powiedziane ani napisane.<\/p>\n\n\n\n<p>Czym zajmuje si\u0119 Fundacja Polska Wielki Projekt? Edukacj\u0105, edukacj\u0105 i jeszcze raz edukacj\u0105! Tu jednak zaczynaj\u0105 si\u0119 male\u0144kie schody, drobniuchne w\u0105tpliwo\u015bci, kt\u00f3re zapewne wynikaj\u0105 z moich uprzedze\u0144 \u2013 wiadomo, jako kobieta jestem gderliwa, nieufna i nie potrafi\u0119 my\u015ble\u0107 logicznie, a jako naukowczyni zajmuj\u0105ca si\u0119 genderem i ekologizmem mam klapki \u015bwiatopogl\u0105dowe na oczach. St\u0105d moje tycie zastrze\u017cenia i pytania, na przyk\u0142ad co fundacja ma wsp\u00f3lnego z nauk\u0105 i w jaki spos\u00f3b mo\u017ce kogo\u015b edukowa\u0107. Owszem, pierwsi profesorowie Rzeczpospolitej PiS-owskiej: prof. Krasnod\u0119bski i prof. Legutko, ju\u017c si\u0119 wyspecjalizowali w odpowiednim zakresie. Ale co z pozosta\u0142ymi przedstawicielami tej wspania\u0142ej fundacji?<\/p>\n\n\n\n<p>Ma\u0142e obawy, \u017ce co\u015b tu jest nie tak, to zapewne wra\u017ca propaganda TVN i innych medi\u00f3w w r\u0119kach ameryka\u0144skich innowierc\u00f3w oraz zgni\u0142ego Zachodu. Tak zwany minister edukacji wie najlepiej, co jest potrzebne polskiej m\u0142odzie\u017cy: wielka Polska i wielkie narracje. Szko\u0142a naprawd\u0119 nie musi mie\u0107 szczelnego dachu, bo jak si\u0119 dzieciakom b\u0119dzie na g\u0142ow\u0119 la\u0142o, to si\u0119 zaprawi\u0105 w sparta\u0144skim \u017cyciu i nab\u0119d\u0105 patriotycznej wiedzy, \u017ce maj\u0105 broni\u0107 Polski przed z\u0142em unijnych dotacji. Jak si\u0119 m\u0142odzie\u017c wyedukuje, \u017ce jeste\u015bmy wielcy, \u017cadne inne narody nam nie podskocz\u0105, wszak to my uczyli\u015bmy Francuz\u00f3w i reszt\u0119 Europy \u2013 co tam, ca\u0142y \u015bwiat! \u2013 jak je\u015b\u0107 i co do czego. Dlatego nauczyciele w szko\u0142ach te\u017c s\u0105 zb\u0119dni. Jak im si\u0119 nie podobaj\u0105 ma\u0142e p\u0142ace i mobbing, to ha\u0142 du ju du z naszego kraju! Polska jest wielkim projektem, ma ju\u017c will\u0119 na Mokotowie, w szkole wystarcz\u0105 wi\u0119c panie od polskiego, niech dzieci si\u0119 ucz\u0105 czyta\u0107 i pisa\u0107, tabliczk\u0119 mno\u017cenia niech poznaj\u0105, Rot\u0119, histori\u0119 zmaga\u0144 z Krzy\u017cakami, zabor\u00f3w, walki o niepodleg\u0142o\u015b\u0107 \u2013 i wystarczy. Biologia, chemia, fizyka, etyka i inne filozoficzne \u015bwi\u0144stwa, tak samo jak wiedza o \u015bwiecie czy geografia to r\u00f3wnie\u017c zawracanie g\u0142owy. Do\u015b\u0107 wiedzie\u0107, \u017ce Polska by\u0142a od morza do morza i b\u0119dzie. W zasadzie dobrze wyedukowany Polak ma\u0142y to kto\u015b, kto b\u0119dzie umia\u0142 wcisn\u0105\u0107 jedynk\u0119 na pilocie, ws\u0142ucha\u0107 si\u0119 w koj\u0105ce s\u0142owa polskiego dziennika, p\u00f3j\u015b\u0107 na wybory i zag\u0142osowa\u0107 na jedynie s\u0142uszn\u0105 parti\u0119 oraz karnie p\u0142aci\u0107 za to, za co ka\u017c\u0105 p\u0142aci\u0107.<\/p>\n\n\n\n<p>\u201eLewakom nigdy nie dam\u201d \u2013 zapewnia tak zwany minister edukacji. I s\u0142usznie, po co dawa\u0107 innym? Dajmy swoim. To z\u0142ota zasada polityki PiS-u, kt\u00f3ra ujawnia si\u0119 w r\u00f3\u017cnych wariantach, zawsze szcz\u0119\u015bliwych dla rz\u0105dz\u0105cych i mniej szcz\u0119\u015bliwych dla reszty spo\u0142ecze\u0144stwa. W ca\u0142ym tym zam\u0119cie jedno wydaje si\u0119 nieprawdopodobne: buta w\u0142adzy. Pan zwany ministrem edukacji nawet si\u0119 nie zaj\u0105knie, patrzy prosto do kamery i zachwycony opowiada o kolejnych przekr\u0119tach, nienawi\u015bci i pogardzie do opozycji, do ka\u017cdego, kto nie jest z nim. Ten cz\u0142owiek nie ma \u017cadnych w\u0105tpliwo\u015bci ani hamulc\u00f3w. Wie, jak rozdawa\u0107 polskie pieni\u0105dze, i bez \u017cenady t\u0119 wiedz\u0119 realizuje. Buta, z jak\u0105 PiS prze\u017cera nasz kraj, to dzisiaj chyba najwi\u0119ksze zaskoczenie. Reszt\u0119: nowomow\u0119, eksplozj\u0119 nienawi\u015bci i koryto+, niestety ju\u017c znamy.<\/p>\n\n\n\n<hr class=\"wp-block-separator has-alpha-channel-opacity\"\/>\n\n\n\n<p><em>Felieton jest wyrazem opinii autorki. Nie prezentuje stanowiska ZR Ma\u0142opolskie.<\/em><\/p>\n","protected":false},"excerpt":{"rendered":"<p>Tak zwany minister edukacji wyznaje zasad\u0119, \u017ce Polacy nie g\u0119si i sw\u00f3j j\u0119zyk maj\u0105, a skoro jest to nasz j\u0119zyk, narodowy, to nie trzeba si\u0119 go uczy\u0107 \u2013 tak jak i pozosta\u0142ych przedmiot\u00f3w. W zasadzie, po co nam szko\u0142y i uniwersytety, gdy mamy fundacje prorz\u0105dowe, prawe i sprawiedliwe? Je\u015bli tylko si\u0119 je odpowiednio obdaruje i dofinansuje, to one ju\u017c nas naucz\u0105. W dzisiejszym felietonie s\u0142\u00f3w kilka o wielko\u015bci dotacji i o naszym kraju, w kt\u00f3rym nauka znajduje si\u0119 gdzie\u015b\u2026 gdzie minister edukacji nie si\u0119ga. <\/p>\n","protected":false},"author":34,"featured_media":19411,"comment_status":"closed","ping_status":"open","sticky":false,"template":"","format":"standard","meta":{"_EventAllDay":false,"_EventTimezone":"","_EventStartDate":"","_EventEndDate":"","_EventStartDateUTC":"","_EventEndDateUTC":"","_EventShowMap":false,"_EventShowMapLink":false,"_EventURL":"","_EventCost":"","_EventCostDescription":"","_EventCurrencySymbol":"","_EventCurrencyCode":"","_EventCurrencyPosition":"","_EventDateTimeSeparator":"","_EventTimeRangeSeparator":"","_EventOrganizerID":[],"_EventVenueID":[],"_OrganizerEmail":"","_OrganizerPhone":"","_OrganizerWebsite":"","_VenueAddress":"","_VenueCity":"","_VenueCountry":"","_VenueProvince":"","_VenueState":"","_VenueZip":"","_VenuePhone":"","_VenueURL":"","_VenueStateProvince":"","_VenueLat":"","_VenueLng":"","_VenueShowMap":false,"_VenueShowMapLink":false,"footnotes":""},"categories":[596],"tags":[],"class_list":["post-35082","post","type-post","status-publish","format-standard","has-post-thumbnail","hentry","category-felietony","felietony"],"_links":{"self":[{"href":"https:\/\/kodmalopolska.pl\/index.php?rest_route=\/wp\/v2\/posts\/35082","targetHints":{"allow":["GET"]}}],"collection":[{"href":"https:\/\/kodmalopolska.pl\/index.php?rest_route=\/wp\/v2\/posts"}],"about":[{"href":"https:\/\/kodmalopolska.pl\/index.php?rest_route=\/wp\/v2\/types\/post"}],"author":[{"embeddable":true,"href":"https:\/\/kodmalopolska.pl\/index.php?rest_route=\/wp\/v2\/users\/34"}],"replies":[{"embeddable":true,"href":"https:\/\/kodmalopolska.pl\/index.php?rest_route=%2Fwp%2Fv2%2Fcomments&post=35082"}],"version-history":[{"count":0,"href":"https:\/\/kodmalopolska.pl\/index.php?rest_route=\/wp\/v2\/posts\/35082\/revisions"}],"wp:featuredmedia":[{"embeddable":true,"href":"https:\/\/kodmalopolska.pl\/index.php?rest_route=\/wp\/v2\/media\/19411"}],"wp:attachment":[{"href":"https:\/\/kodmalopolska.pl\/index.php?rest_route=%2Fwp%2Fv2%2Fmedia&parent=35082"}],"wp:term":[{"taxonomy":"category","embeddable":true,"href":"https:\/\/kodmalopolska.pl\/index.php?rest_route=%2Fwp%2Fv2%2Fcategories&post=35082"},{"taxonomy":"post_tag","embeddable":true,"href":"https:\/\/kodmalopolska.pl\/index.php?rest_route=%2Fwp%2Fv2%2Ftags&post=35082"}],"curies":[{"name":"wp","href":"https:\/\/api.w.org\/{rel}","templated":true}]}}