{"id":34771,"date":"2023-01-15T17:09:37","date_gmt":"2023-01-15T16:09:37","guid":{"rendered":"https:\/\/kodmalopolska.pl\/?p=34771"},"modified":"2023-01-15T17:09:40","modified_gmt":"2023-01-15T16:09:40","slug":"uczelniany-rozkwit-felieton-joanny-handerek-103","status":"publish","type":"post","link":"https:\/\/kodmalopolska.pl\/?p=34771","title":{"rendered":"Uczelniany rozkwit.\u00a0Felieton Joanny Ha\u0144derek (103)"},"content":{"rendered":"\n<h4 class=\"wp-block-heading\">Nauka polska rozwija si\u0119 wspaniale. Pod pi\u0119\u015bci\u0105 i krzy\u017cem Czarnka, ministra s\u0142u\u017cby ko\u015bcielnej, p\u0142onie pi\u0119knym stosem palonej niezale\u017cno\u015bci i wolno\u015bci my\u015bli. Rz\u0105d te\u017c nie \u017ca\u0142uje pieni\u0119dzy. Premier Morawiecki ostatnio okaza\u0142 si\u0119 nader \u0142askawy. Skoro si\u0119 na uczelni\u0119 wstawi\u0142o swego ch\u0142opa, to mo\u017cna mu rzuci\u0107 troch\u0119 kasy. Ju\u017c on b\u0119dzie wiedzia\u0142, jak si\u0119 odwzajemni\u0107.<\/h4>\n\n\n\n<p>Premier Morawiecki by\u0142 \u0142askaw wspom\u00f3c Uniwersytet Wroc\u0142awski. Jako\u015b tak si\u0119 dziwnie porobi\u0142o w naszym kraju, \u017ce ilekro\u0107 kt\u00f3ry\u015b z polityk\u00f3w spogl\u0105da w stron\u0119 uniwersytet\u00f3w, sytuacja od razu staje si\u0119 nieciekawa. PiS wprawdzie to modelowa partia Misiewicz\u00f3w, brak kompetencji ma wypisany na sztandarach, ale wie jedno, i to wie do\u015b\u0107 dobrze: kto ma nauk\u0119, ten ma w\u0142adz\u0119.<\/p>\n\n\n\n<p>Zacz\u0119\u0142o si\u0119 od konstytucji dla nauki Gowina. Reforma zapowiada\u0142a si\u0119 szumnie, a doprowadzi\u0142a \u017cycie naukowe do rozpadu. Teraz ka\u017cdy, kto chce si\u0119 rozwija\u0107 naukowo, musi ciu\u0142a\u0107 punkty za publikacje, pilnowa\u0107 wska\u017anik\u00f3w i ugania\u0107 si\u0119 za grantami, bo bez nich w zasadzie nic si\u0119 nie liczy: ani programy badawcze, ani ksi\u0105\u017cki, ani osi\u0105gni\u0119cia dydaktyczne. Absurd grantozy i punktozy sprawia, \u017ce dawna misja uniwersytet\u00f3w znika. Kiedy\u015b nauka mia\u0142a s\u0142u\u017cy\u0107 ludziom. W wersji Gowina ma \u2013 jak w grze komputerowej \u2013 s\u0142u\u017cy\u0107 do pozyskiwania kolejnych poziom\u00f3w punktowanych stanowisk. Nauki o kulturze czy og\u00f3\u0142em humanistyka nie s\u0105 zreszt\u0105 cenione w \u015bwiecie polityki. Nic dziwnego, wszak spo\u0142ecze\u0144stwo, kt\u00f3re zna mechanizmy kulturowe, mo\u017ce dla tyranii sta\u0107 si\u0119 niebezpieczne, a je\u015bli rozumie polityk\u0119 i jej niuanse, wr\u0119cz zab\u00f3jcze.<\/p>\n\n\n\n<p>Czasy ministra ko\u015bcielnej s\u0142u\u017cby Czarnka dobi\u0142y idee akademickie, topi\u0105c wszystko w religijnej kadzi. Wed\u0142ug tego pana (bo czemu mieliby\u015bmy nazywa\u0107 ministrem kogo\u015b, kto nie rozumie nauki i j\u0105 niszczy?) nauka wydarza si\u0119 w ko\u015bciele, a dok\u0142adniej, uprawiana jest na ambonie, najlepiej przez takich fanatyk\u00f3w jak J\u0119draszewski czy Rydzyk. Od szko\u0142y podstawowej po uczelnie Czarnek wsz\u0119dzie wiesza\u0142by krzy\u017ce i niepokornych nauczyciel\/ki.<\/p>\n\n\n\n<p>W tej scenerii zniszczenia Morawiecki, wielbiciel spektakli, wje\u017cd\u017ca na zgliszcza jako m\u0105\u017c opatrzno\u015bciowy. Oto Uniwersytet Wroc\u0142awski dosta\u0142 dotacj\u0119, 80 milion\u00f3w, na budow\u0119 Centrum Bada\u0144 Fizycznych i Chemicznych im. Kornela Morawieckiego. A kim jest pan Kornel Morawiecki? Wybitnym profesorem tej uczelni? Zas\u0142u\u017conym dla polskiej nauki i dla Wroc\u0142awia fizykiem? Naukowcem? Noblist\u0105? Czy\u017cby Uniwersytet Wroc\u0142awski nie mia\u0142 swoich wielkich postaci? Ach, c\u00f3\u017c tam Max Born czy Otto Stern, zaledwie dostali Nobla, ich zwi\u0105zek z wroc\u0142awsk\u0105 uczelni\u0105 zupe\u0142nie si\u0119 nie liczy. Kornel Morawiecki to dopiero mia\u0142 dorobek, by\u0142 wszak tatusiem! A tatusia trzeba kocha\u0107 i czci\u0107, a najlepiej uczci\u0107. Rozumie to obecny rektor Robert Olkiewicz, jest przecie\u017c z nadania jak za starych, dobrych czas\u00f3w i wie, \u017ce powinien si\u0119 teraz odwdzi\u0119czy\u0107. Wiadomo, sw\u00f3j swego i jest awans, pieni\u0105dze i nawet rozw\u00f3j nauki. No bo jak si\u0119 dobrze ustawi list\u0119 publikacji, to si\u0119 oka\u017ce, \u017ce nie tylko tatu\u015b premiera, ale i sam premier ma dorobek naukowy.<\/p>\n\n\n\n<p>Nauka polska kwitnie. Rozkwita. Granty, dotacje, promocje, publikacje. Pojawiaj\u0105 si\u0119 te\u017c nowi wielcy badacze powo\u0142ani do istnienia cudownym zrz\u0105dzeniem losu i pokrewie\u0144stwa. Taki to nasz nepotyzm codzienny. Ale c\u00f3\u017c, PiS ma nie tylko zdolne dzieci. Rodzic\u00f3w te\u017c.<\/p>\n\n\n\n<hr class=\"wp-block-separator has-alpha-channel-opacity\"\/>\n\n\n\n<p><em>Felieton jest wyrazem opinii autorki. Nie prezentuje stanowiska ZR Ma\u0142opolskie.<\/em><\/p>\n","protected":false},"excerpt":{"rendered":"<p>Nauka polska rozwija si\u0119 wspaniale. Pod pi\u0119\u015bci\u0105 i krzy\u017cem Czarnka, ministra s\u0142u\u017cby ko\u015bcielnej, p\u0142onie pi\u0119knym stosem palonej niezale\u017cno\u015bci i wolno\u015bci my\u015bli. Rz\u0105d te\u017c nie \u017ca\u0142uje pieni\u0119dzy. Premier Morawiecki ostatnio okaza\u0142 si\u0119 nader \u0142askawy. Skoro si\u0119 na uczelni\u0119 wstawi\u0142o swego ch\u0142opa, to mo\u017cna mu rzuci\u0107 troch\u0119 kasy. Ju\u017c on b\u0119dzie wiedzia\u0142, jak si\u0119 odwzajemni\u0107.<\/p>\n","protected":false},"author":34,"featured_media":19411,"comment_status":"closed","ping_status":"open","sticky":false,"template":"","format":"standard","meta":{"_EventAllDay":false,"_EventTimezone":"","_EventStartDate":"","_EventEndDate":"","_EventStartDateUTC":"","_EventEndDateUTC":"","_EventShowMap":false,"_EventShowMapLink":false,"_EventURL":"","_EventCost":"","_EventCostDescription":"","_EventCurrencySymbol":"","_EventCurrencyCode":"","_EventCurrencyPosition":"","_EventDateTimeSeparator":"","_EventTimeRangeSeparator":"","_EventOrganizerID":[],"_EventVenueID":[],"_OrganizerEmail":"","_OrganizerPhone":"","_OrganizerWebsite":"","_VenueAddress":"","_VenueCity":"","_VenueCountry":"","_VenueProvince":"","_VenueState":"","_VenueZip":"","_VenuePhone":"","_VenueURL":"","_VenueStateProvince":"","_VenueLat":"","_VenueLng":"","_VenueShowMap":false,"_VenueShowMapLink":false,"footnotes":""},"categories":[596],"tags":[],"class_list":["post-34771","post","type-post","status-publish","format-standard","has-post-thumbnail","hentry","category-felietony","felietony"],"_links":{"self":[{"href":"https:\/\/kodmalopolska.pl\/index.php?rest_route=\/wp\/v2\/posts\/34771","targetHints":{"allow":["GET"]}}],"collection":[{"href":"https:\/\/kodmalopolska.pl\/index.php?rest_route=\/wp\/v2\/posts"}],"about":[{"href":"https:\/\/kodmalopolska.pl\/index.php?rest_route=\/wp\/v2\/types\/post"}],"author":[{"embeddable":true,"href":"https:\/\/kodmalopolska.pl\/index.php?rest_route=\/wp\/v2\/users\/34"}],"replies":[{"embeddable":true,"href":"https:\/\/kodmalopolska.pl\/index.php?rest_route=%2Fwp%2Fv2%2Fcomments&post=34771"}],"version-history":[{"count":0,"href":"https:\/\/kodmalopolska.pl\/index.php?rest_route=\/wp\/v2\/posts\/34771\/revisions"}],"wp:featuredmedia":[{"embeddable":true,"href":"https:\/\/kodmalopolska.pl\/index.php?rest_route=\/wp\/v2\/media\/19411"}],"wp:attachment":[{"href":"https:\/\/kodmalopolska.pl\/index.php?rest_route=%2Fwp%2Fv2%2Fmedia&parent=34771"}],"wp:term":[{"taxonomy":"category","embeddable":true,"href":"https:\/\/kodmalopolska.pl\/index.php?rest_route=%2Fwp%2Fv2%2Fcategories&post=34771"},{"taxonomy":"post_tag","embeddable":true,"href":"https:\/\/kodmalopolska.pl\/index.php?rest_route=%2Fwp%2Fv2%2Ftags&post=34771"}],"curies":[{"name":"wp","href":"https:\/\/api.w.org\/{rel}","templated":true}]}}