{"id":34716,"date":"2023-01-15T15:11:16","date_gmt":"2023-01-15T14:11:16","guid":{"rendered":"https:\/\/kodmalopolska.pl\/?p=34716"},"modified":"2023-01-15T23:28:37","modified_gmt":"2023-01-15T22:28:37","slug":"jakze-smutne-pozegnanie-felieton-fryderyka-zolla-442","status":"publish","type":"post","link":"https:\/\/kodmalopolska.pl\/?p=34716","title":{"rendered":"Jak\u017ce smutne po\u017cegnanie. Felieton Fryderyka Zolla (442)"},"content":{"rendered":"\n<h4 class=\"wp-block-heading\">Wczoraj zaskoczy\u0142a nas wiadomo\u015b\u0107 o ci\u0119\u017ckiej chorobie Beaty Kwiatkowskiej. Dzi\u015b nadesz\u0142a tragiczna informacja o Jej \u015bmierci.<\/h4>\n\n\n\n<p>W ma\u0142opolskim KOD Beata znalaz\u0142a si\u0119 w pierwszym wybranym zarz\u0105dzie regionu, pe\u0142ni\u0105c bardzo trudne w tamtych czasach obowi\u0105zki skarbnika. Potem, po ust\u0105pieniu Danki Czechmanowskiej, obj\u0119\u0142a zgodnie ze statutem funkcj\u0119 szefowej regionu ma\u0142opolskiego. Dzi\u0119ki Niej KOD Ma\u0142opolskie przetrwa\u0142 nie\u0142atwy czas przej\u015bciowy.<\/p>\n\n\n\n<p>Mia\u0142em honor by\u0107 cz\u0142onkiem zarz\u0105du pod przewodnictwem Beaty. Podziwia\u0142em Jej fachowo\u015b\u0107, odpowiedzialno\u015b\u0107 i prawdziw\u0105 trosk\u0119 o los Polski. Widzieli\u015bmy si\u0119 ostatnio na spotkaniu KOD Ma\u0142opolskie w Hevr\u00e8. By\u0142a pe\u0142na \u017cycia i woli dzia\u0142ania. Niedawno wymieniali\u015bmy si\u0119 \u017cyczeniami. Po prostu nie mie\u015bci si\u0119 w g\u0142owie, \u017ce Beaty ju\u017c mi\u0119dzy nami nie ma. Nie mog\u0119 si\u0119 pogodzi\u0107 z tym, \u017ce nie doczeka\u0142a zmiany w\u0142adzy w Polsce i powrotu do demokracji, o kt\u00f3r\u0105 tak bardzo walczy\u0142a, wykonuj\u0105c mr\u00f3wcz\u0105 prac\u0119. <\/p>\n\n\n\n<p><strong>Bardzo nam b\u0119dzie Ciebie, Beatko, brakowa\u0142o.<\/strong><\/p>\n\n\n\n<hr class=\"wp-block-separator has-alpha-channel-opacity\"\/>\n","protected":false},"excerpt":{"rendered":"<p>Wczoraj zaskoczy\u0142a nas wiadomo\u015b\u0107 o ci\u0119\u017ckiej chorobie Beaty Kwiatkowskiej. Dzi\u015b nadesz\u0142a tragiczna informacja o Jej \u015bmierci. W ma\u0142opolskim KOD Beata [&#8230;]<\/p>\n","protected":false},"author":34,"featured_media":34781,"comment_status":"closed","ping_status":"open","sticky":false,"template":"","format":"standard","meta":{"_EventAllDay":false,"_EventTimezone":"","_EventStartDate":"","_EventEndDate":"","_EventStartDateUTC":"","_EventEndDateUTC":"","_EventShowMap":false,"_EventShowMapLink":false,"_EventURL":"","_EventCost":"","_EventCostDescription":"","_EventCurrencySymbol":"","_EventCurrencyCode":"","_EventCurrencyPosition":"","_EventDateTimeSeparator":"","_EventTimeRangeSeparator":"","_EventOrganizerID":[],"_EventVenueID":[],"_OrganizerEmail":"","_OrganizerPhone":"","_OrganizerWebsite":"","_VenueAddress":"","_VenueCity":"","_VenueCountry":"","_VenueProvince":"","_VenueState":"","_VenueZip":"","_VenuePhone":"","_VenueURL":"","_VenueStateProvince":"","_VenueLat":"","_VenueLng":"","_VenueShowMap":false,"_VenueShowMapLink":false,"footnotes":""},"categories":[596],"tags":[],"class_list":["post-34716","post","type-post","status-publish","format-standard","has-post-thumbnail","hentry","category-felietony","felietony"],"_links":{"self":[{"href":"https:\/\/kodmalopolska.pl\/index.php?rest_route=\/wp\/v2\/posts\/34716","targetHints":{"allow":["GET"]}}],"collection":[{"href":"https:\/\/kodmalopolska.pl\/index.php?rest_route=\/wp\/v2\/posts"}],"about":[{"href":"https:\/\/kodmalopolska.pl\/index.php?rest_route=\/wp\/v2\/types\/post"}],"author":[{"embeddable":true,"href":"https:\/\/kodmalopolska.pl\/index.php?rest_route=\/wp\/v2\/users\/34"}],"replies":[{"embeddable":true,"href":"https:\/\/kodmalopolska.pl\/index.php?rest_route=%2Fwp%2Fv2%2Fcomments&post=34716"}],"version-history":[{"count":0,"href":"https:\/\/kodmalopolska.pl\/index.php?rest_route=\/wp\/v2\/posts\/34716\/revisions"}],"wp:featuredmedia":[{"embeddable":true,"href":"https:\/\/kodmalopolska.pl\/index.php?rest_route=\/wp\/v2\/media\/34781"}],"wp:attachment":[{"href":"https:\/\/kodmalopolska.pl\/index.php?rest_route=%2Fwp%2Fv2%2Fmedia&parent=34716"}],"wp:term":[{"taxonomy":"category","embeddable":true,"href":"https:\/\/kodmalopolska.pl\/index.php?rest_route=%2Fwp%2Fv2%2Fcategories&post=34716"},{"taxonomy":"post_tag","embeddable":true,"href":"https:\/\/kodmalopolska.pl\/index.php?rest_route=%2Fwp%2Fv2%2Ftags&post=34716"}],"curies":[{"name":"wp","href":"https:\/\/api.w.org\/{rel}","templated":true}]}}