{"id":34639,"date":"2023-01-13T21:46:48","date_gmt":"2023-01-13T20:46:48","guid":{"rendered":"https:\/\/kodmalopolska.pl\/?p=34639"},"modified":"2023-01-13T21:48:38","modified_gmt":"2023-01-13T20:48:38","slug":"droga-do-dzikiego-lasu-felieton-joanny-handerek-102","status":"publish","type":"post","link":"https:\/\/kodmalopolska.pl\/?p=34639","title":{"rendered":"Droga do dzikiego lasu.\u00a0Felieton Joanny Ha\u0144derek (102)"},"content":{"rendered":"\n<h4 class=\"wp-block-heading\">Poczucie bezpiecze\u0144stwa to jeden z element\u00f3w miejsca, w kt\u00f3rym dobrze si\u0119 mieszka, ale i samej demokracji. Gdy w\u0142adza staje si\u0119 totalitarna, nikt z nas poczucia bezpiecze\u0144stwa mie\u0107 nie mo\u017ce nawet w elementarnych kwestiach. Procesy rozpadu demokracji s\u0105 w naszym kraju czytelne, zw\u0142aszcza gdy spojrzymy na to, co si\u0119 dzieje z prawem, polityk\u0105 mi\u0119dzynarodow\u0105 czy pozycj\u0105 Polski w UE. Sprawy codzienne s\u0105 jednak jeszcze bardziej zatrwa\u017caj\u0105ce, u\u015bwiadamiaj\u0105 nam bowiem, \u017ce nasze pa\u0144stwo nie tylko przestaje funkcjonowa\u0107 w porz\u0105dku prawnym, ale te\u017c degeneruje si\u0119 na wielu p\u0142aszczyznach.<\/h4>\n\n\n\n<p>Poczucie bezpiecze\u0144stwa to jeden z element\u00f3w miejsca, w kt\u00f3rym dobrze si\u0119 mieszka, ale i samej demokracji. Gdy w\u0142adza staje si\u0119 totalitarna, nikt z nas poczucia bezpiecze\u0144stwa mie\u0107 nie mo\u017ce, i to nawet w takich elementarnych kwestiach jak wezwanie stra\u017cy po\u017carnej \u2013 bo a nu\u017c nadci\u0105gnie za ni\u0105 policja? Procesy rozpadu demokracji s\u0105 w naszym kraju czytelne, zw\u0142aszcza gdy spojrzymy na to, co si\u0119 dzieje z prawem, polityk\u0105 mi\u0119dzynarodow\u0105 czy pozycj\u0105 Polski w UE. Sprawy codzienne s\u0105 jednak jeszcze bardziej zatrwa\u017caj\u0105ce, u\u015bwiadamiaj\u0105 nam bowiem, \u017ce nasze pa\u0144stwo nie tylko przestaje funkcjonowa\u0107 w porz\u0105dku prawnym, ale te\u017c degeneruje si\u0119 na wielu innych p\u0142aszczyznach.<\/p>\n\n\n\n<p>Dwie nastolatki zosta\u0142y wci\u0105gni\u0119te do radiowozu policji, a dok\u0142adniej, policjanci kazali jednej z nich wsi\u0105\u015b\u0107 do radiowozu, a ta poprosi\u0142a kole\u017cank\u0119, by jej towarzyszy\u0142a. Radiow\u00f3z ruszy\u0142 z impetem, tak \u017ce dziewczyny nie mia\u0142y czasu na zapi\u0119cie pas\u00f3w, jecha\u0142 za szybko i w efekcie wpad\u0142 na drzewo. Policjanci nie zainteresowali si\u0119 stanem dziewczyn po kolizji, a kt\u00f3ry\u015b z nich kaza\u0142 im wyp*****la\u0107. Jedn\u0105 z nastolatek czeka operacja nosa po z\u0142amaniu ko\u015bci z przemieszczeniem. Druga, ze spuchni\u0119t\u0105, pot\u0142uczon\u0105 r\u0119k\u0105, zosta\u0142a wezwana na komisariat i b\u0119dzie przes\u0142uchiwana. Policjanci nie wyt\u0142umaczyli dziewczynom, dlaczego kazali im wsi\u0105\u015b\u0107 do radiowozu, nie udzielili im pierwszej pomocy, a co najwa\u017cniejsze, jechali do lasu w przeciwnym kierunku ni\u017c ich komenda.<\/p>\n\n\n\n<p>Oczywi\u015bcie mo\u017cna snu\u0107 przypuszczenia, \u017ce dziewczynki by\u0142y agresywne, mo\u017ce wyzywaj\u0105ce, wulgarne, mo\u017ce mia\u0142y za kuse sp\u00f3dniczki, a mo\u017ce po prostu s\u0105 dziewczynkami, maj\u0105 r\u0119ce, nogi, piersi i pupy. Nastolatki prze\u017cy\u0142y traum\u0119. Jedna z nich powiedzia\u0142a mamie, \u017ce ten wypadek je ocali\u0142. Dziewczyna czuje, \u017ce gdy by\u0142a w wozie policyjnym, uratowa\u0142 j\u0105 wypadek \u2013 czy mo\u017ce by\u0107 co\u015b gorszego? Ta m\u0142oda osoba siedzia\u0142a w samochodzie prowadzonym przez osoby pobieraj\u0105ce pensje w\u0142a\u015bnie za chronienie nas, obywateli i obywatelki, przed niebezpiecze\u0144stwem. W wozie policyjnym \u2013 pierwsza zasada pa\u0144stwa demokratycznego \u2013 ka\u017cdy powinien czu\u0107 si\u0119 bezpiecznie, niezale\u017cnie od tego, kim jest. \u017baden obywatel i \u017cadna obywatelka, nawet je\u017celi \u0142ami\u0105 prawo, nie mog\u0105 by\u0107 \u0142amani przez policj\u0119. To w re\u017cimach, gdzie porz\u0105dki dyktuje skorumpowana policja, przekupione wojsko, obstawiona swoimi prokuratura i totalitarna w\u0142adza, widok s\u0142u\u017cb mundurowych budzi niepok\u00f3j. Gdy policja czuje si\u0119 bezkarna, gdy komendant g\u0142\u00f3wny policji zabawia si\u0119 granatnikami, gdy minister spraw wewn\u0119trznych i administracji to u\u0142askawiony przez prezydenta cz\u0142owiek z zarzutami karnymi w \u017cyciorysie, gdy prezydent pa\u0144stwa \u0142amie konstytucj\u0119, oznacza to jedno: pa\u0144stwo opiera si\u0119 na fatalnych fundamentach.<\/p>\n\n\n\n<p>Koszmar, jaki prze\u017cy\u0142y dwie nastoletnie dziewczyny, to horror nas wszystkich. Nie wolno nam traktowa\u0107 go jako b\u0142\u0119du policji czy wyskoku konkretnych policjant\u00f3w. Jeste\u015bmy \u015bwiadkami i \u015bwiadkiniami rozk\u0142adu naszej rzeczywisto\u015bci, dysfunkcji pa\u0144stwa na elementarnym poziomie. Pa\u0144stwo nie dzia\u0142a, gdy nie jeste\u015bmy w stanie uzyska\u0107 wsparcia w najbardziej podstawowych kwestiach. Z\u0142e praktyki rz\u0105dz\u0105cych, nonszalancja PiS-u wobec prawa i praworz\u0105dno\u015bci, afery, przekr\u0119ty, oczernianie oponent\u00f3w to polska codzienno\u015b\u0107, odk\u0105d Zjednoczona Prawica przej\u0119\u0142a w\u0142adz\u0119. Przekonanie, \u017ce mo\u017cna wszystko, \u017ce nie ma \u017cadnych nieprzekraczalnych granic, bardzo szybko udziela si\u0119 innym. W takich warunkach choroba dysfunkcji i nadu\u017cy\u0107 rozchodzi si\u0119 po ca\u0142ym kraju, koroduj\u0105c najpierw system pa\u0144stwowy.<\/p>\n\n\n\n<p>\u017byjemy w czasach pe\u0142zaj\u0105cej dyktatury, kt\u00f3ra coraz bardziej daje o sobie zna\u0107 w naszej codzienno\u015bci.<\/p>\n\n\n\n<hr class=\"wp-block-separator has-alpha-channel-opacity\"\/>\n\n\n\n<p><em>Felieton jest wyrazem opinii autorki. Nie prezentuje stanowiska ZR Ma\u0142opolskie.<\/em><\/p>\n","protected":false},"excerpt":{"rendered":"<p>Poczucie bezpiecze\u0144stwa to jeden z element\u00f3w miejsca, w kt\u00f3rym dobrze si\u0119 mieszka, ale i samej demokracji. Gdy w\u0142adza staje si\u0119 totalitarna, nikt z nas poczucia bezpiecze\u0144stwa mie\u0107 nie mo\u017ce nawet w elementarnych kwestiach. Procesy rozpadu demokracji s\u0105 w naszym kraju czytelne, zw\u0142aszcza gdy spojrzymy na to, co si\u0119 dzieje z prawem, polityk\u0105 mi\u0119dzynarodow\u0105 czy pozycj\u0105 Polski w UE. Sprawy codzienne s\u0105 jednak jeszcze bardziej zatrwa\u017caj\u0105ce, u\u015bwiadamiaj\u0105 nam bowiem, \u017ce nasze pa\u0144stwo nie tylko przestaje funkcjonowa\u0107 w porz\u0105dku prawnym, ale te\u017c degeneruje si\u0119 na wielu p\u0142aszczyznach.<\/p>\n","protected":false},"author":34,"featured_media":19411,"comment_status":"closed","ping_status":"open","sticky":false,"template":"","format":"standard","meta":{"_EventAllDay":false,"_EventTimezone":"","_EventStartDate":"","_EventEndDate":"","_EventStartDateUTC":"","_EventEndDateUTC":"","_EventShowMap":false,"_EventShowMapLink":false,"_EventURL":"","_EventCost":"","_EventCostDescription":"","_EventCurrencySymbol":"","_EventCurrencyCode":"","_EventCurrencyPosition":"","_EventDateTimeSeparator":"","_EventTimeRangeSeparator":"","_EventOrganizerID":[],"_EventVenueID":[],"_OrganizerEmail":"","_OrganizerPhone":"","_OrganizerWebsite":"","_VenueAddress":"","_VenueCity":"","_VenueCountry":"","_VenueProvince":"","_VenueState":"","_VenueZip":"","_VenuePhone":"","_VenueURL":"","_VenueStateProvince":"","_VenueLat":"","_VenueLng":"","_VenueShowMap":false,"_VenueShowMapLink":false,"footnotes":""},"categories":[596],"tags":[],"class_list":["post-34639","post","type-post","status-publish","format-standard","has-post-thumbnail","hentry","category-felietony","felietony"],"_links":{"self":[{"href":"https:\/\/kodmalopolska.pl\/index.php?rest_route=\/wp\/v2\/posts\/34639","targetHints":{"allow":["GET"]}}],"collection":[{"href":"https:\/\/kodmalopolska.pl\/index.php?rest_route=\/wp\/v2\/posts"}],"about":[{"href":"https:\/\/kodmalopolska.pl\/index.php?rest_route=\/wp\/v2\/types\/post"}],"author":[{"embeddable":true,"href":"https:\/\/kodmalopolska.pl\/index.php?rest_route=\/wp\/v2\/users\/34"}],"replies":[{"embeddable":true,"href":"https:\/\/kodmalopolska.pl\/index.php?rest_route=%2Fwp%2Fv2%2Fcomments&post=34639"}],"version-history":[{"count":0,"href":"https:\/\/kodmalopolska.pl\/index.php?rest_route=\/wp\/v2\/posts\/34639\/revisions"}],"wp:featuredmedia":[{"embeddable":true,"href":"https:\/\/kodmalopolska.pl\/index.php?rest_route=\/wp\/v2\/media\/19411"}],"wp:attachment":[{"href":"https:\/\/kodmalopolska.pl\/index.php?rest_route=%2Fwp%2Fv2%2Fmedia&parent=34639"}],"wp:term":[{"taxonomy":"category","embeddable":true,"href":"https:\/\/kodmalopolska.pl\/index.php?rest_route=%2Fwp%2Fv2%2Fcategories&post=34639"},{"taxonomy":"post_tag","embeddable":true,"href":"https:\/\/kodmalopolska.pl\/index.php?rest_route=%2Fwp%2Fv2%2Ftags&post=34639"}],"curies":[{"name":"wp","href":"https:\/\/api.w.org\/{rel}","templated":true}]}}