{"id":34596,"date":"2023-01-05T18:45:40","date_gmt":"2023-01-05T17:45:40","guid":{"rendered":"https:\/\/kodmalopolska.pl\/?p=34596"},"modified":"2023-01-05T18:45:43","modified_gmt":"2023-01-05T17:45:43","slug":"ciche-zmiany-nie-na-lepsze-felieton-marii-mysonianki-60","status":"publish","type":"post","link":"https:\/\/kodmalopolska.pl\/?p=34596","title":{"rendered":"Ciche zmiany nie na lepsze.\u00a0Felieton Marii Mysonianki (60)"},"content":{"rendered":"\n<h4 class=\"wp-block-heading\">Zmiany nie musz\u0105 by\u0107 na lepsze, to o\u015bwieceniowa wiara, a my mamy XXI wiek.<\/h4>\n\n\n\n<p>Zmiany s\u0105 sta\u0142e \u2013 m\u00f3wi\u0142 w antycznych czasach Heraklit z Efezu. I mia\u0142 racj\u0119. Wszystko si\u0119 zmienia i jedne, czego mo\u017cemy by\u0107 pewni, to to, \u017ce jutro b\u0119dzie inny, nowy dzie\u0144. K\u0142opot w tym, \u017ce zbyt szybkie zmiany nie daj\u0105 nam czasu na adaptacj\u0119. Przed kilkoma miesi\u0105cami znikn\u0119\u0142a ksi\u0119garnia Logos z ulicy Brackiej w Krakowie. Fryderyk Zoll pisze, \u017ce jej los podzieli ksi\u0119garnia-kawiarnia De Revolutionibus.<\/p>\n\n\n\n<p>Zmiany. Ciche, niedostrzegalne przez t\u0142umy turyst\u00f3w w Krakowie. Dostrzegane przez nielicznych, kt\u00f3rzy lubi\u0105 czyta\u0107 papierowe ksi\u0105\u017cki. Tych jednak, jak si\u0119 okazuje, jest za ma\u0142o, by cenione przez nich miejsca by\u0142y rentowne. Smutne to. Tempus fugit. Chcia\u0142oby si\u0119, \u017ceby zmiany by\u0142y na lepsze\u2026 Ale wiara w post\u0119p to wiara o\u015bwieceniowa, a my mamy XXI wiek. Zmiany nie musz\u0105 by\u0107 korzystne i nie s\u0105.<\/p>\n\n\n\n<p>Zmienia si\u0119 wszystko. My si\u0119 zmieniamy. W miejsce ksi\u0119garni zapewne pojawi si\u0119 co\u015b bardziej komercyjnego. Recepcja hostelu? Sklep z ubraniami z drugiego obiegu? Bar z piwem? Albo kolejne puste okno wystawowe, kt\u00f3rych ostatnio coraz wi\u0119cej na starym mie\u015bcie w Krakowie. Puste okna na parterach, puste okna na pi\u0119trach. Zmiany. \u017bycie przeniesie si\u0119 gdzie\u015b, dostosujemy si\u0119 do zmian. Ale jako\u015b tak smutno na duszy.<\/p>\n\n\n\n<hr class=\"wp-block-separator has-alpha-channel-opacity\"\/>\n\n\n\n<p><em>Felieton jest wyrazem opinii autorki. Nie prezentuje stanowiska ZR Ma\u0142opolskie KOD.<\/em><\/p>\n","protected":false},"excerpt":{"rendered":"<p>Zmiany nie musz\u0105 by\u0107 na lepsze, to o\u015bwieceniowa wiara, a my mamy XXI wiek.<\/p>\n","protected":false},"author":34,"featured_media":28514,"comment_status":"closed","ping_status":"open","sticky":false,"template":"","format":"standard","meta":{"_EventAllDay":false,"_EventTimezone":"","_EventStartDate":"","_EventEndDate":"","_EventStartDateUTC":"","_EventEndDateUTC":"","_EventShowMap":false,"_EventShowMapLink":false,"_EventURL":"","_EventCost":"","_EventCostDescription":"","_EventCurrencySymbol":"","_EventCurrencyCode":"","_EventCurrencyPosition":"","_EventDateTimeSeparator":"","_EventTimeRangeSeparator":"","_EventOrganizerID":[],"_EventVenueID":[],"_OrganizerEmail":"","_OrganizerPhone":"","_OrganizerWebsite":"","_VenueAddress":"","_VenueCity":"","_VenueCountry":"","_VenueProvince":"","_VenueState":"","_VenueZip":"","_VenuePhone":"","_VenueURL":"","_VenueStateProvince":"","_VenueLat":"","_VenueLng":"","_VenueShowMap":false,"_VenueShowMapLink":false,"footnotes":""},"categories":[596],"tags":[],"class_list":["post-34596","post","type-post","status-publish","format-standard","has-post-thumbnail","hentry","category-felietony","felietony"],"_links":{"self":[{"href":"https:\/\/kodmalopolska.pl\/index.php?rest_route=\/wp\/v2\/posts\/34596","targetHints":{"allow":["GET"]}}],"collection":[{"href":"https:\/\/kodmalopolska.pl\/index.php?rest_route=\/wp\/v2\/posts"}],"about":[{"href":"https:\/\/kodmalopolska.pl\/index.php?rest_route=\/wp\/v2\/types\/post"}],"author":[{"embeddable":true,"href":"https:\/\/kodmalopolska.pl\/index.php?rest_route=\/wp\/v2\/users\/34"}],"replies":[{"embeddable":true,"href":"https:\/\/kodmalopolska.pl\/index.php?rest_route=%2Fwp%2Fv2%2Fcomments&post=34596"}],"version-history":[{"count":0,"href":"https:\/\/kodmalopolska.pl\/index.php?rest_route=\/wp\/v2\/posts\/34596\/revisions"}],"wp:featuredmedia":[{"embeddable":true,"href":"https:\/\/kodmalopolska.pl\/index.php?rest_route=\/wp\/v2\/media\/28514"}],"wp:attachment":[{"href":"https:\/\/kodmalopolska.pl\/index.php?rest_route=%2Fwp%2Fv2%2Fmedia&parent=34596"}],"wp:term":[{"taxonomy":"category","embeddable":true,"href":"https:\/\/kodmalopolska.pl\/index.php?rest_route=%2Fwp%2Fv2%2Fcategories&post=34596"},{"taxonomy":"post_tag","embeddable":true,"href":"https:\/\/kodmalopolska.pl\/index.php?rest_route=%2Fwp%2Fv2%2Ftags&post=34596"}],"curies":[{"name":"wp","href":"https:\/\/api.w.org\/{rel}","templated":true}]}}