{"id":34499,"date":"2022-12-25T21:25:19","date_gmt":"2022-12-25T20:25:19","guid":{"rendered":"https:\/\/kodmalopolska.pl\/?p=34499"},"modified":"2022-12-25T21:25:23","modified_gmt":"2022-12-25T20:25:23","slug":"zyczenia-swiateczne-felieton-joanny-handerek-101","status":"publish","type":"post","link":"https:\/\/kodmalopolska.pl\/?p=34499","title":{"rendered":"\u017byczenia \u015bwi\u0105teczne.\u00a0Felieton Joanny Ha\u0144derek (101)"},"content":{"rendered":"\n<h4 class=\"wp-block-heading\">W\u015br\u00f3d nocnej ciszy, w grudniowy czas, rozchodzi si\u0119 moc \u017cycze\u0144. Czasami tak mocnych \u017cycze\u0144, \u017ce cz\u0142owiek ma ochot\u0119 obudzi\u0107 si\u0119 z koszmaru. Ale nie, to nie koszmar, to nasza rzeczywisto\u015b\u0107, jak zawsze skrzeczy i to mocno, tym razem nagranymi \u017cyczeniami pe\u0142nymi mi\u0142o\u015bci bli\u017aniego i teorii spiskowej. Uwaga, politycy atakuj\u0105 w sieci, tym razem na \u015bwi\u0105teczn\u0105 mod\u0142\u0119.<\/h4>\n\n\n\n<p>Grudniowe s\u0142odko\u015bci tak jak \u017cyczenia, grzaniec, prezenty, zakupy i porz\u0105dki wylewaj\u0105 si\u0119 zewsz\u0105d. Trzeba doceni\u0107 polityk\u00f3w i polityczki, \u017ce nie tylko w okresie przedwyborczym chc\u0105 nam podarowa\u0107 wszystko to, co najlepsze. Aktywno\u015b\u0107 w sieci, przed \u015bwi\u0119tami i sylwestrem wzrasta jak drgania sejsmografu przed trz\u0119sieniem ziemi. Czasami z tej erupcji wyskakuje do\u015b\u0107 osobliwa lawa, w niekt\u00f3rych przypadkach mo\u017cna si\u0119 zastanawia\u0107 czy to aby nie szambo.<\/p>\n\n\n\n<p>Antoni Macierewicz to polityk fazowy \u2013 raz jest na \u015bwieczniku i mo\u017cna go dostrzec prawie codziennie. A czasami Prezes Narodu chowa swojego pupilka do sejfu. Zw\u0142aszcza przed wyborami Macierewicz z regu\u0142y l\u0105duje w odosobnieniu i PiS udaje, \u017ce si\u0119 u\u015bmiecha. Jedno jest pewne, pojawienia si\u0119 tego cz\u0142owieka zawsze gwarantuje nam ciekawe prze\u017cycia. Niestety przy okazji ubywa nam z bud\u017cetu pa\u0144stwa do\u015b\u0107 spora suma pieni\u0119dzy pewnie nie warta tych wybuch\u00f3w pomys\u0142owo\u015bci i eksploatacji teorii spiskowych.<\/p>\n\n\n\n<p>Przed \u015bwi\u0119tami Macierewicz przem\u00f3wi\u0142, a \u017ce nie by\u0142a to jeszcze wigilia, wi\u0119c jak zawsze m\u00f3wi\u0142 do serca, po swojemu, a nie ludzkim g\u0142osem. I tak w \u017cyczeniach \u015bwi\u0105tecznych mogli\u015bmy us\u0142ysze\u0107 o dobru i z\u0142u, jakie dziel\u0105 Polak\u00f3w i Polki (cho\u0107 w my\u015bli Macierewicza mamy tylko jedn\u0105 p\u0142e\u0107, t\u0105 dla niego s\u0142uszn\u0105, m\u0119sk\u0105). Po stronie z\u0142a mamy \u201eimperializm rosyjski\u201d, \u201ezagro\u017cenie ze strony Niemiec, kt\u00f3re d\u0105\u017c\u0105 do tego, aby obj\u0105\u0107 wszystkie pa\u0144stwa UE swoj\u0105 dominacj\u0105\u201d, \u201eatak ideologii antyludzkiej\u201d, \u201eideologii \u015bmierci\u201d. Po stronie dobra jest \u201epok\u00f3j\u201d, \u201etradycja narodowa\u201d i oczywi\u015bcie wiara, \u201enasza wiara\u201d, \u201enasza walka o niepodleg\u0142o\u015b\u0107\u201d i \u201enasza rodzina\u201d. W ten spos\u00f3b w umy\u015ble Wielkiego \u015aledczego jak\u017ce pi\u0119knie wszystko z wszystkim si\u0119 wymiesza\u0142o. Te \u017cyczenia s\u0105 jak sylwestrowy drink, gdy do szejkera nieco ju\u017c pijany barman wrzuci\u0142 wszystko, \u0142\u0105cznie z p\u0142ynem do mycia naczy\u0144. I tak wychodzi nam, \u017ce chrze\u015bcija\u0144stwo to rodzina i walka narodowa o niepodleg\u0142o\u015b\u0107, kt\u00f3ra musi przeciwstawi\u0107 si\u0119 antyludzkiej \u015bmierci i propagandzie zb\u0142\u0105dzenia niemiecko-rosyjskiego spisku. Wszystko, co z\u0142e, jak pami\u0119tamy, zacz\u0119\u0142o si\u0119 oczywi\u015bcie w Smole\u0144sku, i rozwija si\u0119 po dzi\u015b dzie\u0144. Dlatego do broni, czyli do pasterki i kolacji wigilijnej, a potem do broni i niech si\u0119 nowy rok szcz\u0119\u015bliwie rozwija. Alleluja i do broni.<\/p>\n\n\n\n<p>W tych \u017cyczeniach w zasadzie nic nowego si\u0119 nie dzieje. To, \u017ce Macierewicz ma odlotowy styl widzenia \u015bwiata, wiemy ju\u017c od dawna. Obsesja na punkcie polsko\u015bci i naszo\u015bci to stara choroba PiS, szczucie na innych to te\u017c metoda od dawna stosowana. To, co w tym przekazie jest najwa\u017cniejsze to przede wszystkim nienawi\u015b\u0107. Zalana s\u0142odycz\u0105, w tle z symbolami religijnymi, nienawi\u015b\u0107 do ca\u0142ego \u015bwiata, wszystkich tych, kt\u00f3rzy nie chc\u0105 si\u0119 podporz\u0105dkowa\u0107, kt\u00f3rzy nie my\u015bl\u0105 tak jak \u201emy\u201d, czy pr\u00f3buj\u0105 my\u015ble\u0107 inaczej.<\/p>\n\n\n\n<p>Najwi\u0119ksza patologia naszych czas\u00f3w i najwi\u0119kszy problem polskiej polityki: my\u015blenie pe\u0142ne nienawi\u015bci, dzia\u0142anie zak\u0142adaj\u0105ce, \u017ce tylko poprzez awantur\u0119 i podzia\u0142y mo\u017cemy doj\u015b\u0107 do czegokolwiek. W \u017cyczeniach Macierewicza, jednego z czo\u0142owych polityk\u00f3w PiS (cho\u0107 nie raz skrywanego i stylizowanego na cierpi\u0105cego m\u0119drca) w tym przekazie pojawia si\u0119 ta sta\u0142a nuta: nienawi\u015bci i nietolerancji. \u017byczenia pe\u0142ne jadu to doskona\u0142a ilustracja tego wszystkiego, co od o\u015bmiu lat funduje nam PiS.<\/p>\n\n\n\n<p>Jako ateistka na \u015bwi\u0119ta spogl\u0105dam z boku. W wigili\u0119 i \u015bwi\u0119ta siedz\u0119 sobie z mam\u0105 przy stole, gramy w <em>dixit<\/em>, czytamy, czasami podjadamy wega\u0144skie pierniczki. I gdy tak s\u0142ucham tych wszystkich \u017cycze\u0144, tych wszystkich awantur, kt\u00f3re ca\u0142y czas wylewane s\u0105 nam na g\u0142ow\u0119, to tak niechrze\u015bcija\u0144sko, niereligijnie, \u017cycz\u0119 pa\u0144stwu: wdech nienawi\u015bci \u2013 wydech spokoju. Niech sobie gadaj\u0105, w ko\u0144cu w nowym roku s\u0105 wybory, wi\u0119c czas wystawi\u0107 im rachunek za zniszczon\u0105 Polsk\u0119.<\/p>\n\n\n\n<hr class=\"wp-block-separator has-alpha-channel-opacity\"\/>\n\n\n\n<p><em>Felieton jest wyrazem opinii autorki. Nie prezentuje stanowiska ZR Ma\u0142opolskie.<\/em><\/p>\n","protected":false},"excerpt":{"rendered":"<p>W\u015br\u00f3d nocnej ciszy, w grudniowy czas, rozchodzi si\u0119 moc \u017cycze\u0144. Czasami tak mocnych \u017cycze\u0144, \u017ce cz\u0142owiek ma ochot\u0119 obudzi\u0107 si\u0119 z koszmaru. Ale nie, to nie koszmar, to nasza rzeczywisto\u015b\u0107, jak zawsze skrzeczy i to mocno, tym razem nagranymi \u017cyczeniami pe\u0142nymi mi\u0142o\u015bci bli\u017aniego i teorii spiskowej. Uwaga, politycy atakuj\u0105 w sieci, tym razem na \u015bwi\u0105teczn\u0105 mod\u0142\u0119.<\/p>\n","protected":false},"author":34,"featured_media":19411,"comment_status":"closed","ping_status":"open","sticky":false,"template":"","format":"standard","meta":{"_EventAllDay":false,"_EventTimezone":"","_EventStartDate":"","_EventEndDate":"","_EventStartDateUTC":"","_EventEndDateUTC":"","_EventShowMap":false,"_EventShowMapLink":false,"_EventURL":"","_EventCost":"","_EventCostDescription":"","_EventCurrencySymbol":"","_EventCurrencyCode":"","_EventCurrencyPosition":"","_EventDateTimeSeparator":"","_EventTimeRangeSeparator":"","_EventOrganizerID":[],"_EventVenueID":[],"_OrganizerEmail":"","_OrganizerPhone":"","_OrganizerWebsite":"","_VenueAddress":"","_VenueCity":"","_VenueCountry":"","_VenueProvince":"","_VenueState":"","_VenueZip":"","_VenuePhone":"","_VenueURL":"","_VenueStateProvince":"","_VenueLat":"","_VenueLng":"","_VenueShowMap":false,"_VenueShowMapLink":false,"footnotes":""},"categories":[596],"tags":[],"class_list":["post-34499","post","type-post","status-publish","format-standard","has-post-thumbnail","hentry","category-felietony","felietony"],"_links":{"self":[{"href":"https:\/\/kodmalopolska.pl\/index.php?rest_route=\/wp\/v2\/posts\/34499","targetHints":{"allow":["GET"]}}],"collection":[{"href":"https:\/\/kodmalopolska.pl\/index.php?rest_route=\/wp\/v2\/posts"}],"about":[{"href":"https:\/\/kodmalopolska.pl\/index.php?rest_route=\/wp\/v2\/types\/post"}],"author":[{"embeddable":true,"href":"https:\/\/kodmalopolska.pl\/index.php?rest_route=\/wp\/v2\/users\/34"}],"replies":[{"embeddable":true,"href":"https:\/\/kodmalopolska.pl\/index.php?rest_route=%2Fwp%2Fv2%2Fcomments&post=34499"}],"version-history":[{"count":0,"href":"https:\/\/kodmalopolska.pl\/index.php?rest_route=\/wp\/v2\/posts\/34499\/revisions"}],"wp:featuredmedia":[{"embeddable":true,"href":"https:\/\/kodmalopolska.pl\/index.php?rest_route=\/wp\/v2\/media\/19411"}],"wp:attachment":[{"href":"https:\/\/kodmalopolska.pl\/index.php?rest_route=%2Fwp%2Fv2%2Fmedia&parent=34499"}],"wp:term":[{"taxonomy":"category","embeddable":true,"href":"https:\/\/kodmalopolska.pl\/index.php?rest_route=%2Fwp%2Fv2%2Fcategories&post=34499"},{"taxonomy":"post_tag","embeddable":true,"href":"https:\/\/kodmalopolska.pl\/index.php?rest_route=%2Fwp%2Fv2%2Ftags&post=34499"}],"curies":[{"name":"wp","href":"https:\/\/api.w.org\/{rel}","templated":true}]}}