{"id":34363,"date":"2022-12-11T16:51:57","date_gmt":"2022-12-11T15:51:57","guid":{"rendered":"https:\/\/kodmalopolska.pl\/?p=34363"},"modified":"2022-12-11T16:53:28","modified_gmt":"2022-12-11T15:53:28","slug":"grudniowy-czas-piekny-czas-felieton-joanny-handerek-99","status":"publish","type":"post","link":"https:\/\/kodmalopolska.pl\/?p=34363","title":{"rendered":"Grudniowy czas, pi\u0119kny czas.\u00a0Felieton Joanny Ha\u0144derek (99)"},"content":{"rendered":"\n<h4 class=\"wp-block-heading\">\u201eZniszczymy tych ludzi\u201d \u2013 pi\u0119kna zapowied\u017a zimowych \u015bwi\u0105t i politycznych spotka\u0144. Pierwszy Prezes w akcji, jak\u017ce ciep\u0142ej, kol\u0119dowej, pe\u0142nej rado\u015bci \u017cycia. Grudniowy to czas, czas wspomnie\u0144, kt\u00f3re dopadaj\u0105 cz\u0142owieka wraz ze \u015bniegiem i mrozem. Tylko czo\u0142g\u00f3w na ulicach brak, ale spokojnie, Pierwszy Prezes jest w grudniowym nastroju i mo\u017ce nam jeszcze sprawi\u0107 niejedn\u0105 niespodziank\u0119.<\/h4>\n\n\n\n<p>No i zacz\u0105\u0142 si\u0119 nam grudniowy czas, pi\u0119kny czas. Choinki ju\u017c przystrojone, udekorowane ulice. Jest w tym logika znana ze staro\u017cytno\u015bci: lud chce chleba i igrzysk, wi\u0119c je dostaje. Wiadomo, lampeczki, choineczki \u2013 taka tradycja, taki obowi\u0105zek, a \u017ce instytucje kultury nie maj\u0105 czym p\u0142aci\u0107 za pr\u0105d i od po\u0142owy grudnia nie pracuj\u0105 lub pracuj\u0105 na p\u00f3\u0142 gwizdka, to trudno. Bez choinek nar\u00f3d si\u0119 oburzy, a dzieciaki na zaj\u0119ciach w domu kultury siedzie\u0107 nie musz\u0105, niech pobiegaj\u0105 po galerii handlowej za Miko\u0142ajem i anio\u0142ami sprzedaj\u0105cymi op\u0142atki. Ot, \u015bwi\u0105teczny czas.<\/p>\n\n\n\n<p>W grudniu wszystkim jako\u015b tak milej i cieplej na sercu. Prezes Narodu te\u017c promienieje mi\u0142o\u015bci\u0105 do ludzko\u015bci, zw\u0142aszcza tej, kt\u00f3ra mu klaszcze, w uk\u0142onach i lansadach po miastach go wozi i wpatruje si\u0119 w jego oblicze z nabo\u017cnym szacunkiem. A \u017ce nasz prezes to wieki m\u0105\u017c mi\u0142osierdzia i stanu, w Chojnicach jego wizyt\u0119 zabezpiecza\u0142o jedynie 400 milicjant\u00f3w \u2013 o przepraszam, policjant\u00f3w, stare przyzwyczajenia si\u0119 odzywaj\u0105, wracaj\u0105 wspomnienia. A mo\u017ce w ramach mi\u0142o\u015bci do narodu nasz prezes ukochany raczy wprowadzi\u0107 nam stan wojenny? Obiecywa\u0142, \u017ce \u201e<em>si\u0119 zrobi porz\u0105dek<\/em>\u201d, no to pewnie si\u0119 zrobi. Grudzie\u0144 to miesi\u0105c porz\u0105dkowania polskich spraw, tak\u0105 mamy mi\u0142\u0105 tradycj\u0119, a sama b\u0119d\u0105c dzieckiem dawnych czas\u00f3w, ju\u017c czekam na armatki wodne i gaz \u0142zawi\u0105cy. Rosjanie na innej wojnie zaanga\u017cowani, mo\u017ce wi\u0119c bracia W\u0119grzy nam pomog\u0105? Albo poradzimy sobie sami, bo nasi prawdziwi patrioci ju\u017c wzmocnieni przez pa\u0144stwowe dotacje?<\/p>\n\n\n\n<p>\u201e<em>Zniszczymy tych ludzi<\/em>\u201d, \u201e<em>musimy si\u0119 broni\u0107<\/em>\u201d, \u201e<em>Polska b\u0119dzie silnym pa\u0144stwem<\/em>\u201d. To dobrze znana retoryka. Tak samo pokrzykiwa\u0142 i wci\u0105\u017c pokrzykuje Trump na r\u00f3\u017cnych wiecach. Tak samo napina si\u0119 Orban. Te same s\u0142owa o zagro\u017ceniu z zewn\u0105trz, o konieczno\u015bci obrony narodu i walki o wielko\u015b\u0107 pa\u0144stwa us\u0142yszymy od ka\u017cdego totalitarnego zamordysty. Mowa nienawi\u015bci si\u0119 nie zmienia, odk\u0105d demony nacjonalizmu op\u0119ta\u0142y Europ\u0119, odk\u0105d architekci Trzeciej Rzeszy wyznaczali cele w\u0142adzy i zadania dla narodu. St\u0105d podzia\u0142y, tropienie i wskazywanie z\u0142ych \u2013 tych, kt\u00f3rzy maj\u0105 odej\u015b\u0107, podporz\u0105dkowa\u0107 si\u0119 lub zgni\u0107 w wi\u0119zieniu. \u201eOczyszczanie\u201d, podobnie jak \u201erobienie porz\u0105dku\u201d, to obietnica-marzenie ka\u017cdego upojonego w\u0142asnym ego i totalitaryzmem w\u0142adcy.<\/p>\n\n\n\n<p>Niekt\u00f3rzy filozofowie zak\u0142adali, \u017ce \u015bwiat si\u0119 zmienia, idzie naprz\u00f3d i nic nie mo\u017ce si\u0119 powt\u00f3rzy\u0107. Historia jest pono\u0107 nauczycielk\u0105 \u017cycia \u2013 takie m\u0105dro\u015bci k\u0142adzie dzieciom do g\u0142owy klasyczne wykszta\u0142cenie. Widok Prezesa Narodu sun\u0105cego ze \u015bwit\u0105 przez Polsk\u0119 mo\u017ce jednak nasun\u0105\u0107 w\u0105tpliwo\u015bci. Wspomnienia z dawnych lat wracaj\u0105 wraz z policj\u0105 pacyfikuj\u0105c\u0105 czarne marsze, wraz ze szpalerami s\u0142u\u017cb mundurowych strzeg\u0105cymi prezesa. Grudzie\u0144 to miesi\u0105c szczeg\u00f3lny, tyle \u017ce historia niczego nas nie uczy. Po\u015bpiewamy kol\u0119dy, w telewizji rz\u0105dowej pewnie og\u0142osz\u0105, \u017ce Tusk, opozycja, Niemcy i komuni\u015bci zafundowali nam stan wojenny i teraz knuj\u0105, jak obali\u0107 Pierwszego Prezesa, a potem zacznie si\u0119 kolejny rok. Pytanie, jak tym razem b\u0119d\u0105 nas oczyszcza\u0107.<\/p>\n\n\n\n<p>\u201e<em>Osiem gwiazdek. Te s\u0142owo na \u00abw\u00bb, kt\u00f3re by\u0142o tak s\u0142yszane w pewnym momencie i ci\u0105gle jest s\u0142yszane. Ot\u00f3\u017c to jest w\u0142a\u015bnie tego rodzaju akcja: Polska nie mo\u017ce by\u0107 silnym narodem, nie mo\u017ce mie\u0107 silnego pa\u0144stwa, bo to si\u0119 nie podoba naszym s\u0105siadom. Ot\u00f3\u017c nie. B\u0119dziemy mieli silne pa\u0144stwo! I zniszczymy tych ludzi<\/em>\u201d. Pierwszy Prezes ma urok i p\u0142ynno\u015b\u0107 przemawiania Gomu\u0142ki. Towarzysz Wies\u0142aw, gdy si\u0119 wyrwa\u0142 i m\u00f3wi\u0142 od serca, a nie z kartki, od razu wchodzi\u0142 na poziom dzisiejszych mem\u00f3w. Historia niby si\u0119 nie powtarza, ale je\u015bli ws\u0142ucha\u0107 si\u0119 w s\u0142owa Jaros\u0142awa Kaczy\u0144skiego, robi si\u0119 jako\u015b dziwnie i strasznie. Jakby to ju\u017c by\u0142o, jakby Gomu\u0142k\u0105 brzmia\u0142o, jakby tr\u0105ci\u0142o Barej\u0105. Niby mamy inny czas, pono\u0107 ci\u0105gle panuje u nas demokracja, ale znowu s\u0105 jacy\u015b ONI, jest WR\u00d3G, Z\u0141O, jest walka. Przede wszystkim jest stara, dobra nienawi\u015b\u0107. Pierwszy Prezes tak naprawd\u0119 \u017cyje nienawi\u015bci\u0105 i karmi ni\u0105 swoich wyznawc\u00f3w. To szczera, mocna nienawi\u015b\u0107 do wszystkiego, co inne, obce, zachodnie, niepolskie, nieksenofobiczne, nie-PiS-owskie.<\/p>\n\n\n\n<p>Pi\u0119knie jest. Nie mamy w\u0119gla, kryzys energetyczny w Polsce trwa, inflacja wzbija si\u0119 pod niebo jak dumny polski orze\u0142, a PiS urz\u0105dza nam zimowe zawody. Prezes chce walczy\u0107 i \u201ewzi\u0105\u0107 si\u0119 za to\u201d. Uwa\u017cajmy zatem, drogie \u201eto\u201d. Prezes jest w grudniowym nastroju.<\/p>\n\n\n\n<hr class=\"wp-block-separator has-alpha-channel-opacity\"\/>\n\n\n\n<p><em>Felieton jest wyrazem opinii autorki. Nie prezentuje stanowiska ZR Ma\u0142opolskie.<\/em><\/p>\n","protected":false},"excerpt":{"rendered":"<p>\u201eZniszczymy tych ludzi\u201d \u2013 pi\u0119kna zapowied\u017a zimowych \u015bwi\u0105t i politycznych spotka\u0144. Pierwszy Prezes w akcji, jak\u017ce ciep\u0142ej, kol\u0119dowej, pe\u0142nej rado\u015bci \u017cycia. Grudniowy to czas, czas wspomnie\u0144, kt\u00f3re dopadaj\u0105 cz\u0142owieka wraz ze \u015bniegiem i mrozem. Tylko czo\u0142g\u00f3w na ulicach brak, ale spokojnie, Pierwszy Prezes jest w grudniowym nastroju i mo\u017ce nam jeszcze sprawi\u0107 niejedn\u0105 niespodziank\u0119.<\/p>\n","protected":false},"author":34,"featured_media":19411,"comment_status":"closed","ping_status":"open","sticky":false,"template":"","format":"standard","meta":{"_EventAllDay":false,"_EventTimezone":"","_EventStartDate":"","_EventEndDate":"","_EventStartDateUTC":"","_EventEndDateUTC":"","_EventShowMap":false,"_EventShowMapLink":false,"_EventURL":"","_EventCost":"","_EventCostDescription":"","_EventCurrencySymbol":"","_EventCurrencyCode":"","_EventCurrencyPosition":"","_EventDateTimeSeparator":"","_EventTimeRangeSeparator":"","_EventOrganizerID":[],"_EventVenueID":[],"_OrganizerEmail":"","_OrganizerPhone":"","_OrganizerWebsite":"","_VenueAddress":"","_VenueCity":"","_VenueCountry":"","_VenueProvince":"","_VenueState":"","_VenueZip":"","_VenuePhone":"","_VenueURL":"","_VenueStateProvince":"","_VenueLat":"","_VenueLng":"","_VenueShowMap":false,"_VenueShowMapLink":false,"footnotes":""},"categories":[596],"tags":[],"class_list":["post-34363","post","type-post","status-publish","format-standard","has-post-thumbnail","hentry","category-felietony","felietony"],"_links":{"self":[{"href":"https:\/\/kodmalopolska.pl\/index.php?rest_route=\/wp\/v2\/posts\/34363","targetHints":{"allow":["GET"]}}],"collection":[{"href":"https:\/\/kodmalopolska.pl\/index.php?rest_route=\/wp\/v2\/posts"}],"about":[{"href":"https:\/\/kodmalopolska.pl\/index.php?rest_route=\/wp\/v2\/types\/post"}],"author":[{"embeddable":true,"href":"https:\/\/kodmalopolska.pl\/index.php?rest_route=\/wp\/v2\/users\/34"}],"replies":[{"embeddable":true,"href":"https:\/\/kodmalopolska.pl\/index.php?rest_route=%2Fwp%2Fv2%2Fcomments&post=34363"}],"version-history":[{"count":0,"href":"https:\/\/kodmalopolska.pl\/index.php?rest_route=\/wp\/v2\/posts\/34363\/revisions"}],"wp:featuredmedia":[{"embeddable":true,"href":"https:\/\/kodmalopolska.pl\/index.php?rest_route=\/wp\/v2\/media\/19411"}],"wp:attachment":[{"href":"https:\/\/kodmalopolska.pl\/index.php?rest_route=%2Fwp%2Fv2%2Fmedia&parent=34363"}],"wp:term":[{"taxonomy":"category","embeddable":true,"href":"https:\/\/kodmalopolska.pl\/index.php?rest_route=%2Fwp%2Fv2%2Fcategories&post=34363"},{"taxonomy":"post_tag","embeddable":true,"href":"https:\/\/kodmalopolska.pl\/index.php?rest_route=%2Fwp%2Fv2%2Ftags&post=34363"}],"curies":[{"name":"wp","href":"https:\/\/api.w.org\/{rel}","templated":true}]}}