{"id":34261,"date":"2022-11-29T22:23:29","date_gmt":"2022-11-29T21:23:29","guid":{"rendered":"https:\/\/kodmalopolska.pl\/?p=34261"},"modified":"2022-11-30T15:45:13","modified_gmt":"2022-11-30T14:45:13","slug":"siedem-pokolen-felieton-fryderyka-zolla-433","status":"publish","type":"post","link":"https:\/\/kodmalopolska.pl\/?p=34261","title":{"rendered":"Siedem pokole\u0144. Felieton Fryderyka Zolla (433)"},"content":{"rendered":"\n<h4 class=\"wp-block-heading\">Obsesja Kaczy\u0144skiego na punkcie Niemiec, podejmowane przez tego antypolskiego polityka pr\u00f3by rozbicia NATO i UE oraz zaprzepaszczenia procesu pojednania rozpocz\u0119tego listem polskich biskup\u00f3w z 1965 roku, budz\u0105 coraz wi\u0119ksze obrzydzenie.<\/h4>\n\n\n\n<blockquote class=\"wp-block-quote is-layout-flow wp-block-quote-is-layout-flow\">\n<p class=\"has-small-font-size\"><em>\u017beby to by\u0142o powa\u017cne, powinny to by\u0107 wojska ameryka\u0144skie. Nie \u017cyczy\u0142bym sobie wojsk niemieckich na polskim terytorium. Przynajmniej siedem pokole\u0144 musi min\u0105\u0107, zanim to b\u0119dzie dopuszczalne.<br \/>(J.Kaczy\u0144ski o wojskach NATO w Polsce)<\/em><\/p>\n<\/blockquote>\n\n\n\n<p>Je\u015bli chodzi o samego prezesa, nie ma si\u0119 czemu dziwi\u0107. Jest to cz\u0142owiek zakompleksiony, bez poj\u0119cia o Niemczech, kt\u00f3ry karmi si\u0119 podobn\u0105 ignorancj\u0105 swoich s\u0142uchaczy. Fascynuj\u0105ca jest natomiast postawa tych PiS-owskich doradc\u00f3w, kt\u00f3rzy Niemc\u00f3w znaj\u0105, rozumiej\u0105, jak rozwini\u0119ta jest ich demokracja, i zdaj\u0105 sobie doskonale spraw\u0119, \u017ce UE nie stanowi instrumentu w\u0142adzy Niemiec, ale mechanizm r\u00f3wnowa\u017c\u0105cy asymetri\u0119 mocy w\u015br\u00f3d pa\u0144stw unijnych. Ich milczenie wobec bredni Kaczy\u0144skiego jest po prostu niemoralne.<\/p>\n\n\n\n<p>Obra\u017aliwe wypowiedzi prezesa nie dotycz\u0105 jakich\u015b abstrakcyjnych byt\u00f3w, ale konkretnych ludzi. Dotycz\u0105 mojego przyjaciela Hansa, zawsze gotowego do pomocy polskim i ukrai\u0144skim uczonym, gor\u0105cego zwolennika ich w\u0142\u0105czania do europejskich sieci naukowych. Dotycz\u0105 Christiana, wybitnego Europejczyka, kt\u00f3ry wyobra\u017ca\u0142 sobie Francj\u0119, Niemcy i Polsk\u0119 jako konie poci\u0105gowe UE. Dotycz\u0105 Larsa, kt\u00f3ry tu\u017c po wybuchu wojny kupi\u0142 za kilka tysi\u0119cy euro dron dla Ukrainy, a potem wraz z innymi za\u0142o\u017cy\u0142 stowarzyszenie Krak\u00f3w \u2013 Osnabr\u00fcck \u2013 Tarnopol, nios\u0105ce Ukrai\u0144com pomoc humanitarn\u0105. Dotycz\u0105 Roberta, lekarza organizuj\u0105cego wsparcie medyczne dla Ukrainy. Prezes PiS-u obra\u017ca moich asystent\u00f3w Patryka, Nin\u0119, Konrada, Christin\u0119, a robi to tylko dlatego, \u017ce s\u0105 Niemcami. Nie ma poj\u0119cia o ich \u017cyciu, pogl\u0105dach, otwarto\u015bci na Polsk\u0119.<\/p>\n\n\n\n<p>Cz\u0142owiek, kt\u00f3ry z jakiegokolwiek powodu, tak\u017ce z ch\u0119ci utrzymania w\u0142adzy, poni\u017ca innych, zas\u0142uguje na pogard\u0119. Tak jak w\u0142a\u015bnie Jaros\u0142aw Kaczy\u0144ski.<\/p>\n\n\n\n<hr class=\"wp-block-separator has-alpha-channel-opacity\"\/>\n\n\n\n<p><em>Felieton jest wyrazem opinii autora. Nie prezentuje stanowiska ZR Ma\u0142opolskie.<\/em><\/p>\n","protected":false},"excerpt":{"rendered":"<p>Obsesja Kaczy\u0144skiego na punkcie Niemiec, podejmowane przez tego antypolskiego polityka pr\u00f3by rozbicia NATO i UE oraz zaprzepaszczenia procesu pojednania rozpocz\u0119tego listem polskich biskup\u00f3w z 1965 roku, budz\u0105 coraz wi\u0119ksze obrzydzenie.<\/p>\n","protected":false},"author":34,"featured_media":24583,"comment_status":"closed","ping_status":"open","sticky":false,"template":"","format":"standard","meta":{"_EventAllDay":false,"_EventTimezone":"","_EventStartDate":"","_EventEndDate":"","_EventStartDateUTC":"","_EventEndDateUTC":"","_EventShowMap":false,"_EventShowMapLink":false,"_EventURL":"","_EventCost":"","_EventCostDescription":"","_EventCurrencySymbol":"","_EventCurrencyCode":"","_EventCurrencyPosition":"","_EventDateTimeSeparator":"","_EventTimeRangeSeparator":"","_EventOrganizerID":[],"_EventVenueID":[],"_OrganizerEmail":"","_OrganizerPhone":"","_OrganizerWebsite":"","_VenueAddress":"","_VenueCity":"","_VenueCountry":"","_VenueProvince":"","_VenueState":"","_VenueZip":"","_VenuePhone":"","_VenueURL":"","_VenueStateProvince":"","_VenueLat":"","_VenueLng":"","_VenueShowMap":false,"_VenueShowMapLink":false,"footnotes":""},"categories":[596],"tags":[],"class_list":["post-34261","post","type-post","status-publish","format-standard","has-post-thumbnail","hentry","category-felietony","felietony"],"_links":{"self":[{"href":"https:\/\/kodmalopolska.pl\/index.php?rest_route=\/wp\/v2\/posts\/34261","targetHints":{"allow":["GET"]}}],"collection":[{"href":"https:\/\/kodmalopolska.pl\/index.php?rest_route=\/wp\/v2\/posts"}],"about":[{"href":"https:\/\/kodmalopolska.pl\/index.php?rest_route=\/wp\/v2\/types\/post"}],"author":[{"embeddable":true,"href":"https:\/\/kodmalopolska.pl\/index.php?rest_route=\/wp\/v2\/users\/34"}],"replies":[{"embeddable":true,"href":"https:\/\/kodmalopolska.pl\/index.php?rest_route=%2Fwp%2Fv2%2Fcomments&post=34261"}],"version-history":[{"count":0,"href":"https:\/\/kodmalopolska.pl\/index.php?rest_route=\/wp\/v2\/posts\/34261\/revisions"}],"wp:featuredmedia":[{"embeddable":true,"href":"https:\/\/kodmalopolska.pl\/index.php?rest_route=\/wp\/v2\/media\/24583"}],"wp:attachment":[{"href":"https:\/\/kodmalopolska.pl\/index.php?rest_route=%2Fwp%2Fv2%2Fmedia&parent=34261"}],"wp:term":[{"taxonomy":"category","embeddable":true,"href":"https:\/\/kodmalopolska.pl\/index.php?rest_route=%2Fwp%2Fv2%2Fcategories&post=34261"},{"taxonomy":"post_tag","embeddable":true,"href":"https:\/\/kodmalopolska.pl\/index.php?rest_route=%2Fwp%2Fv2%2Ftags&post=34261"}],"curies":[{"name":"wp","href":"https:\/\/api.w.org\/{rel}","templated":true}]}}