{"id":34250,"date":"2022-11-27T23:47:14","date_gmt":"2022-11-27T22:47:14","guid":{"rendered":"https:\/\/kodmalopolska.pl\/?p=34250"},"modified":"2022-11-27T23:47:16","modified_gmt":"2022-11-27T22:47:16","slug":"walcowana-felieton-joanny-handerek-97","status":"publish","type":"post","link":"https:\/\/kodmalopolska.pl\/?p=34250","title":{"rendered":"Walcowana.\u00a0Felieton Joanny Ha\u0144derek (97)"},"content":{"rendered":"\n<h4 class=\"wp-block-heading\">Dzisiaj w moim felietonie o wielkim patriotycznym ge\u015bcie pozbycia si\u0119 jarzma nieniemieckiego i o tym, jak si\u0119 nasza dzielno\u015b\u0107 ma do w\u0119gla i do stali.<\/h4>\n\n\n\n<p><em>Niecnie pod nami kopie do\u0142ki kapitalizm,<br \/>Znowu perfidna my\u015bl im w g\u0142owach si\u0119 zal\u0119g\u0142a,<br \/>Nie chc\u0105 kupowa\u0107 naszej walcowanej stali,<br \/>Jak na przek\u00f3r zani\u017cyli ceny w\u0119gla<\/em>.<\/p>\n\n\n\n<p class=\"has-text-align-right\">(Andrzej Jarecki &#8222;Nil desperandum&#8221; \u2013 piosenka Jana Kobuszewskiego z Kabaretu Olgi Lipi\u0144skiej)<\/p>\n\n\n\n<p>I co si\u0119 zmieni\u0142o? Nic si\u0119 nie zmieni\u0142o. Wielki w\u00f3dz wie, \u017ce jak by\u0142o w czasach jego m\u0142odo\u015bci, potem m\u0142odo\u015bci drugiej i trzeciej, tak i jest dzisiaj. Oto niecnie pod nami kopie do\u0142ki dziki Zach\u00f3d ze swoj\u0105 koncepcj\u0105 wolno\u015bci i praworz\u0105dno\u015bci, oto Unia Europejska \u017cy\u0107 nam nie daje. Wielki w\u00f3dz obje\u017cd\u017ca Polsk\u0119 i t\u0142umaczy pracowicie, \u017ce nie pozwoli, by dzieci nam germani\u0107 jakimi\u015b Patriotami czy innymi Idiotami, on to wszystko przejrza\u0142, by\u0142 wszak na dworcu w Wiedniu i mu si\u0119 nie spodoba\u0142o. Poza tym Niemiec, nasz wr\u00f3g odwieczny, tylko czyha: najpierw nam sprawi wyrzutnie, a p\u00f3\u017aniej to ju\u017c nie wiadomo co. To znaczy wiadomo, w\u00f3dz wielki, acz ma\u0142y wie to doskonale \u2013 b\u0119dzie nas Zach\u00f3d laicyzowa\u0142, genderowa\u0142 i lewicowa\u0142. My dumny szczep piastowy mamy swoj\u0105 walcowan\u0105 stal, w\u0119giel, \u017car\u00f3wki te normalne, nie jakie\u015b tam wymy\u015blne energooszcz\u0119dne, mamy sw\u00f3j rozum, j\u0119zyk i nie b\u0119dziemy niczyimi wasalami.<\/p>\n\n\n\n<p>I tak wstali\u015bmy z kolan, waln\u0119li\u015bmy g\u0142ow\u0105 o nasz\u0105 wielko\u015b\u0107, pot\u0119g\u0119 militarn\u0105 \u2013 tak, nie b\u00f3jmy si\u0119 powiedzie\u0107 tego otwarcie, bo przecie\u017c nasi u\u0142ani malowane dzieci, nasza husaria, nasza wiktoria pod Wiedniem, a i jeszcze to my pokonali\u015bmy zakon krzy\u017cacki. Niech wi\u0119c si\u0119 ju\u017c Niemcy tak nie niepokoj\u0105, nie martwi\u0105, my naprawd\u0119 nie potrzebujemy \u017cadnych wyrzutni, \u017cadnego systemu antylotnicznego, antybombowego, mamy Macierewicza, par\u00f3wki i sami potrafimy si\u0119 broni\u0107. Do niczego nam ten Zach\u00f3d ca\u0142y, co to wygl\u0105da dziwnie i zachowuje si\u0119 jeszcze dziwniej.<\/p>\n\n\n\n<p>Nie to, co w wizji wielkiego ma\u0142ego wodza: Polska przykurzona, wywalcowana, w\u0119glowa, w kt\u00f3rej nic nie jest ju\u017c nam potrzebne, bo wszystko mamy \u2013 jak za Ko\u0142odzieja Piasta albo przynajmniej jak za czas\u00f3w m\u0142odo\u015bci pana prezesa. Jeszcze tylko dziatwie da\u0107 mundurki z nadrukiem \u201ePiS\u201d i niebieskie krawaciki w barwach partii, za\u0142o\u017cy\u0107 ko\u0142a m\u0142odzie\u017cowe im. Kaczy\u0144skiego, kluby sportowe im. Jaros\u0142awa Wielkiego i si\u0119 wychowa, wyedukuje, tak \u017ceby by\u0142o, jak by\u0142o, albo jeszcze lepiej.<\/p>\n\n\n\n<p>Perfidna my\u015bl im w g\u0142owach si\u0119 zal\u0119g\u0142a i podgl\u0105daj\u0105, na r\u0119ce nam si\u0119 gapi\u0105, nie pozwalaj\u0105 reformy dokona\u0107 wspania\u0142ej. Ale po co nam to ich unijne prawo? Mamy w\u0142asne! A nasze prawo, tak jak nasz w\u0119giel, trwa\u0142e, dobre, proste. Rzetelno\u015bci\u0105 Morawieckiego potwierdzone, m\u0105dro\u015bci\u0105 Suskiego o\u015bwiecone, zdolno\u015bci\u0105 organizacyjn\u0105 Sasina realizowane, sprawiedliwe i prawe jak sam minister sprawiedliwo\u015bci i godno\u015bci. Czego nam trzeba wi\u0119cej? Co nam si\u0119 tu pchaj\u0105, kary naliczaj\u0105? Perfidne s\u0105 te zachodnie ludzie!<\/p>\n\n\n\n<p>I zn\u00f3w mi w g\u0142owie taka perfidna my\u015bl si\u0119 zal\u0119g\u0142a, \u017ce ja to ju\u017c kiedy\u015b ogl\u0105da\u0142am, ju\u017c kiedy\u015b to widzia\u0142am. Takie zabawy dzieciaka w kolejkach, machlojki, kombinacje, w\u0119giel kupowany za mi\u0119so, mi\u0119so kupowane za w\u00f3dk\u0119. Swojsko, prza\u015bnie, poza XXI wiekiem, poza wsp\u00f3\u0142czesno\u015bci\u0105, globalizacj\u0105, poza konkurencj\u0105 \u015bwiata. Spokojnie, cicho, bezpiecznie. Kaczy\u0144ski mebluje nam Polsk\u0119 poza \u015bwiatem, gdzie\u015b w kosmosie w\u0142asnej g\u0142owy, ca\u0142kiem zagubionej w innej galaktyce. Co gorsza, ma sw\u00f3j twardy elektorat i ludzi, kt\u00f3ry wierz\u0105, \u017ce je\u015bli za wodzem b\u0119d\u0105 poszczekiwa\u0107 na Uni\u0119 Europejsk\u0105, to dobrze, \u017ce je\u015bli si\u0119 odwr\u00f3c\u0105 od naszych sojusznik\u00f3w i s\u0105siad\u00f3w, to jeszcze lepiej. Radosny sen Putina. Czarny sen ekologii.<\/p>\n\n\n\n<hr class=\"wp-block-separator has-alpha-channel-opacity\"\/>\n\n\n\n<p><em>Felieton jest wyrazem opinii autorki. Nie prezentuje stanowiska ZR Ma\u0142opolskie.<\/em><\/p>\n","protected":false},"excerpt":{"rendered":"<p>Dzisiaj w moim felietonie o wielkim patriotycznym ge\u015bcie pozbycia si\u0119 jarzma nieniemieckiego i o tym, jak si\u0119 nasza dzielno\u015b\u0107 ma do w\u0119gla i do stali.<\/p>\n","protected":false},"author":34,"featured_media":19411,"comment_status":"closed","ping_status":"open","sticky":false,"template":"","format":"standard","meta":{"_EventAllDay":false,"_EventTimezone":"","_EventStartDate":"","_EventEndDate":"","_EventStartDateUTC":"","_EventEndDateUTC":"","_EventShowMap":false,"_EventShowMapLink":false,"_EventURL":"","_EventCost":"","_EventCostDescription":"","_EventCurrencySymbol":"","_EventCurrencyCode":"","_EventCurrencyPosition":"","_EventDateTimeSeparator":"","_EventTimeRangeSeparator":"","_EventOrganizerID":[],"_EventVenueID":[],"_OrganizerEmail":"","_OrganizerPhone":"","_OrganizerWebsite":"","_VenueAddress":"","_VenueCity":"","_VenueCountry":"","_VenueProvince":"","_VenueState":"","_VenueZip":"","_VenuePhone":"","_VenueURL":"","_VenueStateProvince":"","_VenueLat":"","_VenueLng":"","_VenueShowMap":false,"_VenueShowMapLink":false,"footnotes":""},"categories":[596],"tags":[],"class_list":["post-34250","post","type-post","status-publish","format-standard","has-post-thumbnail","hentry","category-felietony","felietony"],"_links":{"self":[{"href":"https:\/\/kodmalopolska.pl\/index.php?rest_route=\/wp\/v2\/posts\/34250","targetHints":{"allow":["GET"]}}],"collection":[{"href":"https:\/\/kodmalopolska.pl\/index.php?rest_route=\/wp\/v2\/posts"}],"about":[{"href":"https:\/\/kodmalopolska.pl\/index.php?rest_route=\/wp\/v2\/types\/post"}],"author":[{"embeddable":true,"href":"https:\/\/kodmalopolska.pl\/index.php?rest_route=\/wp\/v2\/users\/34"}],"replies":[{"embeddable":true,"href":"https:\/\/kodmalopolska.pl\/index.php?rest_route=%2Fwp%2Fv2%2Fcomments&post=34250"}],"version-history":[{"count":0,"href":"https:\/\/kodmalopolska.pl\/index.php?rest_route=\/wp\/v2\/posts\/34250\/revisions"}],"wp:featuredmedia":[{"embeddable":true,"href":"https:\/\/kodmalopolska.pl\/index.php?rest_route=\/wp\/v2\/media\/19411"}],"wp:attachment":[{"href":"https:\/\/kodmalopolska.pl\/index.php?rest_route=%2Fwp%2Fv2%2Fmedia&parent=34250"}],"wp:term":[{"taxonomy":"category","embeddable":true,"href":"https:\/\/kodmalopolska.pl\/index.php?rest_route=%2Fwp%2Fv2%2Fcategories&post=34250"},{"taxonomy":"post_tag","embeddable":true,"href":"https:\/\/kodmalopolska.pl\/index.php?rest_route=%2Fwp%2Fv2%2Ftags&post=34250"}],"curies":[{"name":"wp","href":"https:\/\/api.w.org\/{rel}","templated":true}]}}