{"id":34206,"date":"2022-11-24T22:13:37","date_gmt":"2022-11-24T21:13:37","guid":{"rendered":"https:\/\/kodmalopolska.pl\/?p=34206"},"modified":"2022-11-24T22:13:39","modified_gmt":"2022-11-24T21:13:39","slug":"lepiej-felieton-fryderyka-zolla-431","status":"publish","type":"post","link":"https:\/\/kodmalopolska.pl\/?p=34206","title":{"rendered":"Lepiej. Felieton Fryderyka Zolla (431)"},"content":{"rendered":"\n<h4 class=\"wp-block-heading\">Wiceminister finans\u00f3w Artur Sobo\u0144 stwierdzi\u0142 w wywiadzie, \u017ce prezes Kaczy\u0144ski, jako ten, kt\u00f3ry procesy spo\u0142eczne postrzega szerzej, zna si\u0119 lepiej na ekonomii ni\u017c minister finans\u00f3w Magdalena Rzeczkowska.<\/h4>\n\n\n\n<p>Nie spos\u00f3b nie uwierzy\u0107 wiceministrowi Soboniowi. A skoro ju\u017c mu uwierzymy, to musimy zacz\u0105\u0107 si\u0119 ba\u0107. Ministra Rzeczkowska zosta\u0142a przecie\u017c w ten spos\u00f3b oceniona przez swojego podw\u0142adnego jako absolutna ignorantka ekonomiczna: oto nawet osoba, kt\u00f3ra nie ma o ekonomii najmniejszego poj\u0119cia, jest podobno bardziej od Rzeczkowskiej kompetentna w tym zakresie. Pani Rzeczkowska ma zatem tylko trzy wyj\u015bcia: wytoczy\u0107 swojemu wiceministrowi spraw\u0119 o pom\u00f3wienie, odej\u015b\u0107 z ministerstwa lub natychmiast wyrzuci\u0107 wiceministra, w przeciwnym bowiem razie potwierdzi wyra\u017con\u0105 przez Sobonia ocen\u0119. Rzeczywisto\u015b\u0107 stanie si\u0119 wtedy bardziej zrozumia\u0142a, znikn\u0105 te\u017c w\u0105tpliwo\u015bci co do sprawc\u00f3w nadchodz\u0105cej katastrofy gospodarczej.<\/p>\n\n\n\n<p>Tak to sobie pod kierownictwem geniusza ekonomii i jego mniej kompetentnych pomocnik\u00f3w d\u0105\u017cymy do gospodarczej tragedii. Strach si\u0119 ba\u0107.<\/p>\n\n\n\n<hr class=\"wp-block-separator has-alpha-channel-opacity\"\/>\n\n\n\n<p><em>Felieton jest wyrazem opinii autora. Nie prezentuje stanowiska ZR Ma\u0142opolskie.<\/em><\/p>\n","protected":false},"excerpt":{"rendered":"<p>Wiceminister finans\u00f3w Artur Sobo\u0144 stwierdzi\u0142 w wywiadzie, \u017ce prezes Kaczy\u0144ski, jako ten, kt\u00f3ry  procesy spo\u0142eczne postrzega szerzej, zna si\u0119 lepiej na ekonomii ni\u017c minister finans\u00f3w Magdalena Rzeczkowska.<\/p>\n","protected":false},"author":34,"featured_media":24583,"comment_status":"closed","ping_status":"open","sticky":false,"template":"","format":"standard","meta":{"_EventAllDay":false,"_EventTimezone":"","_EventStartDate":"","_EventEndDate":"","_EventStartDateUTC":"","_EventEndDateUTC":"","_EventShowMap":false,"_EventShowMapLink":false,"_EventURL":"","_EventCost":"","_EventCostDescription":"","_EventCurrencySymbol":"","_EventCurrencyCode":"","_EventCurrencyPosition":"","_EventDateTimeSeparator":"","_EventTimeRangeSeparator":"","_EventOrganizerID":[],"_EventVenueID":[],"_OrganizerEmail":"","_OrganizerPhone":"","_OrganizerWebsite":"","_VenueAddress":"","_VenueCity":"","_VenueCountry":"","_VenueProvince":"","_VenueState":"","_VenueZip":"","_VenuePhone":"","_VenueURL":"","_VenueStateProvince":"","_VenueLat":"","_VenueLng":"","_VenueShowMap":false,"_VenueShowMapLink":false,"footnotes":""},"categories":[596],"tags":[],"class_list":["post-34206","post","type-post","status-publish","format-standard","has-post-thumbnail","hentry","category-felietony","felietony"],"_links":{"self":[{"href":"https:\/\/kodmalopolska.pl\/index.php?rest_route=\/wp\/v2\/posts\/34206","targetHints":{"allow":["GET"]}}],"collection":[{"href":"https:\/\/kodmalopolska.pl\/index.php?rest_route=\/wp\/v2\/posts"}],"about":[{"href":"https:\/\/kodmalopolska.pl\/index.php?rest_route=\/wp\/v2\/types\/post"}],"author":[{"embeddable":true,"href":"https:\/\/kodmalopolska.pl\/index.php?rest_route=\/wp\/v2\/users\/34"}],"replies":[{"embeddable":true,"href":"https:\/\/kodmalopolska.pl\/index.php?rest_route=%2Fwp%2Fv2%2Fcomments&post=34206"}],"version-history":[{"count":0,"href":"https:\/\/kodmalopolska.pl\/index.php?rest_route=\/wp\/v2\/posts\/34206\/revisions"}],"wp:featuredmedia":[{"embeddable":true,"href":"https:\/\/kodmalopolska.pl\/index.php?rest_route=\/wp\/v2\/media\/24583"}],"wp:attachment":[{"href":"https:\/\/kodmalopolska.pl\/index.php?rest_route=%2Fwp%2Fv2%2Fmedia&parent=34206"}],"wp:term":[{"taxonomy":"category","embeddable":true,"href":"https:\/\/kodmalopolska.pl\/index.php?rest_route=%2Fwp%2Fv2%2Fcategories&post=34206"},{"taxonomy":"post_tag","embeddable":true,"href":"https:\/\/kodmalopolska.pl\/index.php?rest_route=%2Fwp%2Fv2%2Ftags&post=34206"}],"curies":[{"name":"wp","href":"https:\/\/api.w.org\/{rel}","templated":true}]}}