{"id":33988,"date":"2022-11-11T22:44:40","date_gmt":"2022-11-11T21:44:40","guid":{"rendered":"https:\/\/kodmalopolska.pl\/?p=33988"},"modified":"2022-11-11T22:44:44","modified_gmt":"2022-11-11T21:44:44","slug":"pekniety-listopad-felieton-fryderyka-zolla-427","status":"publish","type":"post","link":"https:\/\/kodmalopolska.pl\/?p=33988","title":{"rendered":"P\u0119kni\u0119ty listopad. Felieton Fryderyka Zolla (427)"},"content":{"rendered":"\n<h4 class=\"wp-block-heading\">Od samego rana odbieram od ukrai\u0144skich przyjaci\u00f3\u0142 telefony, wiadomo\u015bci i filmiki z \u017cyczeniami z okazji \u015awi\u0119ta Niepodleg\u0142o\u015bci. S\u0105 wzruszaj\u0105ce, ale te\u017c u\u015bwiadamiaj\u0105, \u017ce my Polacy w ten dzie\u0144 nie sk\u0142adamy sobie \u017cycze\u0144.<\/h4>\n\n\n\n<p>Przez Warszaw\u0119 przeci\u0105gnie dzisiaj rycz\u0105cy t\u0142um, kt\u00f3rego prowodyrzy raczej nie widz\u0105 miejsca Polski na Zachodzie, czyli tam, gdzie gwarantowana jest nasza suwerenno\u015b\u0107. Po Polsce pielgrzymuje prezes, chc\u0105c sk\u0142\u00f3ci\u0107 nas z sojusznikami i przekre\u015bli\u0107 polsk\u0105 przysz\u0142o\u015b\u0107. Wojna na Ukrainie pokazuje, \u017ce niezale\u017cno\u015b\u0107 utrzymamy jedynie w solidarno\u015bci i sojuszu z Zachodem, kt\u00f3rego filarami s\u0105 NATO i Unia Europejska. Kwestionowanie tej prawdy godzi w egzystencjalne interesy Polski. Pr\u00f3by zdobywania g\u0142os\u00f3w przez napuszczanie jednych Polak\u00f3w na drugich i przeciwstawianie jednych Europejczyk\u00f3w drugim niszczy spoisto\u015b\u0107 naszej pa\u0144stwowej wsp\u00f3lnoty. Zdegenerowanie instytucji pa\u0144stwa: s\u0105d\u00f3w, Trybuna\u0142u Konstytucyjnego, Sejmu i s\u0142u\u017cby cywilnej, a tak\u017ce os\u0142abianie samorz\u0105du oznaczaj\u0105 destrukcj\u0119 Polski od wewn\u0105trz. W obecnej sytuacji jest szczeg\u00f3lnie wa\u017cne, aby\u015bmy byli zgodni co do podstawowych warto\u015bci, bez podzia\u0142\u00f3w na coraz bardziej wrogie sobie grupy. Stan pa\u0144stwa jest z\u0142y i zagra\u017ca bezpiecze\u0144stwu Polski.<\/p>\n\n\n\n<p>Chcia\u0142bym, aby\u015bmy nast\u0119pnego 11 listopada \u015bwi\u0119towali wsp\u00f3lnie jako nar\u00f3d pogodzony ze sob\u0105, kt\u00f3ry w\u0142a\u015bnie po\u017cegna\u0142 w wyborach niszczycieli naszej pa\u0144stwowo\u015bci. \u017bycz\u0119 te\u017c jednak wszystkim tym, kt\u00f3rzy b\u0119d\u0105 obejmowali rz\u0105dy, aby unikn\u0119li pokusy rozlicze\u0144 i zemsty, a zaufali powolnym, ale sprawiedliwym mechanizmom pa\u0144stwa prawa. Oby\u015bmy za rok mogli z\u0142o\u017cy\u0107 sobie \u017cyczenia i wsp\u00f3lnie obchodzi\u0107 radosne \u015awi\u0119to Niepodleg\u0142o\u015bci, \u015bwi\u0119to naszej wsp\u00f3lnoty obywatelskiej \u2013 zar\u00f3wno tych, kt\u00f3rzy w Boga wierz\u0105, i tych, kt\u00f3rzy podstawowe og\u00f3lnoludzkie warto\u015bci czerpi\u0105 z innych \u017ar\u00f3de\u0142.<\/p>\n\n\n\n<hr class=\"wp-block-separator has-alpha-channel-opacity\"\/>\n\n\n\n<p><em>Felieton jest wyrazem opinii autora. Nie prezentuje stanowiska ZR Ma\u0142opolskie.<\/em><\/p>\n","protected":false},"excerpt":{"rendered":"<p>Od samego rana odbieram od ukrai\u0144skich przyjaci\u00f3\u0142 telefony, wiadomo\u015bci i filmiki z \u017cyczeniami z okazji \u015awi\u0119ta Niepodleg\u0142o\u015bci. S\u0105 wzruszaj\u0105ce, ale te\u017c u\u015bwiadamiaj\u0105, \u017ce my Polacy w ten dzie\u0144 nie sk\u0142adamy sobie \u017cycze\u0144.<\/p>\n","protected":false},"author":34,"featured_media":24583,"comment_status":"closed","ping_status":"open","sticky":false,"template":"","format":"standard","meta":{"_EventAllDay":false,"_EventTimezone":"","_EventStartDate":"","_EventEndDate":"","_EventStartDateUTC":"","_EventEndDateUTC":"","_EventShowMap":false,"_EventShowMapLink":false,"_EventURL":"","_EventCost":"","_EventCostDescription":"","_EventCurrencySymbol":"","_EventCurrencyCode":"","_EventCurrencyPosition":"","_EventDateTimeSeparator":"","_EventTimeRangeSeparator":"","_EventOrganizerID":[],"_EventVenueID":[],"_OrganizerEmail":"","_OrganizerPhone":"","_OrganizerWebsite":"","_VenueAddress":"","_VenueCity":"","_VenueCountry":"","_VenueProvince":"","_VenueState":"","_VenueZip":"","_VenuePhone":"","_VenueURL":"","_VenueStateProvince":"","_VenueLat":"","_VenueLng":"","_VenueShowMap":false,"_VenueShowMapLink":false,"footnotes":""},"categories":[596],"tags":[],"class_list":["post-33988","post","type-post","status-publish","format-standard","has-post-thumbnail","hentry","category-felietony","felietony"],"_links":{"self":[{"href":"https:\/\/kodmalopolska.pl\/index.php?rest_route=\/wp\/v2\/posts\/33988","targetHints":{"allow":["GET"]}}],"collection":[{"href":"https:\/\/kodmalopolska.pl\/index.php?rest_route=\/wp\/v2\/posts"}],"about":[{"href":"https:\/\/kodmalopolska.pl\/index.php?rest_route=\/wp\/v2\/types\/post"}],"author":[{"embeddable":true,"href":"https:\/\/kodmalopolska.pl\/index.php?rest_route=\/wp\/v2\/users\/34"}],"replies":[{"embeddable":true,"href":"https:\/\/kodmalopolska.pl\/index.php?rest_route=%2Fwp%2Fv2%2Fcomments&post=33988"}],"version-history":[{"count":0,"href":"https:\/\/kodmalopolska.pl\/index.php?rest_route=\/wp\/v2\/posts\/33988\/revisions"}],"wp:featuredmedia":[{"embeddable":true,"href":"https:\/\/kodmalopolska.pl\/index.php?rest_route=\/wp\/v2\/media\/24583"}],"wp:attachment":[{"href":"https:\/\/kodmalopolska.pl\/index.php?rest_route=%2Fwp%2Fv2%2Fmedia&parent=33988"}],"wp:term":[{"taxonomy":"category","embeddable":true,"href":"https:\/\/kodmalopolska.pl\/index.php?rest_route=%2Fwp%2Fv2%2Fcategories&post=33988"},{"taxonomy":"post_tag","embeddable":true,"href":"https:\/\/kodmalopolska.pl\/index.php?rest_route=%2Fwp%2Fv2%2Ftags&post=33988"}],"curies":[{"name":"wp","href":"https:\/\/api.w.org\/{rel}","templated":true}]}}