{"id":33916,"date":"2022-11-09T10:09:20","date_gmt":"2022-11-09T09:09:20","guid":{"rendered":"https:\/\/kodmalopolska.pl\/?p=33916"},"modified":"2022-11-09T10:09:24","modified_gmt":"2022-11-09T09:09:24","slug":"gdzie-szukac-przyczyny-felieton-joanny-handerek-94","status":"publish","type":"post","link":"https:\/\/kodmalopolska.pl\/?p=33916","title":{"rendered":"Gdzie szuka\u0107 przyczyny?\u00a0Felieton Joanny Ha\u0144derek (94)"},"content":{"rendered":"\n<h4 class=\"wp-block-heading\">Nie milkn\u0105 echa kolejnej wypowiedzi Wielkiego Wodza. No c\u00f3\u017c, Wielki W\u00f3dz ju\u017c tak ma \u2013 zna si\u0119 na wszystkim, nawet na kobietach i ich niech\u0119ci do rodzenia dzieci. Opozycja zaj\u0119ta krytykowaniem mowy nienawi\u015bci i upowszechnianiem stereotypowych przekona\u0144 nie widzi w\u0142a\u015bciwej przyczyny: kobiety nie chc\u0105 i nie b\u0119d\u0105 rodzi\u0107 dzieci dlatego, \u017ce dostrzegaj\u0105 brak normalnej opieki medycznej w Polsce oraz globalny kryzys klimatyczny. Mo\u017ce by wi\u0119c opozycja, zamiast analizowa\u0107 z podnieceniem \u017cenuj\u0105ce wypowiedzi Kaczy\u0144skiego, wzi\u0119\u0142a si\u0119 do roboty?<\/h4>\n\n\n\n<p>Ostatnio w mediach zrobi\u0142o si\u0119 gor\u0105co. Wszyscy z\u0142apali si\u0119 za g\u0142owy oburzeni najnowszymi diagnozami Wielkiego Wodza. W internecie wrze: \u201eKaczy\u0144ski nienawidzi kobiet!\u201d. A kiedy je kocha\u0142? Nie rozumiem tej awantury. Tak naprawd\u0119 to nic nowego. Odk\u0105d Wielki W\u00f3dz uwierzy\u0142, \u017ce kraj nale\u017cy do niego i on sam mo\u017ce wszystko, nie kryje si\u0119 ju\u017c ze swoimi pogl\u0105dami. Nie jest to cyniczna gra w walce o g\u0142osy skrajnej prawicy. Nie jest to ma\u0142a wpadka. Ten cz\u0142owiek ju\u017c tak ma: liczy si\u0119 tylko on i jego tron. Ca\u0142a reszta mo\u017ce \u201ezdycha\u0107\u201d. Kraj zad\u0142u\u017cony, kryzys goni kryzys, ale wa\u017cne, \u017ce Kaczy\u0144ski trzyma w\u0142adz\u0119.<\/p>\n\n\n\n<p>Ca\u0142a ta medialna wrzawa jest dla mnie dosy\u0107 smutna. Opozycja w sk\u0105din\u0105d s\u0142usznym oburzeniu ju\u017c liczy g\u0142osy obra\u017conych m\u0142odych kobiet, dolewa wi\u0119c oliwy do ognia. W analizach niegodnego zachowania prezesa czasem uwzgl\u0119dnia si\u0119 te\u017c trudn\u0105 sytuacj\u0119 materialn\u0105 i horror medyczny, jaki czeka w tym kraju ka\u017cd\u0105 kobiet\u0119 zdan\u0105 na pa\u0144stwowe us\u0142ugi. To jednak tylko niekt\u00f3re elementy uk\u0142adanki.<\/p>\n\n\n\n<p>Dlaczego kobiety coraz cz\u0119\u015bciej rezygnuj\u0105 z macierzy\u0144stwa? Jedna strona medalu to rozchwiana sytuacja ekonomiczna, pa\u0144stwo na granicy dyktatury oraz brak opieki medycznej na odpowiednim poziomie, tak by matk\u0119 postrzegano jako cz\u0142owieka, a nie jako inkubator. Druga strona medalu ma charakter globalny. Wiele dziewcz\u0105t wcze\u015bnie podejmuje t\u0119 trudn\u0105 decyzj\u0119, wiele m\u0142odych kobiet odmawia macierzy\u0144stwa, maj\u0105c \u015bwiadomo\u015b\u0107, \u017ce kryzys klimatyczny ju\u017c trwa. Zosta\u0142o nam par\u0119 lat, by powstrzyma\u0107 jego najgorsze skutki. Pustynnienie Europy, kryzys \u017cywno\u015bciowy, brak wody, anomalie pogodowe, po\u017cary, pog\u0142\u0119biaj\u0105ce si\u0119 nier\u00f3wno\u015bci spo\u0142eczne i ekonomiczne, sz\u00f3ste wielkie wymieranie gatunk\u00f3w \u2013 oto prawdziwa przyczyna rezygnacji z macierzy\u0144stwa. Jak mo\u017cna decydowa\u0107 si\u0119 na dziecko, wiedz\u0105c, \u017ce b\u0119dzie ono dorasta\u0107 i \u017cy\u0107 w skrajnie niebezpiecznym \u015bwiecie?<\/p>\n\n\n\n<p>Dop\u00f3ki powa\u017cni politycy i polityczki opozycji analizuj\u0105 wypowiedzi Jaros\u0142awa Kaczy\u0144skiego, nic si\u0119 nie zmieni. To gra r\u00f3wnie cyniczna jak u prezesa PiS-u, tyle \u017ce kierowana do innego elektoratu. Zamiast podnieca\u0107 si\u0119 g\u0142upimi, krzywdz\u0105cymi s\u0142owami, kt\u00f3re po prostu wejd\u0105 do kanonu mem\u00f3w, czas najwy\u017cszy zaj\u0105\u0107 si\u0119 tym, co wa\u017cne. Gdzie jest ustawa o energii odnawialnej? Jakie opozycja ma pomys\u0142y w tej sprawie? Dlaczego nikt nie walczy z szale\u0144stwem opalania w\u0119glem? Wi\u0119cej z\u0142ego zrobi\u0142 Kaczy\u0144ski, m\u00f3wi\u0105c, \u017ce ludzie powinni m\u00f3c pali\u0107 czymkolwiek, ni\u017c \u017carcikami o alkoholizmie. Polska jest krajem sankcjonuj\u0105cym mn\u00f3stwo szkodliwych dla klimatu absurd\u00f3w, od mi\u0142o\u015bci do w\u0119gla zaczynaj\u0105c, a ko\u0144cz\u0105c na wielkopo\u0142aciowych hodowlach zwierz\u0105t. Ci\u0105g\u0142e dotowanie produkcji mi\u0119sa jest takim samym b\u0142\u0119dem jak polityka w\u0119glowa. I nie chodzi tutaj o walk\u0119 z rolnikami, ale o sensowne ich wsparcie, tak by mogli przej\u015b\u0107 do produkcji ro\u015blinnej. Rz\u0105dz\u0105 nami ludzie, kt\u00f3rzy o klimacie nie wiedz\u0105 nic. Opozycja czasami co\u015b powie, ale tak naprawd\u0119 skupiona jest na przej\u0119ciu w\u0142adzy. Zmiana w\u0142adzy musi jednak oznacza\u0107 realn\u0105 zmian\u0119 polityki klimatycznej. Bez tego dzieci, nawet je\u015bli zaczn\u0105 si\u0119 rodzi\u0107, i tak b\u0119d\u0105 umiera\u0107. Ju\u017c dzisiaj w Polsce mamy najbardziej zanieczyszczone miasta, najbardziej wycinane lasy, niszczone ekosystemy.<\/p>\n\n\n\n<p>Sprawa klimatu jest w naszym kraju traktowana niepowa\u017cnie i niedoszacowana. Powtarzane w k\u00f3\u0142ko stereotypy oraz obsesja polskiego w\u0119gla przejawiana od dawna przez PiS to dzia\u0142ania kryminalne. Badania z zesz\u0142ego roku opublikowane w \u201eEnvironmental Research\u201d pokazuj\u0105, \u017ce co pi\u0105ta osoba na \u015bwiecie umiera z powodu zanieczyszczenia powietrza. Oznacza to, \u017ce w naszym kraju, w kt\u00f3rym ci\u0105gle pracuj\u0105 kopciuchy, 45 tysi\u0119cy \u015bmiertelnych przypadk\u00f3w to mocno zani\u017cone statystyki. Gdy do tego dodamy za\u0142amanie terapii i brak lek\u00f3w na leczenie nowotwor\u00f3w (kt\u00f3rych g\u0142\u00f3wn\u0105 przyczyn\u0105 jest z\u0142a dieta i zanieczyszczenie powietrza), to wyjdzie nam kraj toksyczny. Po co wi\u0119c kobiety maj\u0105 rodzi\u0107 dzieci? By chorowa\u0142y? Umiera\u0142y? Kt\u00f3ra kobieta, kt\u00f3ra matka chce tego dla swojego dziecka? Kt\u00f3ra kobieta chce, by przydarzy\u0142o jej si\u0119 to, co pani Izie z Pszczyny?<\/p>\n\n\n\n<p>Czas najwy\u017cszy przesta\u0107 gl\u0119dzi\u0107 o ma\u0142ym przyro\u015bcie naturalnym i realnie spojrze\u0107 w przysz\u0142o\u015b\u0107. Je\u017celi PiS oddelegowa\u0142o Sasina do projektu elektrowni atomowej, to albo jej nie b\u0119dzie, albo ju\u017c jeste\u015bmy martwi. Je\u017celi Sasin jest wizyt\u00f3wk\u0105 nowej polityki energetycznej, to mo\u017ce niech od razu Kaczy\u0144ski zostanie kr\u00f3lem, a ca\u0142a sala tronowa niech zabrzmi gromkim \u015bmiechem. Jest si\u0119 z czego \u015bmia\u0107\u2026<\/p>\n\n\n\n<hr class=\"wp-block-separator has-alpha-channel-opacity\"\/>\n\n\n\n<p><em>Felieton jest wyrazem opinii autorki. Nie prezentuje stanowiska ZR Ma\u0142opolskie.<\/em><\/p>\n","protected":false},"excerpt":{"rendered":"<p>Nie milkn\u0105 echa kolejnej wypowiedzi Wielkiego Wodza. No c\u00f3\u017c, Wielki W\u00f3dz ju\u017c tak ma \u2013 zna si\u0119 na wszystkim, nawet na kobietach i ich niech\u0119ci do rodzenia dzieci. Opozycja zaj\u0119ta krytykowaniem mowy nienawi\u015bci i upowszechnianiem stereotypowych przekona\u0144 nie widzi w\u0142a\u015bciwej przyczyny: kobiety nie chc\u0105 i nie b\u0119d\u0105 rodzi\u0107 dzieci dlatego, \u017ce dostrzegaj\u0105 brak normalnej opieki medycznej w Polsce oraz globalny kryzys klimatyczny. Mo\u017ce by wi\u0119c opozycja, zamiast analizowa\u0107 z podnieceniem \u017cenuj\u0105ce wypowiedzi Kaczy\u0144skiego, wzi\u0119\u0142a si\u0119 do roboty? <\/p>\n","protected":false},"author":34,"featured_media":19411,"comment_status":"closed","ping_status":"open","sticky":false,"template":"","format":"standard","meta":{"_EventAllDay":false,"_EventTimezone":"","_EventStartDate":"","_EventEndDate":"","_EventStartDateUTC":"","_EventEndDateUTC":"","_EventShowMap":false,"_EventShowMapLink":false,"_EventURL":"","_EventCost":"","_EventCostDescription":"","_EventCurrencySymbol":"","_EventCurrencyCode":"","_EventCurrencyPosition":"","_EventDateTimeSeparator":"","_EventTimeRangeSeparator":"","_EventOrganizerID":[],"_EventVenueID":[],"_OrganizerEmail":"","_OrganizerPhone":"","_OrganizerWebsite":"","_VenueAddress":"","_VenueCity":"","_VenueCountry":"","_VenueProvince":"","_VenueState":"","_VenueZip":"","_VenuePhone":"","_VenueURL":"","_VenueStateProvince":"","_VenueLat":"","_VenueLng":"","_VenueShowMap":false,"_VenueShowMapLink":false,"footnotes":""},"categories":[596],"tags":[],"class_list":["post-33916","post","type-post","status-publish","format-standard","has-post-thumbnail","hentry","category-felietony","felietony"],"_links":{"self":[{"href":"https:\/\/kodmalopolska.pl\/index.php?rest_route=\/wp\/v2\/posts\/33916","targetHints":{"allow":["GET"]}}],"collection":[{"href":"https:\/\/kodmalopolska.pl\/index.php?rest_route=\/wp\/v2\/posts"}],"about":[{"href":"https:\/\/kodmalopolska.pl\/index.php?rest_route=\/wp\/v2\/types\/post"}],"author":[{"embeddable":true,"href":"https:\/\/kodmalopolska.pl\/index.php?rest_route=\/wp\/v2\/users\/34"}],"replies":[{"embeddable":true,"href":"https:\/\/kodmalopolska.pl\/index.php?rest_route=%2Fwp%2Fv2%2Fcomments&post=33916"}],"version-history":[{"count":0,"href":"https:\/\/kodmalopolska.pl\/index.php?rest_route=\/wp\/v2\/posts\/33916\/revisions"}],"wp:featuredmedia":[{"embeddable":true,"href":"https:\/\/kodmalopolska.pl\/index.php?rest_route=\/wp\/v2\/media\/19411"}],"wp:attachment":[{"href":"https:\/\/kodmalopolska.pl\/index.php?rest_route=%2Fwp%2Fv2%2Fmedia&parent=33916"}],"wp:term":[{"taxonomy":"category","embeddable":true,"href":"https:\/\/kodmalopolska.pl\/index.php?rest_route=%2Fwp%2Fv2%2Fcategories&post=33916"},{"taxonomy":"post_tag","embeddable":true,"href":"https:\/\/kodmalopolska.pl\/index.php?rest_route=%2Fwp%2Fv2%2Ftags&post=33916"}],"curies":[{"name":"wp","href":"https:\/\/api.w.org\/{rel}","templated":true}]}}