{"id":33824,"date":"2022-10-30T17:04:14","date_gmt":"2022-10-30T16:04:14","guid":{"rendered":"https:\/\/kodmalopolska.pl\/?p=33824"},"modified":"2022-10-30T17:04:20","modified_gmt":"2022-10-30T16:04:20","slug":"stracone-swieto-felieton-joanny-handerek-93","status":"publish","type":"post","link":"https:\/\/kodmalopolska.pl\/?p=33824","title":{"rendered":"Stracone \u015bwi\u0119to.\u00a0Felieton Joanny Ha\u0144derek (93)"},"content":{"rendered":"\n<h4 class=\"wp-block-heading\">Dlaczego w kr\u00f3lewskim mie\u015bcie Krakowie, mie\u015bcie uniwersytet\u00f3w, teatr\u00f3w, ko\u015bcio\u0142\u00f3w, sztuki, dobrych wierszy, smogu i smoka, nie ma cmentarza dla zwierz\u0105t? Zupe\u0142nie jakby\u015bmy nie dbali o naszych przyjaci\u00f3\u0142, jakby\u015bmy tych, kt\u00f3rzy nas kochaj\u0105, wyrzucali na \u015bmietnik. Czas wesprze\u0107 batali\u0119 Ma\u0142gorzaty Jantos, czas zrobi\u0107 porz\u0105dek z tym wykluczeniem. W takie \u015bwi\u0119ta, gdy my\u015bli si\u0119 o bliskich zmar\u0142ych, mamy prawo odwiedza\u0107 groby nie tylko ludzi, ale i zwierz\u0105t. Czas na szacunek.<\/h4>\n\n\n\n<p>Zaduszki to smutne dla mnie \u015bwi\u0119to. Nie mog\u0119 i\u015b\u0107 na groby wszystkich moich bliskich. Nie mog\u0119 spokojnie powspomina\u0107 wielu cz\u0142onk\u00f3w i cz\u0142onki\u0144 rodziny. Nie mam grobu Bobka, Bazylka, Fredzi, nie mog\u0119 posiedzie\u0107 przy grobie Julki i Ma\u0144ki. Z niezrozumia\u0142ych dla mnie powod\u00f3w w Krakowie nie ma dla nich miejsca. W wielu miastach Polski nie chowa si\u0119 na cmentarzu ps\u00f3w, kot\u00f3w, \u015bwinek morskich czy chomik\u00f3w. Wedle prawa nast\u0119puje utylizacja, a istoty, kt\u00f3re tyle wnios\u0142y do naszego \u017cycia, traktowane s\u0105 jak odpady. \u015amietnisko zamiast grobu i nale\u017cnego zmar\u0142ym szacunku.<\/p>\n\n\n\n<p>W Krakowie od lat trwa batalia nawet nie o cmentarz, tylko o grzebowisko, i ci\u0105gle s\u0142ycha\u0107 sprzeciwy. Radna Ma\u0142gorzata Jantos wyszukuje coraz to nowe miejsca i argumenty i stale od swoich kole\u017canek i koleg\u00f3w z rady miasta s\u0142yszy NIE. Obywatele i obywatelki rzekomo nie \u017cycz\u0105 sobie takiej inwestycji. Rzekomo cmentarz dla zwierz\u0105t budzi kontrowersje. Tylko czyj to sprzeciw i czym spowodowany? Dlaczego w XXI wieku nadal nie mamy ucywilizowanego stosunku do naszych najbli\u017cszych?<\/p>\n\n\n\n<p>Relacje mi\u0119dzygatunkowe dzi\u0119ki psom, kotom i innym zwierz\u0119tom mieszkaj\u0105cym z nami w domach uleg\u0142y przepracowaniu. Psy i koty nierzadko staj\u0105 si\u0119 cz\u0142onkami i cz\u0142onkiniami naszych rodzin, daj\u0105c nam mi\u0142o\u015b\u0107, przyja\u017a\u0144, pe\u0142ni\u0105c funkcje terapeutyczne, wspomagaj\u0105c nas i wnosz\u0105c w nasze \u017cycie niesamowite ciep\u0142o. Nikt tak jak one na nas nie czeka, nikt tak nam nie przebacza drobnych potkni\u0119\u0107 czy niesprawiedliwo\u015bci. Jest to mi\u0142o\u015b\u0107 i przyja\u017a\u0144 bezwarunkowa, niepodszyta \u017cadnymi gierkami czy interesami, akceptacja, ch\u0119\u0107 bycia razem niezale\u017cnie od okoliczno\u015bci.<\/p>\n\n\n\n<p>Ostatnie badania pokaza\u0142y, \u017ce koty wol\u0105 towarzystwo swojego cz\u0142owieka ni\u017c zabawk\u0119 czy jedzenie. Przywi\u0105zanie kot\u00f3w do cz\u0142owieka (zmitologizowane z powodu niezrozumienia tych m\u0105drych istot) jest coraz lepiej opisywane, podobnie jak bogata kocia psychika. Gdy uwa\u017cnie rozejrzymy si\u0119 po \u015bwiecie, koty pokazuj\u0105 nam ca\u0142e spektrum bogatych osobowo\u015bci. Nie inaczej jest z psami. Chomiki, \u015bwinki morskie czy szczury mog\u0105 nas zaskoczy\u0107 nie tylko inteligencj\u0105, ale i przywi\u0105zaniem. Niejedna papuga odczuwa rozpacz, gdy jej cz\u0142owiek znika.<\/p>\n\n\n\n<p>Zwierz\u0119ta sta\u0142y si\u0119 cz\u0119\u015bci\u0105 naszego \u017cycia, przemodelowa\u0142y nasz\u0105 codzienno\u015b\u0107 i nie tylko nam towarzysz\u0105, ale r\u00f3wnie\u017c daj\u0105 mi\u0142o\u015b\u0107, chroni\u0105 przed samotno\u015bci\u0105, pocieszaj\u0105 i nie pozwalaj\u0105 nam na smutek. Kto ma to szcz\u0119\u015bcie, \u017ce czeka na niego w domu kot, \u017ce pies wyprowadza go na spacer, wie bardzo dobrze, \u017ce to co\u015b wi\u0119cej ni\u017c przywi\u0105zanie. Relacje mi\u0119dzygatunkowe s\u0105 bardzo bogate, pe\u0142ne mi\u0142o\u015bci i zas\u0142uguj\u0105 na szacunek. R\u00f3wnie\u017c ten po \u015bmierci.<\/p>\n\n\n\n<p>Wstyd, \u017ce w tak du\u017cym mie\u015bcie, w kr\u00f3lewskim mie\u015bcie Krakowie, mie\u015bcie uniwersytet\u00f3w, teatr\u00f3w, ko\u015bcio\u0142\u00f3w, sztuki, dobrych wierszy, smogu i smoka, nie ma cmentarza dla zwierz\u0105t. Niezbyt to dobrze \u015bwiadczy o nas samych, zupe\u0142nie jakby\u015bmy nie dbali o naszych przyjaci\u00f3\u0142, jakby\u015bmy tych, kt\u00f3rzy nas kochaj\u0105, wyrzucali na \u015bmietnik. Czas wreszcie wesprze\u0107 batali\u0119 Ma\u0142gorzaty Jantos, czas zrobi\u0107 porz\u0105dek z tym wykluczeniem. Cmentarz dla zwierz\u0105t to standard. W takie \u015bwi\u0119ta, gdy my\u015bli si\u0119 o bliskich zmar\u0142ych, mamy prawo odwiedza\u0107 groby nie tylko ludzi, ale i zwierz\u0105t. Przecie\u017c one te\u017c budowa\u0142y nasze \u017cycie i da\u0142y nam z siebie bardzo du\u017co. Czas na szacunek.<\/p>\n\n\n\n<hr class=\"wp-block-separator has-alpha-channel-opacity\"\/>\n\n\n\n<p><em>Felieton jest wyrazem opinii autorki. Nie prezentuje stanowiska ZR Ma\u0142opolskie.<\/em><\/p>\n","protected":false},"excerpt":{"rendered":"<p>Dlaczego w kr\u00f3lewskim mie\u015bcie Krakowie, mie\u015bcie uniwersytet\u00f3w, teatr\u00f3w, ko\u015bcio\u0142\u00f3w, sztuki, dobrych wierszy, smogu i smoka, nie ma cmentarza dla zwierz\u0105t? Zupe\u0142nie jakby\u015bmy nie dbali o naszych przyjaci\u00f3\u0142, jakby\u015bmy tych, kt\u00f3rzy nas kochaj\u0105, wyrzucali na \u015bmietnik. Czas wesprze\u0107 batali\u0119 Ma\u0142gorzaty Jantos, czas zrobi\u0107 porz\u0105dek z tym wykluczeniem. W takie \u015bwi\u0119ta, gdy my\u015bli si\u0119 o bliskich zmar\u0142ych, mamy prawo odwiedza\u0107 groby nie tylko ludzi, ale i zwierz\u0105t. Czas na szacunek.<\/p>\n","protected":false},"author":34,"featured_media":19411,"comment_status":"closed","ping_status":"open","sticky":false,"template":"","format":"standard","meta":{"_EventAllDay":false,"_EventTimezone":"","_EventStartDate":"","_EventEndDate":"","_EventStartDateUTC":"","_EventEndDateUTC":"","_EventShowMap":false,"_EventShowMapLink":false,"_EventURL":"","_EventCost":"","_EventCostDescription":"","_EventCurrencySymbol":"","_EventCurrencyCode":"","_EventCurrencyPosition":"","_EventDateTimeSeparator":"","_EventTimeRangeSeparator":"","_EventOrganizerID":[],"_EventVenueID":[],"_OrganizerEmail":"","_OrganizerPhone":"","_OrganizerWebsite":"","_VenueAddress":"","_VenueCity":"","_VenueCountry":"","_VenueProvince":"","_VenueState":"","_VenueZip":"","_VenuePhone":"","_VenueURL":"","_VenueStateProvince":"","_VenueLat":"","_VenueLng":"","_VenueShowMap":false,"_VenueShowMapLink":false,"footnotes":""},"categories":[596],"tags":[],"class_list":["post-33824","post","type-post","status-publish","format-standard","has-post-thumbnail","hentry","category-felietony","felietony"],"_links":{"self":[{"href":"https:\/\/kodmalopolska.pl\/index.php?rest_route=\/wp\/v2\/posts\/33824","targetHints":{"allow":["GET"]}}],"collection":[{"href":"https:\/\/kodmalopolska.pl\/index.php?rest_route=\/wp\/v2\/posts"}],"about":[{"href":"https:\/\/kodmalopolska.pl\/index.php?rest_route=\/wp\/v2\/types\/post"}],"author":[{"embeddable":true,"href":"https:\/\/kodmalopolska.pl\/index.php?rest_route=\/wp\/v2\/users\/34"}],"replies":[{"embeddable":true,"href":"https:\/\/kodmalopolska.pl\/index.php?rest_route=%2Fwp%2Fv2%2Fcomments&post=33824"}],"version-history":[{"count":0,"href":"https:\/\/kodmalopolska.pl\/index.php?rest_route=\/wp\/v2\/posts\/33824\/revisions"}],"wp:featuredmedia":[{"embeddable":true,"href":"https:\/\/kodmalopolska.pl\/index.php?rest_route=\/wp\/v2\/media\/19411"}],"wp:attachment":[{"href":"https:\/\/kodmalopolska.pl\/index.php?rest_route=%2Fwp%2Fv2%2Fmedia&parent=33824"}],"wp:term":[{"taxonomy":"category","embeddable":true,"href":"https:\/\/kodmalopolska.pl\/index.php?rest_route=%2Fwp%2Fv2%2Fcategories&post=33824"},{"taxonomy":"post_tag","embeddable":true,"href":"https:\/\/kodmalopolska.pl\/index.php?rest_route=%2Fwp%2Fv2%2Ftags&post=33824"}],"curies":[{"name":"wp","href":"https:\/\/api.w.org\/{rel}","templated":true}]}}