{"id":33790,"date":"2022-10-21T20:28:43","date_gmt":"2022-10-21T18:28:43","guid":{"rendered":"https:\/\/kodmalopolska.pl\/?p=33790"},"modified":"2022-10-21T20:28:46","modified_gmt":"2022-10-21T18:28:46","slug":"biale-szalenstwo-felieton-adama-jaskowa-100","status":"publish","type":"post","link":"https:\/\/kodmalopolska.pl\/?p=33790","title":{"rendered":"Bia\u0142e szale\u0144stwo.\u00a0Felieton Adama Ja\u015bkowa (100)"},"content":{"rendered":"\n<h4 class=\"wp-block-heading\">Kancelaria premiera modli si\u0119 podobno o ciep\u0142\u0105 i bez\u015bnie\u017cn\u0105 zim\u0119, bo zapasy gazu s\u0105 takie bardziej wirtualne, a w\u0119giel taki podobno bardziej niepalny. Kancelaria prezydenta modli si\u0119 z kolei o mr\u00f3z i za\u015bnie\u017cone \u2013 niewa\u017cne, w jaki spos\u00f3b \u2013 stoki, tak by prezydent szala\u0142 bardziej tam, a nie w kancelarii. M\u00f3wi\u0119 wam: a planety, szalej\u0105, szalej\u0105, a Europejczycy si\u0119 \u015bmiej\u0105, si\u0119 \u015bmiej\u0105. Do czasu.<\/h4>\n\n\n\n<p>Popularne (od kiedy, nie wiem) okre\u015blenie narciarstwa zjazdowego (alpejskiego) zyskuje na adekwatno\u015bci. Im cieplejszy klimat, tym bardziej szalone jest narciarstwo, nawet je\u015bli nie chodzi o zjazd z Czomolungmy.<\/p>\n\n\n\n<p>Szwajcarska Akademia Nauk poinformowa\u0142a, \u017ce rok 2022 by\u0142 rekordowy pod wzgl\u0119dem topnienia lodowc\u00f3w. Tylko w tym jednym roku szwajcarskie lodowce straci\u0142y 6% obj\u0119to\u015bci, a w sumie maj\u0105 zaledwie po\u0142ow\u0119 tego, co sto lat temu. Nie jest to tylko zmartwienie narciarzy, ale i wszystkich Szwajcar\u00f3w, korzystaj\u0105cych z energii elektrycznej wytwarzanej w bardzo licznych lokalnych elektrowniach zasilanych przez wod\u0119 z topniej\u0105cych sezonowo lodowc\u00f3w. W ten spos\u00f3b wytwarzana jest ponad po\u0142owa energii elektrycznej zu\u017cywanej w tym kraju. W Szwajcarii s\u0105 te\u017c elektrownie atomowe, ale przy mo\u017cliwym za\u0142amaniu produkcji w elektrowniach wodnych mo\u017ce to nie wystarczy\u0107.<\/p>\n\n\n\n<p>My mamy inne problemy. To znaczy, mamy narastaj\u0105ce problemy z produkcj\u0105 energii elektrycznej, ale dla niekt\u00f3rych wa\u017cniejszy jest szybki dojazd w g\u00f3ry. Ostatnia inspekcja budowy tunelu w ci\u0105gu nowej \u201ezakopianki\u201d wskazuje na priorytety najwy\u017cszych w\u0142adz. Trzeba poszale\u0107, p\u00f3ki mo\u017cna \u2013 p\u00f3ki jeszcze jest pr\u0105d i troch\u0119 wody, tak \u017ce da si\u0119 wyprodukowa\u0107 \u015bnieg. Przynajmniej w tym roku jeszcze, je\u015bli operatorzy stacji narciarskich zdo\u0142aj\u0105 zap\u0142aci\u0107 za pr\u0105d. Naczelny Polski Narciarz niecierpliwie wygl\u0105da pocz\u0105tku sezonu. Czy przeczuwa, \u017ce mo\u017ce to by\u0107 ju\u017c ten ostatni? Czy te\u017c jak dziecko cieszy si\u0119 na pierwsz\u0105 gwiazdk\u0119, mimo \u017ce wygl\u0105da ona raczej na spadaj\u0105cy na dom meteoryt?<\/p>\n\n\n\n<p>Zadziwia mnie spok\u00f3j wszystkich wielbicieli bia\u0142ego szale\u0144stwa i g\u0142\u0119boka wiara, \u017ce b\u0119dzie \u015bnieg (przynajmniej na stokach) i b\u0119dzie jazda. No, ale czy po wielbicielach szale\u0144stwa mo\u017cna si\u0119 spodziewa\u0107 rozs\u0105dku?<\/p>\n\n\n\n<p>Jest te\u017c wielu takich, kt\u00f3rzy chc\u0105 na wielbicielach zarobi\u0107. Za wszelk\u0105 cen\u0105 i na wszystkie sposoby. Ma\u0142o kto pami\u0119ta o austriackim kurorcie, kt\u00f3ry sta\u0142 si\u0119 siedliskiem COVID. Nie wiadomo dok\u0142adnie, jak si\u0119 nazw\u0119 owego kurortu czyta, ale zabawa sz\u0142a tam na ca\u0142ego. Niech \u017cyje bal w Ischgl! \u2013 za\u015bpiewa\u0142aby pewnie Maryla, gdyby tam wtedy by\u0142a; na swoje szcz\u0119\u015bcie nie dotar\u0142a, o ile w og\u00f3le mia\u0142a takie plany. Mimo \u017ce ju\u017c 1 marca roku pandemicznego 2020 podniesiono alarm po wykryciu pierwszych przypadk\u00f3w, do 10 marca szale\u0144stwo bia\u0142e i inne takie bardziej barowe trwa\u0142o w najlepsze. W kwietniu 2020 pobrano pr\u00f3bki od sta\u0142ych mieszka\u0144c\u00f3w kurortu i okaza\u0142o si\u0119 po badaniu, \u017ce prawie po\u0142owa z nich mia\u0142a kontakt z patogenem. Wy\u017cszy wynik zanotowano tylko w Bergamo we W\u0142oszech, w jednym z epicentr\u00f3w w\u0142oskiej epidemii. Tam z kolei wykryto patogeny u 57% populacji miasta. A co narciarzami? Statystycznie co drugi powinien z Ischgl wyjecha\u0107 z wirusem. Ale mogli te\u017c wyjecha\u0107 z nim wszyscy.<\/p>\n\n\n\n<p>B\u0105d\u017amy jednak dobrej my\u015bli, przecie\u017c nie co roku mamy pandemi\u0119. W Polsce w tym roku ju\u017c jej oficjalnie nie mamy, a trudno si\u0119 spodziewa\u0107, by pojawi\u0142a si\u0119 ponownie w roku wyborczym. Ja przynajmniej szczerze jej to odradzam.<\/p>\n\n\n\n<p>Ale wracajmy na nasze zbocza, je\u015bli jest do czego wraca\u0107. Zakopane chce wprowadzi\u0107 nocn\u0105 prohibicj\u0119, do takiej samej przymierza si\u0119 Krak\u00f3w. O ile w Krakowie mo\u017cna co\u015b robi\u0107 noc\u0105 na trze\u017awo, o tyle w Zakopanem ju\u017c trudniej. Ani widok\u00f3w, ani teatr\u00f3w, ani kin\u00f3w (przepraszam, by\u0142o do rymu[\u00f3w]). Nawet mi\u0142o\u015b\u0107 w Zakopanem (do S\u0142awomira i ze S\u0142awomirem) ju\u017c nie ta sama i nie taka sama. Cho\u0107 szczerze m\u00f3wi\u0105c, dopiero song tego\u017c S\u0142awomira: \u201eTy, ma\u0142a, zn\u00f3w zaros\u0142a\u015b\u201d, wprawi\u0142 mnie w poznawczy stupor. Czyste szale\u0144stwo, m\u00f3wi\u0119 wam.<\/p>\n\n\n\n<p>A wracaj\u0105c do szale\u0144stw. Kancelaria premiera modli si\u0119 podobno o ciep\u0142\u0105 i bez\u015bnie\u017cn\u0105 zim\u0119, bo zapasy gazu s\u0105 takie bardziej wirtualne, a w\u0119giel taki podobno bardziej niepalny. Kancelaria prezydenta modli si\u0119 z kolei o mr\u00f3z i za\u015bnie\u017cone \u2013 niewa\u017cne, w jaki spos\u00f3b \u2013 stoki, tak by prezydent szala\u0142 bardziej tam, a nie w kancelarii. M\u00f3wi\u0119 wam: a planety, szalej\u0105, szalej\u0105, a Europejczycy si\u0119 \u015bmiej\u0105, si\u0119 \u015bmiej\u0105. Do czasu.<\/p>\n\n\n\n<p><em>r\u00f3wnie\u017c na&nbsp;<\/em><a rel=\"noreferrer noopener\" href=\"https:\/\/aristoskr.wordpress.com\/\" target=\"_blank\">aristoskr.wordpress.com<\/a><\/p>\n\n\n\n<hr class=\"wp-block-separator has-alpha-channel-opacity\"\/>\n\n\n\n<p><em>Felieton jest wyrazem opinii autora. Nie prezentuje stanowiska ZR Ma\u0142opolskie<\/em>.<\/p>\n","protected":false},"excerpt":{"rendered":"<p>Kancelaria premiera modli si\u0119 podobno o ciep\u0142\u0105 i bez\u015bnie\u017cn\u0105 zim\u0119, bo zapasy gazu s\u0105 takie bardziej wirtualne, a w\u0119giel taki podobno bardziej niepalny. Kancelaria prezydenta modli si\u0119 z kolei o mr\u00f3z i za\u015bnie\u017cone \u2013 niewa\u017cne, w jaki spos\u00f3b \u2013 stoki, tak by prezydent szala\u0142 bardziej tam, a nie w kancelarii. M\u00f3wi\u0119 wam: a planety, szalej\u0105, szalej\u0105, a Europejczycy si\u0119 \u015bmiej\u0105, si\u0119 \u015bmiej\u0105. Do czasu.<\/p>\n","protected":false},"author":34,"featured_media":20415,"comment_status":"closed","ping_status":"open","sticky":false,"template":"","format":"standard","meta":{"_EventAllDay":false,"_EventTimezone":"","_EventStartDate":"","_EventEndDate":"","_EventStartDateUTC":"","_EventEndDateUTC":"","_EventShowMap":false,"_EventShowMapLink":false,"_EventURL":"","_EventCost":"","_EventCostDescription":"","_EventCurrencySymbol":"","_EventCurrencyCode":"","_EventCurrencyPosition":"","_EventDateTimeSeparator":"","_EventTimeRangeSeparator":"","_EventOrganizerID":[],"_EventVenueID":[],"_OrganizerEmail":"","_OrganizerPhone":"","_OrganizerWebsite":"","_VenueAddress":"","_VenueCity":"","_VenueCountry":"","_VenueProvince":"","_VenueState":"","_VenueZip":"","_VenuePhone":"","_VenueURL":"","_VenueStateProvince":"","_VenueLat":"","_VenueLng":"","_VenueShowMap":false,"_VenueShowMapLink":false,"footnotes":""},"categories":[596],"tags":[],"class_list":["post-33790","post","type-post","status-publish","format-standard","has-post-thumbnail","hentry","category-felietony","felietony"],"_links":{"self":[{"href":"https:\/\/kodmalopolska.pl\/index.php?rest_route=\/wp\/v2\/posts\/33790","targetHints":{"allow":["GET"]}}],"collection":[{"href":"https:\/\/kodmalopolska.pl\/index.php?rest_route=\/wp\/v2\/posts"}],"about":[{"href":"https:\/\/kodmalopolska.pl\/index.php?rest_route=\/wp\/v2\/types\/post"}],"author":[{"embeddable":true,"href":"https:\/\/kodmalopolska.pl\/index.php?rest_route=\/wp\/v2\/users\/34"}],"replies":[{"embeddable":true,"href":"https:\/\/kodmalopolska.pl\/index.php?rest_route=%2Fwp%2Fv2%2Fcomments&post=33790"}],"version-history":[{"count":0,"href":"https:\/\/kodmalopolska.pl\/index.php?rest_route=\/wp\/v2\/posts\/33790\/revisions"}],"wp:featuredmedia":[{"embeddable":true,"href":"https:\/\/kodmalopolska.pl\/index.php?rest_route=\/wp\/v2\/media\/20415"}],"wp:attachment":[{"href":"https:\/\/kodmalopolska.pl\/index.php?rest_route=%2Fwp%2Fv2%2Fmedia&parent=33790"}],"wp:term":[{"taxonomy":"category","embeddable":true,"href":"https:\/\/kodmalopolska.pl\/index.php?rest_route=%2Fwp%2Fv2%2Fcategories&post=33790"},{"taxonomy":"post_tag","embeddable":true,"href":"https:\/\/kodmalopolska.pl\/index.php?rest_route=%2Fwp%2Fv2%2Ftags&post=33790"}],"curies":[{"name":"wp","href":"https:\/\/api.w.org\/{rel}","templated":true}]}}