{"id":33635,"date":"2022-10-06T21:53:35","date_gmt":"2022-10-06T19:53:35","guid":{"rendered":"https:\/\/kodmalopolska.pl\/?p=33635"},"modified":"2022-10-06T21:53:39","modified_gmt":"2022-10-06T19:53:39","slug":"obywatel-andrzej-mleczko-felieton-adama-jaskowa-98","status":"publish","type":"post","link":"https:\/\/kodmalopolska.pl\/?p=33635","title":{"rendered":"Obywatel Andrzej Mleczko.\u00a0Felieton Adama Ja\u015bkowa (98)"},"content":{"rendered":"\n<h4 class=\"wp-block-heading\">\u017bycie, jak zwykle, dopisa\u0142o point\u0119. Miasto Wadowice zleci\u0142o Andrzejowi Mleczce, Obywatelowi Miasta Krakowa, powa\u017cne zadanie upi\u0119kszenia \u201eszlaku papieskiego\u201d Obywatela Wadowic, Karola Wojty\u0142y. Ju\u017c sam pomys\u0142 wydaje si\u0119 nieco zaskakuj\u0105cy, je\u015bli kto\u015b zna pogl\u0105dy jednego Obywatela na pogl\u0105dy drugiego oraz orientacje polityczno-religijne aktualnych w\u0142odarzy papieskiego miasta.<br \/>Co\u015b jakby zad\u017awi\u0119cza\u0142o dysonansem. Odezwa\u0142y si\u0119 te\u017c \u201eno\u017cyce\u201d z krakowskiej kurii biskupiej, sugeruj\u0105ce, \u017ce Obywatel Mleczko nie jest najlepsz\u0105 osob\u0105 do tego zadania, bo niejednokrotnie \u201ewy\u015bmiewa\u0142 chrze\u015bcija\u0144skie warto\u015bci oraz promowa\u0142 antychrze\u015bcija\u0144skie postawy\u201d. W\u0142adze Wadowic zastrzeg\u0142y sobie prawo do ostatecznej akceptacji rysunk\u00f3w Mleczki. A ja nie\u015bmia\u0142o proponuj\u0119 zrobienie wystawy z rysunk\u00f3w przez w\u0142adze odrzuconych \u2013 ze specjalnym zaproszeniem dla krakowskiej kurii i wszystkich biskup\u00f3w.<\/h4>\n\n\n<div class=\"wp-block-image\">\n<figure class=\"alignright size-full is-resized\"><img loading=\"lazy\" decoding=\"async\" src=\"https:\/\/kodmalopolska.pl\/wp-content\/uploads\/2022\/10\/OKLADKA-Zdanie-3-2022.jpg\" alt=\"\" class=\"wp-image-33636\" width=\"450\" height=\"620\" srcset=\"https:\/\/kodmalopolska.pl\/wp-content\/uploads\/2022\/10\/OKLADKA-Zdanie-3-2022.jpg 600w, https:\/\/kodmalopolska.pl\/wp-content\/uploads\/2022\/10\/OKLADKA-Zdanie-3-2022-291x400.jpg 291w, https:\/\/kodmalopolska.pl\/wp-content\/uploads\/2022\/10\/OKLADKA-Zdanie-3-2022-358x493.jpg 358w\" sizes=\"auto, (max-width: 450px) 100vw, 450px\" \/><\/figure><\/div>\n\n\n<p>14 czerwca 2022 roku Andrzej Mleczko odebra\u0142 przyznane mu przez Rad\u0119 Miasta w czerwcu 2021 roku Honorowe Obywatelstwo Miasta Krakowa. Tytu\u0142 zaszczytny, cho\u0107 nie wolny od kontrowersji, jak to z tytu\u0142ami bywa. Tytu\u0142y si\u0119 nadaje i czasem odbiera. Obdarowani niekiedy ich nie przyjmuj\u0105, a inni si\u0119 skar\u017c\u0105, \u017ce sami nie dostali, cho\u0107 mo\u017ce powinni.<\/p>\n\n\n\n<p>M\u00f3j stosunek do Obywatela Andrzeja Mleczki jest bardzo osobisty, nie tylko dlatego, \u017ce na jednej ze \u015bcian mojego pokoju wisi oprawiony w ramki obrazek \u2013 a na tej \u015bcianie s\u0105 czyny, kt\u00f3rych bym dokona\u0142, gdybym mia\u0142 troch\u0119 wi\u0119cej czasu \u2013 z w\u0142asnor\u0119czn\u0105 dedykacj\u0105 Mistrza. Wiem, \u017ce Mistrz takie dedykacje pisze od r\u0119ki wszystkim klientom. Obrazek otrzyma\u0142em w prezencie na kt\u00f3re\u015b urodziny od moich najlepszych przyjaci\u00f3\u0142. Z\u0142o\u015bliwcy. Obrazek wisi, a czas ucieka. Wszystko jednak zacz\u0119\u0142o si\u0119 dawno temu, gdy skromne kieszonkowe ucznia szko\u0142y \u015bredniej przepuszcza\u0142em na \u201eSzpilki\u201d. No, ale nie mia\u0142o by\u0107 o mnie, wi\u0119c ad rem.<\/p>\n\n\n\n<p>Pan Andrzej od czas\u00f3w \u201eSzpilek\u201d nie pr\u00f3\u017cnowa\u0142 i rysowa\u0142, rysuje dalej i nie chce przesta\u0107. Nie powstrzyma\u0142a go nawet Nagroda Miasta Krakowa za wybitne osi\u0105gni\u0119cia w dziedzinie kultury i sztuki, a to przecie\u017c zaszczyt na zako\u0144czenie dzia\u0142alno\u015bci. Wielu te\u017c nie uznaje rysunk\u00f3w Mleczki za sztuk\u0119, a napisom towarzysz\u0105cym rysunkom nieraz odmawia kultury. Bo o ile has\u0142o \u201eObywatelu, nie pieprz bez sensu\u201d, jest g\u0142\u0119boko s\u0142uszne, o tyle sztuka prezentowana na obrazku nie dla wszystkich jest przejawem kultury.<\/p>\n\n\n\n<p>Je\u015bli szuka\u0142bym motywu przewodniego tw\u00f3rczo\u015bci Andrzeja Mleczki, ten rysunek moim zdaniem nadaje si\u0119 najbardziej. Od pana Zenka weso\u0142ego sanitariusza, przez rozm\u00f3wki polsko-polskie, po seks dla ubogich (ubogich duchem, oczywi\u015bcie). Wbrew pozorom pan Andrzej, jak sam wielokrotnie podkre\u015bla\u0142, jest wyrozumia\u0142ym pesymist\u0105, kt\u00f3ry wie, \u017ce lepiej nie b\u0119dzie, ale boi si\u0119, \u017ce b\u0119dzie \u015bmieszniej. Jak zaznaczy\u0142 w swojej laudacji prof. Jacek Purchla, Andrzej Mleczko jest Sta\u0144czykiem i Wernyhor\u0105 naszych czas\u00f3w. Rysunek z napisem \u201eHisto(e)ria\u201d z parafraz\u0105 Rejtana wydaje si\u0119 potwierdza\u0107 jego profetyczne zdolno\u015bci, cho\u0107 na ok\u0142adk\u0119 podr\u0119cznika do historii i tera\u017aniejszo\u015bci Czarnek go raczej nie zatwierdzi.<\/p>\n\n\n\n<p>W swojej laudacji prof. Purchla podpiera si\u0119 opini\u0105 Krzysztofa Teodora Toeplitza, kt\u00f3ry por\u00f3wnuje Mleczk\u0119 z Ga\u0142czy\u0144skim i Mro\u017ckiem. Nie ma co si\u0119 wdawa\u0107 w dyskusje, Mleczko na pewno lepiej od tych dw\u00f3ch rysuje, a opinia KTT o tyle mo\u017ce by\u0107 (nadmiernie) chwalebna, \u017ce to w\u0142a\u015bnie KTT odkry\u0142 Mleczk\u0119 dla Warszawy, Polski i \u015bwiata, urbi et orbi. Uczyni\u0142 z niego gwiazd\u0119 \u201eSzpilek\u201d i od tego czasu pan Andrzej ju\u017c z firmamentu nie da\u0142 si\u0119 ruszy\u0107. I b\u0142yszczy.<\/p>\n\n\n\n<p>Z kolei stan wojenny poniek\u0105d uczyni\u0142 z pana Andrzeja przedsi\u0119biorc\u0119 galernika. W opuszczonym przez system (i Dom Towarowy Krakus) magazynku-pakamerze narodzi\u0142a si\u0119 Narodowa Galeria Andrzeja Mleczki, pod s\u0142ynnym p\u00f3\u017aniej adresem \u015aw. Jana 14. Na Starym Mie\u015bcie pielgrzymowano wtedy w dwa miejsca: do pana Andrzeja na Jana i do Bary\u0142eczki na S\u0142awkowskiej. Po straw\u0119 duchow\u0105 i spirytus movens. To tam powsta\u0142a s\u0142ynna \u201ePanorama Krakowa\u201d z Duchem Narodowym unosz\u0105cym si\u0119 nad Sukiennicami i wszystkimi \u015bwi\u0119tymi (krakowskimi).<\/p>\n\n\n\n<p>Sw\u00f3j \u017cyciorys Obywatel Andrzej Mleczko opowiedzia\u0142 wzi\u0119ty w krzy\u017cowy ogie\u0144 pyta\u0144 przez redaktor\u00f3w \u201eZdania\u201d (by\u0142o ich trzech, a on jeden) w 2014 roku. Wtedy jeszcze by\u0142 zwyk\u0142ym obywatelem, ale redaktorzy (Chudzi\u0144ski, Komorowski, Ratkowski) nie w\u0105tpili, \u017ce nie jest wcale taki zwyk\u0142y.<\/p>\n\n\n\n<p>Kiedy czytam laudacje i liczne ho\u0142dy dla pana Andrzeja, przychodzi mi na my\u015bl Tadeusz Boy \u017bele\u0144ski, inny obywatel Krakowa urodzony poza Krakowem, kt\u00f3ry tak jak Andrzej Mleczko dzieli\u0142 \u017cycie pomi\u0119dzy Krak\u00f3w i Warszaw\u0119, cho\u0107 nieco inaczej opisywa\u0142 relacje mi\u0119dzy tymi miastami czy raczej mieszka\u0144cami tych miast. I na pewno nie narysowa\u0142by ich tak jak pan Andrzej. Pisa\u0142 jednak o krakowskiej tradycji jubileuszy, a mnie \u2013 prosz\u0119 o wybaczenie \u2013 uroczysta sesja rady miasta takowy wierszyk Boya na my\u015bl nasun\u0119\u0142a. Honorowe obywatelstwo pasuje przecie\u017c jak Mleczko do kawy, a pan Andrzej do Zenka, weso\u0142ego sanitariusza, jak jubileusz do Krakowa.<\/p>\n\n\n\n<p>Uroczysto\u015bci wr\u0119czenia honorowego obywatelstwa rozdzielono ostatnio pewnym odst\u0119pem czasowym, zapewne po ty, by oszcz\u0119dzi\u0107 radnym miejskim szok\u00f3w kulturowych. Bo tydzie\u0144 wcze\u015bniej nadano tytu\u0142 Honorowej Obywatelki pani Wandzie P\u00f3\u0142tawskiej \u2013 z zupe\u0142nie innego powodu ni\u017c rysunki, mianowicie za osi\u0105gni\u0119cia w medycynie alternatywnej, czyli katolickiej.<\/p>\n\n\n\n<p>Udzielaj\u0105c obywatelskiego wywiadu Leszkowi Konarskiemu (pozdrowienia), laureat wyrazi\u0142 nadziej\u0119, \u017ce w jego wypadku s\u0142owo \u201eobywatel\u201d brzmi dobrze. Moim zdaniem brzmi bardzo dobrze i o wiele bardziej honorowo ni\u017c w wypadku niekt\u00f3rych obywateli obdarzonych podobnym tytu\u0142em. Pan Andrzej w tym samym wywiadzie za\u017cartowa\u0142 zapewne (cho\u0107 kto wie\u2026), \u017ce od tych zaszczyt\u00f3w i laur\u00f3w wok\u00f3\u0142 g\u0142owy pojawia mu si\u0119 co\u015b na kszta\u0142t aureoli. Dobrze zatem, \u017ce nie by\u0142o okazji por\u00f3wna\u0107 si\u0119 z inn\u0105 obywatelk\u0105. Taka rywalizacja na aureole nie wiadomo, czy mia\u0142aby wymiar metafizyczny czy komiczny.<\/p>\n\n\n\n<p>Trafnie te\u017c Andrzej Mleczko wskazuje na obowi\u0105zki zwi\u0105zane z noszeniem zaszczytnego tytu\u0142u oraz wynikaj\u0105ce st\u0105d ograniczenia. Co prawda, nie ma dowod\u00f3w, \u017ce porusza\u0142 si\u0119 po krakowskich Plantach jak to \u201eBoyowe\u201d dzieci\u0119 we mgle, ale teraz to ju\u017c basta. Noblesse oblige.<\/p>\n\n\n\n<p>PS \u017bycie, jak zwykle, dopisa\u0142o point\u0119. Miasto Wadowice zleci\u0142o Andrzejowi Mleczce, Obywatelowi Miasta Krakowa, powa\u017cne zadanie upi\u0119kszenia \u201eszlaku papieskiego\u201d Obywatela Wadowic, Karola Wojty\u0142y. Ju\u017c sam pomys\u0142 wydaje si\u0119 nieco zaskakuj\u0105cy, je\u015bli kto\u015b zna pogl\u0105dy jednego Obywatela na pogl\u0105dy drugiego oraz orientacje polityczno-religijne aktualnych w\u0142odarzy papieskiego miasta.<br \/>Co\u015b jakby zad\u017awi\u0119cza\u0142o dysonansem. Odezwa\u0142y si\u0119 te\u017c \u201eno\u017cyce\u201d z krakowskiej kurii biskupiej, sugeruj\u0105ce, \u017ce Obywatel Mleczko nie jest najlepsz\u0105 osob\u0105 do tego zadania, bo niejednokrotnie \u201ewy\u015bmiewa\u0142 chrze\u015bcija\u0144skie warto\u015bci oraz promowa\u0142 antychrze\u015bcija\u0144skie postawy\u201d. W\u0142adze Wadowic zastrzeg\u0142y sobie prawo do ostatecznej akceptacji rysunk\u00f3w Mleczki. A ja nie\u015bmia\u0142o proponuj\u0119 zrobienie wystawy z rysunk\u00f3w przez w\u0142adze odrzuconych \u2013 ze specjalnym zaproszeniem dla krakowskiej kurii i wszystkich biskup\u00f3w.<\/p>\n\n\n\n<p>To pisz\u0119 ja, zwyk\u0142y obywatel.<\/p>\n\n\n\n<p><em>r\u00f3wnie\u017c na\u00a0<\/em><a rel=\"noreferrer noopener\" href=\"https:\/\/aristoskr.wordpress.com\/\" target=\"_blank\">aristoskr.wordpress.com<\/a><\/p>\n\n\n\n<hr class=\"wp-block-separator has-alpha-channel-opacity\"\/>\n\n\n\n<p><em>Felieton jest wyrazem opinii autora. Nie prezentuje stanowiska ZR Ma\u0142opolskie<\/em>.<\/p>\n","protected":false},"excerpt":{"rendered":"<p>\u017bycie, jak zwykle, dopisa\u0142o point\u0119. Miasto Wadowice zleci\u0142o Andrzejowi Mleczce, Obywatelowi Miasta Krakowa, powa\u017cne zadanie upi\u0119kszenia \u201eszlaku papieskiego\u201d Obywatela Wadowic, Karola Wojty\u0142y. Ju\u017c sam pomys\u0142 wydaje si\u0119 nieco zaskakuj\u0105cy, je\u015bli kto\u015b zna pogl\u0105dy jednego Obywatela na pogl\u0105dy drugiego oraz orientacje polityczno-religijne aktualnych w\u0142odarzy papieskiego miasta.<br \/>\nCo\u015b jakby zad\u017awi\u0119cza\u0142o dysonansem. Odezwa\u0142y si\u0119 te\u017c \u201eno\u017cyce\u201d z krakowskiej kurii biskupiej, sugeruj\u0105ce, \u017ce Obywatel Mleczko nie jest najlepsz\u0105 osob\u0105 do tego zadania, bo niejednokrotnie \u201ewy\u015bmiewa\u0142 chrze\u015bcija\u0144skie warto\u015bci oraz promowa\u0142 antychrze\u015bcija\u0144skie postawy\u201d. W\u0142adze Wadowic zastrzeg\u0142y sobie prawo do ostatecznej akceptacji rysunk\u00f3w Mleczki. A ja nie\u015bmia\u0142o proponuj\u0119 zrobienie wystawy z rysunk\u00f3w przez w\u0142adze odrzuconych \u2013 ze specjalnym zaproszeniem dla krakowskiej kurii i wszystkich biskup\u00f3w.<\/p>\n","protected":false},"author":34,"featured_media":20415,"comment_status":"closed","ping_status":"open","sticky":false,"template":"","format":"standard","meta":{"_EventAllDay":false,"_EventTimezone":"","_EventStartDate":"","_EventEndDate":"","_EventStartDateUTC":"","_EventEndDateUTC":"","_EventShowMap":false,"_EventShowMapLink":false,"_EventURL":"","_EventCost":"","_EventCostDescription":"","_EventCurrencySymbol":"","_EventCurrencyCode":"","_EventCurrencyPosition":"","_EventDateTimeSeparator":"","_EventTimeRangeSeparator":"","_EventOrganizerID":[],"_EventVenueID":[],"_OrganizerEmail":"","_OrganizerPhone":"","_OrganizerWebsite":"","_VenueAddress":"","_VenueCity":"","_VenueCountry":"","_VenueProvince":"","_VenueState":"","_VenueZip":"","_VenuePhone":"","_VenueURL":"","_VenueStateProvince":"","_VenueLat":"","_VenueLng":"","_VenueShowMap":false,"_VenueShowMapLink":false,"footnotes":""},"categories":[596],"tags":[],"class_list":["post-33635","post","type-post","status-publish","format-standard","has-post-thumbnail","hentry","category-felietony","felietony"],"_links":{"self":[{"href":"https:\/\/kodmalopolska.pl\/index.php?rest_route=\/wp\/v2\/posts\/33635","targetHints":{"allow":["GET"]}}],"collection":[{"href":"https:\/\/kodmalopolska.pl\/index.php?rest_route=\/wp\/v2\/posts"}],"about":[{"href":"https:\/\/kodmalopolska.pl\/index.php?rest_route=\/wp\/v2\/types\/post"}],"author":[{"embeddable":true,"href":"https:\/\/kodmalopolska.pl\/index.php?rest_route=\/wp\/v2\/users\/34"}],"replies":[{"embeddable":true,"href":"https:\/\/kodmalopolska.pl\/index.php?rest_route=%2Fwp%2Fv2%2Fcomments&post=33635"}],"version-history":[{"count":0,"href":"https:\/\/kodmalopolska.pl\/index.php?rest_route=\/wp\/v2\/posts\/33635\/revisions"}],"wp:featuredmedia":[{"embeddable":true,"href":"https:\/\/kodmalopolska.pl\/index.php?rest_route=\/wp\/v2\/media\/20415"}],"wp:attachment":[{"href":"https:\/\/kodmalopolska.pl\/index.php?rest_route=%2Fwp%2Fv2%2Fmedia&parent=33635"}],"wp:term":[{"taxonomy":"category","embeddable":true,"href":"https:\/\/kodmalopolska.pl\/index.php?rest_route=%2Fwp%2Fv2%2Fcategories&post=33635"},{"taxonomy":"post_tag","embeddable":true,"href":"https:\/\/kodmalopolska.pl\/index.php?rest_route=%2Fwp%2Fv2%2Ftags&post=33635"}],"curies":[{"name":"wp","href":"https:\/\/api.w.org\/{rel}","templated":true}]}}