{"id":33256,"date":"2022-09-09T00:05:04","date_gmt":"2022-09-08T22:05:04","guid":{"rendered":"https:\/\/kodmalopolska.pl\/?p=33256"},"modified":"2022-09-09T00:05:08","modified_gmt":"2022-09-08T22:05:08","slug":"co-jaroslaw-kaczynski-zobaczyl-w-wiedniufelieton-fryderyka-zolla-414","status":"publish","type":"post","link":"https:\/\/kodmalopolska.pl\/?p=33256","title":{"rendered":"Co Jaros\u0142aw Kaczy\u0144ski zobaczy\u0142 w Wiedniu?Felieton Fryderyka Zolla (414)"},"content":{"rendered":"\n<h4 class=\"wp-block-heading\">Jak wynika z przeprowadzonej w Karpaczu wewn\u0105trzpartyjnej dyskusji nad ksi\u0105\u017ck\u0105 o PiS-owskiej wizji \u015bwiata, Jaros\u0142aw Kaczy\u0144ski wyruszy\u0142 33 lata temu w egzotyczn\u0105 podr\u00f3\u017c, docieraj\u0105c a\u017c do Wiednia. Swoj\u0105 drog\u0105, m\u00f3j pradziadek je\u017adzi\u0142 tam cz\u0119sto poci\u0105giem \u2013 szybszym ni\u017c dzisiejszy \u2013 do opery. Wiede\u0144 jest zasadniczo tu\u017c za rogiem, ale z perspektywy Kaczy\u0144skiego to bardzo, bardzo daleko. Rozejrzawszy si\u0119 po Wiedniu, takim wi\u0119kszym Krakowie, Kaczy\u0144ski zrozumia\u0142: Unia Europejska kulturowo nie pasuje do Polski. Strach pomy\u015ble\u0107, co by by\u0142o, gdyby w swojej wyprawie dotar\u0142 do Grazu!<\/h4>\n\n\n\n<p>Kaczy\u0144ski by\u0142 zatem w Wiedniu w roku 1989. Wszystko wskazuje na to, \u017ce porusza\u0142 si\u0119 nie tylko w przestrzeni, ale tak\u017ce w czasie: Austria w 1989 roku by\u0142a poza EWG, a Unia jeszcze nie powsta\u0142a. Ju\u017c wtedy jednak Kaczy\u0144ski przejrza\u0142 t\u0119 kulturow\u0105 obco\u015b\u0107. Zastanawia\u0107 si\u0119 mo\u017cna, co takiego zobaczy\u0142, jakie dostrzeg\u0142 duchowe spustoszenia, \u017ce sformu\u0142owa\u0142 taki wniosek. Najbardziej prawdopodobne jest to, \u017ce kto\u015b nierozwa\u017cny wzi\u0105\u0142 go na Prater i zach\u0119ci\u0142 do przej\u015bcia przez zamek duch\u00f3w. Tak g\u0142\u0119boka trauma pozwoli\u0142a Kaczy\u0144skiemu zobaczy\u0107 upadek Zachodu z ca\u0142\u0105 wyrazisto\u015bci\u0105.<\/p>\n\n\n\n<p>PS. Najpewniej prezes pomyli\u0142 daty i by\u0142 w Wiedniu w roku 1993, jak wspomina Joanna Kluzik-Rostkowska. UE ju\u017c istnia\u0142a, ale Austria nie by\u0142a jej cz\u0142onkiem.<\/p>\n\n\n\n<hr class=\"wp-block-separator has-alpha-channel-opacity\"\/>\n\n\n\n<p><em>Felieton jest wyrazem opinii autora. Nie prezentuje stanowiska ZR Ma\u0142opolskie.<\/em><\/p>\n","protected":false},"excerpt":{"rendered":"<p>Jak wynika z przeprowadzonej w Karpaczu wewn\u0105trzpartyjnej dyskusji nad ksi\u0105\u017ck\u0105 o PiS-owskiej wizji \u015bwiata, Jaros\u0142aw Kaczy\u0144ski wyruszy\u0142 33 lata temu w egzotyczn\u0105 podr\u00f3\u017c, docieraj\u0105c a\u017c do Wiednia. Swoj\u0105 drog\u0105, m\u00f3j pradziadek je\u017adzi\u0142 tam cz\u0119sto poci\u0105giem \u2013 szybszym ni\u017c dzisiejszy \u2013 do opery. Wiede\u0144 jest zasadniczo tu\u017c za rogiem, ale z perspektywy Kaczy\u0144skiego to bardzo, bardzo daleko. Rozejrzawszy si\u0119 po Wiedniu, takim wi\u0119kszym Krakowie, Kaczy\u0144ski zrozumia\u0142: Unia Europejska kulturowo nie pasuje do Polski. Strach pomy\u015ble\u0107, co by by\u0142o, gdyby w swojej wyprawie dotar\u0142 do Grazu!<\/p>\n","protected":false},"author":34,"featured_media":24583,"comment_status":"closed","ping_status":"open","sticky":false,"template":"","format":"standard","meta":{"_EventAllDay":false,"_EventTimezone":"","_EventStartDate":"","_EventEndDate":"","_EventStartDateUTC":"","_EventEndDateUTC":"","_EventShowMap":false,"_EventShowMapLink":false,"_EventURL":"","_EventCost":"","_EventCostDescription":"","_EventCurrencySymbol":"","_EventCurrencyCode":"","_EventCurrencyPosition":"","_EventDateTimeSeparator":"","_EventTimeRangeSeparator":"","_EventOrganizerID":[],"_EventVenueID":[],"_OrganizerEmail":"","_OrganizerPhone":"","_OrganizerWebsite":"","_VenueAddress":"","_VenueCity":"","_VenueCountry":"","_VenueProvince":"","_VenueState":"","_VenueZip":"","_VenuePhone":"","_VenueURL":"","_VenueStateProvince":"","_VenueLat":"","_VenueLng":"","_VenueShowMap":false,"_VenueShowMapLink":false,"footnotes":""},"categories":[596],"tags":[],"class_list":["post-33256","post","type-post","status-publish","format-standard","has-post-thumbnail","hentry","category-felietony","felietony"],"_links":{"self":[{"href":"https:\/\/kodmalopolska.pl\/index.php?rest_route=\/wp\/v2\/posts\/33256","targetHints":{"allow":["GET"]}}],"collection":[{"href":"https:\/\/kodmalopolska.pl\/index.php?rest_route=\/wp\/v2\/posts"}],"about":[{"href":"https:\/\/kodmalopolska.pl\/index.php?rest_route=\/wp\/v2\/types\/post"}],"author":[{"embeddable":true,"href":"https:\/\/kodmalopolska.pl\/index.php?rest_route=\/wp\/v2\/users\/34"}],"replies":[{"embeddable":true,"href":"https:\/\/kodmalopolska.pl\/index.php?rest_route=%2Fwp%2Fv2%2Fcomments&post=33256"}],"version-history":[{"count":0,"href":"https:\/\/kodmalopolska.pl\/index.php?rest_route=\/wp\/v2\/posts\/33256\/revisions"}],"wp:featuredmedia":[{"embeddable":true,"href":"https:\/\/kodmalopolska.pl\/index.php?rest_route=\/wp\/v2\/media\/24583"}],"wp:attachment":[{"href":"https:\/\/kodmalopolska.pl\/index.php?rest_route=%2Fwp%2Fv2%2Fmedia&parent=33256"}],"wp:term":[{"taxonomy":"category","embeddable":true,"href":"https:\/\/kodmalopolska.pl\/index.php?rest_route=%2Fwp%2Fv2%2Fcategories&post=33256"},{"taxonomy":"post_tag","embeddable":true,"href":"https:\/\/kodmalopolska.pl\/index.php?rest_route=%2Fwp%2Fv2%2Ftags&post=33256"}],"curies":[{"name":"wp","href":"https:\/\/api.w.org\/{rel}","templated":true}]}}