{"id":33238,"date":"2022-09-06T17:25:29","date_gmt":"2022-09-06T15:25:29","guid":{"rendered":"https:\/\/kodmalopolska.pl\/?p=33238"},"modified":"2022-09-06T17:25:33","modified_gmt":"2022-09-06T15:25:33","slug":"przeciwko-komu-polska-sie-zbroi-felieton-fryderyka-zolla-413","status":"publish","type":"post","link":"https:\/\/kodmalopolska.pl\/?p=33238","title":{"rendered":"Przeciwko komu Polska si\u0119 zbroi? Felieton Fryderyka Zolla (413)"},"content":{"rendered":"\n<h4 class=\"wp-block-heading\">Sytuacja polityczna i mi\u0119dzynarodowa zmienia si\u0119 niezbyt pomy\u015blnie. Ogromne nacjonalistyczne i prorosyjskie demonstracje w Czechach, coraz wi\u0119ksze wahania w Austrii, niedobre perspektywy wyborcze we W\u0142oszech, a wszystko to u pocz\u0105tk\u00f3w ofensywy ukrai\u0144skiej, kt\u00f3ra odpowiednio wsparta solidarno\u015bci\u0105 Zachodu mog\u0142aby przechyli\u0107 szal\u0119 zwyci\u0119stwa na korzy\u015b\u0107 Ukrainy i europejskich podstaw naszej cywilizacji.<\/h4>\n\n\n\n<p>Tymczasem rz\u0105d PiS-u najwyra\u017aniej zmienia front. Karmiony diet\u0105 europarlamentarzysty prof. Krasnod\u0119bski g\u0142\u00f3wnego wroga widzi w Zachodzie, gro\u017aniejszym wed\u0142ug niego ni\u017c Rosja. Morawiecki zapowiada ponowne bratanie si\u0119 z sojusznikiem Putina Orbanem. PiS tak\u017ce postanowi\u0142 w\u0142a\u015bnie teraz rozp\u0119ta\u0107 konflikt z Niemcami, jakby nie zdaj\u0105c sobie sprawy, \u017ce od spoisto\u015bci Zachodu, kt\u00f3ra s\u0142abnie, zale\u017cy pokonanie Rosji. Dla PiS-u najwa\u017cniejsza jest w\u0142adza \u2013 nawet za cen\u0119 pogr\u0105\u017cenia Ukrainy i pomocy Putinowi w jego misji rozbijania Unii. Jaros\u0142aw Kaczy\u0144ski ze swoj\u0105 antyniemieck\u0105 fobi\u0105, a tak naprawd\u0119 ohydn\u0105 pr\u00f3b\u0105 wzniecania (w takiej chwili!) antyniemieckich resentyment\u00f3w, zada\u0142 niedawno pytanie, przeciwko komu zbroj\u0105 si\u0119 Niemcy. W tym kontek\u015bcie, jak\u017ce jasno przedstawionym przez prof. Krasnod\u0119bskiego, wypada\u0142oby zapyta\u0107: a przeciwko komu zbroi si\u0119 Polska?<\/p>\n\n\n\n<p style=\"display: inline-block; vertical-align: middle;\"><a href=\"https:\/\/fundacjakurtyki.pl\/wsparcie-dla-ukrainy\/\"><img decoding=\"async\" src=\"https:\/\/kodmalopolska.pl\/wp-content\/uploads\/2022\/03\/Wsparcie-dla-Ukrainy-153x80-1.jpg\" alt=\"\"\/>&nbsp;&nbsp;Wesprzyj Ukrain\u0119 poprzez Fundacj\u0119 im. Janusza Kurtyki!<\/a><\/p>\n\n\n\n<hr class=\"wp-block-separator has-alpha-channel-opacity\"\/>\n\n\n\n<p><em>Felieton jest wyrazem opinii autora. Nie prezentuje stanowiska ZR Ma\u0142opolskie.<\/em><\/p>\n","protected":false},"excerpt":{"rendered":"<p>Sytuacja polityczna i mi\u0119dzynarodowa zmienia si\u0119 niezbyt pomy\u015blnie. Ogromne nacjonalistyczne i prorosyjskie demonstracje w Czechach, coraz wi\u0119ksze wahania w Austrii, niedobre perspektywy wyborcze we W\u0142oszech, a wszystko to u pocz\u0105tk\u00f3w ofensywy ukrai\u0144skiej, kt\u00f3ra odpowiednio wsparta solidarno\u015bci\u0105 Zachodu mog\u0142aby przechyli\u0107 szal\u0119 zwyci\u0119stwa na korzy\u015b\u0107 Ukrainy i europejskich podstaw naszej cywilizacji.<\/p>\n","protected":false},"author":34,"featured_media":29765,"comment_status":"closed","ping_status":"open","sticky":false,"template":"","format":"standard","meta":{"_EventAllDay":false,"_EventTimezone":"","_EventStartDate":"","_EventEndDate":"","_EventStartDateUTC":"","_EventEndDateUTC":"","_EventShowMap":false,"_EventShowMapLink":false,"_EventURL":"","_EventCost":"","_EventCostDescription":"","_EventCurrencySymbol":"","_EventCurrencyCode":"","_EventCurrencyPosition":"","_EventDateTimeSeparator":"","_EventTimeRangeSeparator":"","_EventOrganizerID":[],"_EventVenueID":[],"_OrganizerEmail":"","_OrganizerPhone":"","_OrganizerWebsite":"","_VenueAddress":"","_VenueCity":"","_VenueCountry":"","_VenueProvince":"","_VenueState":"","_VenueZip":"","_VenuePhone":"","_VenueURL":"","_VenueStateProvince":"","_VenueLat":"","_VenueLng":"","_VenueShowMap":false,"_VenueShowMapLink":false,"footnotes":""},"categories":[596,651],"tags":[],"class_list":["post-33238","post","type-post","status-publish","format-standard","has-post-thumbnail","hentry","category-felietony","category-ukraina-x-artykuly","felietony","ukraina-x-artykuly"],"_links":{"self":[{"href":"https:\/\/kodmalopolska.pl\/index.php?rest_route=\/wp\/v2\/posts\/33238","targetHints":{"allow":["GET"]}}],"collection":[{"href":"https:\/\/kodmalopolska.pl\/index.php?rest_route=\/wp\/v2\/posts"}],"about":[{"href":"https:\/\/kodmalopolska.pl\/index.php?rest_route=\/wp\/v2\/types\/post"}],"author":[{"embeddable":true,"href":"https:\/\/kodmalopolska.pl\/index.php?rest_route=\/wp\/v2\/users\/34"}],"replies":[{"embeddable":true,"href":"https:\/\/kodmalopolska.pl\/index.php?rest_route=%2Fwp%2Fv2%2Fcomments&post=33238"}],"version-history":[{"count":0,"href":"https:\/\/kodmalopolska.pl\/index.php?rest_route=\/wp\/v2\/posts\/33238\/revisions"}],"wp:featuredmedia":[{"embeddable":true,"href":"https:\/\/kodmalopolska.pl\/index.php?rest_route=\/wp\/v2\/media\/29765"}],"wp:attachment":[{"href":"https:\/\/kodmalopolska.pl\/index.php?rest_route=%2Fwp%2Fv2%2Fmedia&parent=33238"}],"wp:term":[{"taxonomy":"category","embeddable":true,"href":"https:\/\/kodmalopolska.pl\/index.php?rest_route=%2Fwp%2Fv2%2Fcategories&post=33238"},{"taxonomy":"post_tag","embeddable":true,"href":"https:\/\/kodmalopolska.pl\/index.php?rest_route=%2Fwp%2Fv2%2Ftags&post=33238"}],"curies":[{"name":"wp","href":"https:\/\/api.w.org\/{rel}","templated":true}]}}