{"id":33185,"date":"2022-09-03T14:16:35","date_gmt":"2022-09-03T12:16:35","guid":{"rendered":"https:\/\/kodmalopolska.pl\/?p=33185"},"modified":"2022-09-03T14:16:37","modified_gmt":"2022-09-03T12:16:37","slug":"moj-sen-o-polsce-felieton-elzbiety-talar-4","status":"publish","type":"post","link":"https:\/\/kodmalopolska.pl\/?p=33185","title":{"rendered":"M\u00f3j sen o Polsce. Felieton El\u017cbiety Talar (4)"},"content":{"rendered":"\n<h4 class=\"wp-block-heading\">Mia\u0142am sen. Sen by\u0142 bardzo wyra\u017any. Czu\u0142am si\u0119 w nim szcz\u0119\u015bliwa i ca\u0142kowicie bezpieczna. Otulona trosk\u0105 innych ludzi. Nie martwi\u0142am si\u0119 o swoj\u0105 przysz\u0142o\u015b\u0107 ani o przysz\u0142o\u015b\u0107 mojej rodziny. <\/h4>\n\n\n\n<p>Rado\u015bnie i z pe\u0142nym spokojem patrzy\u0142am na kraj, w kt\u00f3rym \u017cyj\u0119. Kraj pi\u0119kny i bogaty, w kt\u00f3rym ludzie wiedz\u0105, jak osi\u0105gn\u0105\u0107 sukces, i podejmuj\u0105 w\u0142a\u015bciwe decyzje.<\/p>\n\n\n\n<p>W moim \u015bnie Polska by\u0142a krajem m\u0105drym, powa\u017canym przez inne narody wewn\u0105trz europejskiej rodziny i w \u015bwiecie. Jej obywatele potrafili wykorzystywa\u0107 szanse wynikaj\u0105ce z jej po\u0142o\u017cenia i zasob\u00f3w.<\/p>\n\n\n\n<p>Polacy wspierali si\u0119 nawzajem, aby wsp\u00f3lnie osi\u0105ga\u0107 cele, kt\u00f3rych nie uda\u0142oby si\u0119 osi\u0105gn\u0105\u0107 w pojedynk\u0119. Dzi\u0119ki ich przedsi\u0119biorczo\u015bci i pracowito\u015bci kraj by\u0142 silny i stabilny gospodarczo. Grupa wyspecjalizowanych ekonomist\u00f3w zarz\u0105dzaj\u0105ca finansami dba\u0142a, by inflacja by\u0142a pod kontrol\u0105, a przyrost PKB nale\u017ca\u0142 do najwy\u017cszych w Europie. Innymi s\u0142owy, m\u0105dre g\u0142owy troszczy\u0142y si\u0119 o to, by Polakom \u017cy\u0142o si\u0119 dostatnio.<\/p>\n\n\n\n<p>Na eksponowanych stanowiskach stali ludzie o nieposzlakowanej opinii b\u0119d\u0105cy ekspertami w swoich dziedzinach. Ich dzia\u0142ania by\u0142y podyktowane dobrem og\u00f3\u0142u, a nie partykularnym interesem. Liderzy wiedli sw\u00f3j lud ku \u015bwiat\u0142ej, nowoczesnej przysz\u0142o\u015bci.<\/p>\n\n\n\n<p>W tej wy\u015bnionej Polsce nigdy nie \u0142amano zasad demokracji. Tr\u00f3jpodzia\u0142 w\u0142adzy, konstytucja i prawa obywatelskie by\u0142y \u015bwi\u0119te i nienaruszalne. Wszyscy robili to, co do nich nale\u017ca\u0142o, i to, co umieli najlepiej. Politycy nie wchodzili w kompetencje s\u0119dzi\u00f3w, lekarzy czy ekonomist\u00f3w.<\/p>\n\n\n\n<p>S\u0142u\u017cba zdrowia wreszcie dzia\u0142a\u0142a prawid\u0142owo. Nie by\u0142o kolejek do specjalist\u00f3w i wszyscy czuli si\u0119 doskonale zaopiekowani.<\/p>\n\n\n\n<p>Energetyka Polski w moim \u015bnie oparta by\u0142a w 70% na \u017ar\u00f3d\u0142ach odnawialnych, a wszelkie inwestycje rozpatrywano pod k\u0105tem ekologicznego zr\u00f3wnowa\u017conego rozwoju.<\/p>\n\n\n\n<p>Szacunek dla innych ludzi, zwierz\u0105t, a tak\u017ce drzew, wody i powietrza wpajano od najm\u0142odszych lat wszystkim szanuj\u0105cym si\u0119 nawzajem obywatelom. Edukacja na najwy\u017cszym mo\u017cliwym poziomie by\u0142a dost\u0119pna dla dzieci zar\u00f3wno w wielkich miastach, jak i w ma\u0142ych wioskach.<\/p>\n\n\n\n<p>35% powierzchni kraju oddano w moim \u015bnie przyrodzie i ograniczono tam ingerencj\u0119 cz\u0142owieka. Rzekom pozwolono tworzy\u0107 rozlewiska i bagna, a bior\u00f3\u017cnorodno\u015b\u0107 jeszcze nigdy nie by\u0142a tak wielka. Wzi\u0119to pod ochron\u0119 pszczo\u0142y i innych zapylaczy i zrewitalizowano \u0142\u0105ki, aby mog\u0142y wy\u017cywi\u0107 owady. Rolnictwo ucz\u0142owieczono, hodowla i uprawa by\u0142y zgodne z zasad\u0105 poszanowania przyrody. Nawozy i \u015brodki ochrony ro\u015blin, kt\u00f3re tak fatalnie wp\u0142ywaj\u0105 na nasz\u0105 planet\u0119, ograniczono i przeszkolono ich u\u017cytkownik\u00f3w.<\/p>\n\n\n\n<p>Pi\u0119kna, bogata i bezpieczna Polska by\u0142a na wyci\u0105gni\u0119cie r\u0119ki.<\/p>\n\n\n\n<p>A potem si\u0119 obudzi\u0142am.<\/p>\n\n\n\n<p>Czy naprawd\u0119 m\u00f3j sen nie m\u00f3g\u0142by si\u0119 zi\u015bci\u0107? Czy\u017c wszyscy nie chcemy tego samego?<\/p>\n\n\n\n<hr class=\"wp-block-separator has-alpha-channel-opacity\"\/>\n\n\n\n<p><em>Felieton jest wyrazem opinii autorki. Nie prezentuje stanowiska ZR Ma\u0142opolskie KOD.<\/em><\/p>\n","protected":false},"excerpt":{"rendered":"<p>Mia\u0142am sen. Sen by\u0142 bardzo wyra\u017any. Czu\u0142am si\u0119 w nim szcz\u0119\u015bliwa i ca\u0142kowicie bezpieczna. Otulona trosk\u0105 innych ludzi. Nie martwi\u0142am si\u0119 o swoj\u0105 przysz\u0142o\u015b\u0107 ani o przysz\u0142o\u015b\u0107 mojej rodziny. <\/p>\n","protected":false},"author":34,"featured_media":19288,"comment_status":"closed","ping_status":"open","sticky":false,"template":"","format":"standard","meta":{"_EventAllDay":false,"_EventTimezone":"","_EventStartDate":"","_EventEndDate":"","_EventStartDateUTC":"","_EventEndDateUTC":"","_EventShowMap":false,"_EventShowMapLink":false,"_EventURL":"","_EventCost":"","_EventCostDescription":"","_EventCurrencySymbol":"","_EventCurrencyCode":"","_EventCurrencyPosition":"","_EventDateTimeSeparator":"","_EventTimeRangeSeparator":"","_EventOrganizerID":[],"_EventVenueID":[],"_OrganizerEmail":"","_OrganizerPhone":"","_OrganizerWebsite":"","_VenueAddress":"","_VenueCity":"","_VenueCountry":"","_VenueProvince":"","_VenueState":"","_VenueZip":"","_VenuePhone":"","_VenueURL":"","_VenueStateProvince":"","_VenueLat":"","_VenueLng":"","_VenueShowMap":false,"_VenueShowMapLink":false,"footnotes":""},"categories":[596],"tags":[],"class_list":["post-33185","post","type-post","status-publish","format-standard","has-post-thumbnail","hentry","category-felietony","felietony"],"_links":{"self":[{"href":"https:\/\/kodmalopolska.pl\/index.php?rest_route=\/wp\/v2\/posts\/33185","targetHints":{"allow":["GET"]}}],"collection":[{"href":"https:\/\/kodmalopolska.pl\/index.php?rest_route=\/wp\/v2\/posts"}],"about":[{"href":"https:\/\/kodmalopolska.pl\/index.php?rest_route=\/wp\/v2\/types\/post"}],"author":[{"embeddable":true,"href":"https:\/\/kodmalopolska.pl\/index.php?rest_route=\/wp\/v2\/users\/34"}],"replies":[{"embeddable":true,"href":"https:\/\/kodmalopolska.pl\/index.php?rest_route=%2Fwp%2Fv2%2Fcomments&post=33185"}],"version-history":[{"count":0,"href":"https:\/\/kodmalopolska.pl\/index.php?rest_route=\/wp\/v2\/posts\/33185\/revisions"}],"wp:featuredmedia":[{"embeddable":true,"href":"https:\/\/kodmalopolska.pl\/index.php?rest_route=\/wp\/v2\/media\/19288"}],"wp:attachment":[{"href":"https:\/\/kodmalopolska.pl\/index.php?rest_route=%2Fwp%2Fv2%2Fmedia&parent=33185"}],"wp:term":[{"taxonomy":"category","embeddable":true,"href":"https:\/\/kodmalopolska.pl\/index.php?rest_route=%2Fwp%2Fv2%2Fcategories&post=33185"},{"taxonomy":"post_tag","embeddable":true,"href":"https:\/\/kodmalopolska.pl\/index.php?rest_route=%2Fwp%2Fv2%2Ftags&post=33185"}],"curies":[{"name":"wp","href":"https:\/\/api.w.org\/{rel}","templated":true}]}}