{"id":33128,"date":"2022-08-29T20:29:02","date_gmt":"2022-08-29T18:29:02","guid":{"rendered":"https:\/\/kodmalopolska.pl\/?p=33128"},"modified":"2022-08-29T20:29:05","modified_gmt":"2022-08-29T18:29:05","slug":"czas-apokalipsy-felieton-adama-jaskowa-94","status":"publish","type":"post","link":"https:\/\/kodmalopolska.pl\/?p=33128","title":{"rendered":"Czas apokalipsy.\u00a0Felieton Adama Ja\u015bkowa (94)"},"content":{"rendered":"\n<h4 class=\"wp-block-heading\">Naszym problemem nie jest jedynie zatruta Odra. Za miesi\u0105c, trzy, sze\u015b\u0107 mo\u017cemy mie\u0107 problemy z wod\u0105 do picia. Nie tylko nad Odr\u0105. Wsz\u0119dzie. Mieszka\u0144cy Dobczyc i okolic alarmuj\u0105 w sprawie stanu wody w Rabie. A Zalew Dobczycki to g\u0142\u00f3wne \u017ar\u00f3d\u0142o wody dla Krakowa. Wysycha San, Bug, znika Note\u0107. W Warszawie niski stan Wis\u0142y budzi zaciekawienie, ale dop\u00f3ki leje si\u0119 woda z kranu\u2026<\/h4>\n\n\n\n<p>Szum \u015bmigie\u0142 o poranku budzi nie tylko mieszka\u0144c\u00f3w wschodniej Ukrainy. S\u0105 inne miejsca na \u015bwiecie, gdzie ludzie dr\u0119twiej\u0105, s\u0142ysz\u0105c ten d\u017awi\u0119k. I do zwi\u0119kszenia grozy nie trzeba Wagnera.<\/p>\n\n\n\n<p>Niestety, nie po raz pierwszy, cho\u0107 nasze chaty (mikroapartamenty) znowu z kraja, wie\u015b wcale nie jest spokojna. I to nie z powodu mo\u017cliwego braku piwa od du\u0144skiego koncernu.<\/p>\n\n\n\n<p>Lista brak\u00f3w jest d\u0142uga i co dzie\u0144 dopisywane b\u0119d\u0105 kolejne.<\/p>\n\n\n\n<p>Nie ma w\u0119gla i na pewno nie starczy go dla wszystkich potrzebuj\u0105cych. Zabraknie go tym, kt\u00f3rzy korzystaj\u0105 z piec\u00f3w na w\u0142asny u\u017cytek, ale mo\u017ce te\u017c brakn\u0105\u0107 go elektrociep\u0142owniom i elektrowniom. Grozi to brakiem ciep\u0142a w miastach i brakiem pr\u0105du. Nie ma dobrych informacji dla u\u017cytkownik\u00f3w gazu. Gazu te\u017c na pewno zabraknie \u2013 prawdopodobnie wszystkim.<\/p>\n\n\n\n<p>Przez brak gazu zaczyna brakowa\u0107 dwutlenku w\u0119gla potrzebnego nie tylko do produkcji przemys\u0142owej piwa. Dwutlenek w\u0119gla jest niezb\u0119dny w wielu procesach technologicznych, m.in. przy przetwarzaniu \u017cywno\u015bci. Tej \u017cywno\u015bci te\u017c mo\u017ce brakn\u0105\u0107. Nie tylko piwa, ale i sera, mleka, mi\u0119sa, w\u0119dlin.<\/p>\n\n\n\n<p>Mamy kolejny rok suszy i podobnie b\u0119dzie w nast\u0119pnym. W tym roku dro\u017ceje pieczywo, w przysz\u0142ym b\u0119dzie jeszcze dro\u017csze. Minister Sasin nie pomo\u017ce tu w niczym, jak zreszt\u0105 nigdy w niczym nie pomaga\u0142.<\/p>\n\n\n\n<p>Sytuacja jest dynamiczna, bo cho\u0107 po kilkudniowej przerwie wznowiono produkcj\u0119 nawoz\u00f3w sztucznych w kontrolowanym przez polskie pa\u0144stwo koncernie, nie jest pewne, czy za tydzie\u0144 lub miesi\u0105c nie b\u0119dzie kolejnej przerwy w produkcji. Znowu b\u0119dzie te\u017c dost\u0119pny dwutlenek w\u0119gla, ale nie wiadomo, jak d\u0142ugo. Nie wiadomo, jaka b\u0119dzie cena nawoz\u00f3w i czy starczy ich dla wszystkich. Wkroczyli\u015bmy w etap niestabilno\u015bci i niepewno\u015bci.<\/p>\n\n\n\n<p>Niepewne s\u0105 zbiory kawy, a przypuszczalnie i herbaty. Susza w Chinach i Indiach przybra\u0142a nieznane kronikarzom rozmiary. Kawa i herbata sta\u0142y si\u0119 napojami podstawowymi, a ju\u017c nied\u0142ugo mog\u0105 zn\u00f3w by\u0107 napojami bog\u00f3w i bogaczy. W Czechach i Niemczech niski stan w\u00f3d w rzekach ods\u0142ania kamienie g\u0142odu z napisem: \u201eJe\u015bli mnie widzisz, p\u0142acz\u201d.<\/p>\n\n\n\n<p>Naszym problemem nie jest jedynie zatruta Odra. Za miesi\u0105c, trzy, sze\u015b\u0107 mo\u017cemy mie\u0107 problemy z wod\u0105 do picia. Nie tylko nad Odr\u0105. Wsz\u0119dzie. Mieszka\u0144cy Dobczyc i okolic alarmuj\u0105 w sprawie stanu wody w Rabie. A Zalew Dobczycki to g\u0142\u00f3wne \u017ar\u00f3d\u0142o wody dla Krakowa. Wysycha San, Bug, znika Note\u0107. W Warszawie niski stan Wis\u0142y budzi zaciekawienie, ale dop\u00f3ki leje si\u0119 woda z kranu\u2026<\/p>\n\n\n\n<p>Nikt tego nie przewidywa\u0142 i nie chcia\u0142 przewidzie\u0107. Zmiany klimatu mia\u0142y by\u0107 abstrakcyjne i dotyczy\u0107 innych. Teraz si\u0119 okaza\u0142o, \u017ce tymi innymi s\u0105 wszyscy. To, co bezpiecznie ogl\u0105dali\u015bmy w telewizji czy Internecie, nagle widzimy za oknem.<\/p>\n\n\n\n<p>Rz\u0105dz\u0105cy ca\u0142y czas pr\u00f3buj\u0105 naprawia\u0107 szkody \u2013 lub udaj\u0105, \u017ce naprawi\u0107 je si\u0119 da \u2013 zwyk\u0142ymi metodami. Za chwil\u0119, miesi\u0105c, rok, wr\u00f3ci normalno\u015b\u0107. No wi\u0119c raczej nie. Nie wr\u00f3ci. Nie ma dobrych rad, co robi\u0107. Na niekt\u00f3re rady jest ju\u017c za p\u00f3\u017ano.<\/p>\n\n\n\n<p>Na pewno za\u015b trzeba przesta\u0107 udawa\u0107, \u017ce jest lub b\u0119dzie \u201enormalnie\u201d. Trudno mi ocenia\u0107 inne rz\u0105dy, cho\u0107 w \u017cadnym chyba kraju nie ma rz\u0105du zdolnego sprosta\u0107 dzisiejszym i jutrzejszym wyzwaniom. Nasz jest wyj\u0105tkowy przez to, \u017ce nie nadaje si\u0119 nawet na normalne czasy. A czasy s\u0105 wyj\u0105tkowo trudne, wymagaj\u0105 kompetencji, szerokich horyzont\u00f3w i sprawno\u015bci, by spo\u0142ecze\u0144stwo mia\u0142o szanse przetrwa\u0107. Ten rz\u0105d natomiast marzy tylko o w\u0142asnym przetrwaniu. Spe\u0142nia w\u0142asne marzenia, marzenia ministr\u00f3w\u2026 O traktorze i innych wielkich maszynach.<\/p>\n\n\n\n<p>A zegar apokalipsy tyka. Nie ma ju\u017c czasu za pi\u0119\u0107 dwunasta. Zosta\u0142y nam dwie lub trzy minuty.<br \/>Pewne jest tylko jedno: na ko\u0144cu apokalipsy nie b\u0119dzie gra\u0142a muzyka\u2026 Ani Wagnera, ani Szopena.<\/p>\n\n\n\n<p><em>r\u00f3wnie\u017c na\u00a0<\/em><a rel=\"noreferrer noopener\" href=\"https:\/\/aristoskr.wordpress.com\/\" target=\"_blank\">aristoskr.wordpress.com<\/a><\/p>\n\n\n\n<hr class=\"wp-block-separator has-alpha-channel-opacity\"\/>\n\n\n\n<p><em>Felieton jest wyrazem opinii autora. Nie prezentuje stanowiska ZR Ma\u0142opolskie<\/em>.<\/p>\n","protected":false},"excerpt":{"rendered":"<p>Naszym problemem nie jest jedynie zatruta Odra. Za miesi\u0105c, trzy, sze\u015b\u0107 mo\u017cemy mie\u0107 problemy z wod\u0105 do picia. Nie tylko nad Odr\u0105. Wsz\u0119dzie. Mieszka\u0144cy Dobczyc i okolic alarmuj\u0105 w sprawie stanu wody w Rabie. A Zalew Dobczycki to g\u0142\u00f3wne \u017ar\u00f3d\u0142o wody dla Krakowa. Wysycha San, Bug, znika Note\u0107. W Warszawie niski stan Wis\u0142y budzi zaciekawienie, ale dop\u00f3ki leje si\u0119 woda z kranu\u2026<\/p>\n","protected":false},"author":34,"featured_media":20415,"comment_status":"closed","ping_status":"open","sticky":false,"template":"","format":"standard","meta":{"_EventAllDay":false,"_EventTimezone":"","_EventStartDate":"","_EventEndDate":"","_EventStartDateUTC":"","_EventEndDateUTC":"","_EventShowMap":false,"_EventShowMapLink":false,"_EventURL":"","_EventCost":"","_EventCostDescription":"","_EventCurrencySymbol":"","_EventCurrencyCode":"","_EventCurrencyPosition":"","_EventDateTimeSeparator":"","_EventTimeRangeSeparator":"","_EventOrganizerID":[],"_EventVenueID":[],"_OrganizerEmail":"","_OrganizerPhone":"","_OrganizerWebsite":"","_VenueAddress":"","_VenueCity":"","_VenueCountry":"","_VenueProvince":"","_VenueState":"","_VenueZip":"","_VenuePhone":"","_VenueURL":"","_VenueStateProvince":"","_VenueLat":"","_VenueLng":"","_VenueShowMap":false,"_VenueShowMapLink":false,"footnotes":""},"categories":[596],"tags":[],"class_list":["post-33128","post","type-post","status-publish","format-standard","has-post-thumbnail","hentry","category-felietony","felietony"],"_links":{"self":[{"href":"https:\/\/kodmalopolska.pl\/index.php?rest_route=\/wp\/v2\/posts\/33128","targetHints":{"allow":["GET"]}}],"collection":[{"href":"https:\/\/kodmalopolska.pl\/index.php?rest_route=\/wp\/v2\/posts"}],"about":[{"href":"https:\/\/kodmalopolska.pl\/index.php?rest_route=\/wp\/v2\/types\/post"}],"author":[{"embeddable":true,"href":"https:\/\/kodmalopolska.pl\/index.php?rest_route=\/wp\/v2\/users\/34"}],"replies":[{"embeddable":true,"href":"https:\/\/kodmalopolska.pl\/index.php?rest_route=%2Fwp%2Fv2%2Fcomments&post=33128"}],"version-history":[{"count":0,"href":"https:\/\/kodmalopolska.pl\/index.php?rest_route=\/wp\/v2\/posts\/33128\/revisions"}],"wp:featuredmedia":[{"embeddable":true,"href":"https:\/\/kodmalopolska.pl\/index.php?rest_route=\/wp\/v2\/media\/20415"}],"wp:attachment":[{"href":"https:\/\/kodmalopolska.pl\/index.php?rest_route=%2Fwp%2Fv2%2Fmedia&parent=33128"}],"wp:term":[{"taxonomy":"category","embeddable":true,"href":"https:\/\/kodmalopolska.pl\/index.php?rest_route=%2Fwp%2Fv2%2Fcategories&post=33128"},{"taxonomy":"post_tag","embeddable":true,"href":"https:\/\/kodmalopolska.pl\/index.php?rest_route=%2Fwp%2Fv2%2Ftags&post=33128"}],"curies":[{"name":"wp","href":"https:\/\/api.w.org\/{rel}","templated":true}]}}