{"id":32831,"date":"2022-07-10T21:50:54","date_gmt":"2022-07-10T19:50:54","guid":{"rendered":"https:\/\/kodmalopolska.pl\/?p=32831"},"modified":"2022-07-10T21:50:57","modified_gmt":"2022-07-10T19:50:57","slug":"przerwa-operacyjna-felieton-fryderyka-zolla-405","status":"publish","type":"post","link":"https:\/\/kodmalopolska.pl\/?p=32831","title":{"rendered":"Przerwa operacyjna. Felieton Fryderyka Zolla (405)"},"content":{"rendered":"\n<h4 class=\"wp-block-heading\">Na frontach zapanowa\u0142 wzgl\u0119dny spok\u00f3j. To chwilowy odpoczynek, kt\u00f3ry nie niesie nic dobrego. Wkr\u00f3tce wojna rozp\u0119dzi si\u0119 na nowo, by\u0107 mo\u017ce uderzy ze zdwojon\u0105 si\u0142\u0105. Po potwornych stratach Rosjanie odbudowuj\u0105 swoj\u0105 armi\u0119. Trwa zaci\u0105g w \u0142agrach i wi\u0119zieniach, produkcja przestawia si\u0119 na wojenne tory.<\/h4>\n\n\n\n<p>Losy wojny zale\u017c\u0105 od tego, co w tym czasie zrobi Europa. Mo\u017cna teraz zdwoi\u0107 wysi\u0142ki dostarczenia Ukrainie wszystkiego, co potrzebne, w tym artylerii, amunicji, czo\u0142g\u00f3w, rakiet i samolot\u00f3w. Czy uda si\u0119 zniwelowa\u0107 przewag\u0119 moskalskiej armii? Mo\u017cna te\u017c ten okres uspokojenia przespa\u0107, co niechybnie sko\u0144czy si\u0119 kl\u0119sk\u0105 Ukrainy i Europy. Jest to moment pr\u00f3by dla nas wszystkich. Czy jeste\u015bmy w stanie si\u0119 zmobilizowa\u0107 jako spo\u0142ecze\u0144stwa Zachodu? Czy jeste\u015bmy w stanie pos\u0142a\u0107 znowu mundury, \u015brodki medyczne i inne wyposa\u017cenie konieczne, by da\u0107 odp\u00f3r wrogowi? Czy odpu\u015bcimy i b\u0119dziemy si\u0119 zmaga\u0107 z wrogiem na w\u0142asnym terytorium \u2013 szybciej ni\u017c nam si\u0119 wydaje?<\/p>\n\n\n\n<p>O to w tej wojnie chodzi i tyle od nas, w\u0142a\u015bnie od nas, zale\u017cy. Jak wykorzystamy czas przerwy operacyjnej? Pomo\u017cemy ocali\u0107 Ukrain\u0119 i nasz pok\u00f3j czy wkr\u00f3tce b\u0119dziemy z rozpacz\u0105 czeka\u0107 na pomoc Zachodu? Ona mo\u017ce wtedy nie nadej\u015b\u0107.<\/p>\n\n\n\n<p style=\"display: inline-block; vertical-align: middle;\"><a href=\"https:\/\/fundacjakurtyki.pl\/wsparcie-dla-ukrainy\/\"><img decoding=\"async\" src=\"https:\/\/kodmalopolska.pl\/wp-content\/uploads\/2022\/03\/Wsparcie-dla-Ukrainy-153x80-1.jpg\" alt=\"\"\/>&nbsp;&nbsp;Wesprzyj Ukrain\u0119 poprzez Fundacj\u0119 im. Janusza Kurtyki!<\/a><\/p>\n\n\n\n\n<hr class=\"wp-block-separator has-alpha-channel-opacity\"\/>\n\n\n\n<p><em>Felieton jest wyrazem opinii autora. Nie prezentuje stanowiska ZR Ma\u0142opolskie.<\/em><\/p>\n","protected":false},"excerpt":{"rendered":"<p>Na frontach zapanowa\u0142 wzgl\u0119dny spok\u00f3j. To chwilowy odpoczynek, kt\u00f3ry nie niesie nic dobrego. Wkr\u00f3tce wojna rozp\u0119dzi si\u0119 na nowo, by\u0107 mo\u017ce uderzy ze zdwojon\u0105 si\u0142\u0105. Po potwornych stratach Rosjanie odbudowuj\u0105 swoj\u0105 armi\u0119. Trwa zaci\u0105g w \u0142agrach i wi\u0119zieniach, produkcja przestawia si\u0119 na wojenne tory.<\/p>\n","protected":false},"author":34,"featured_media":29765,"comment_status":"closed","ping_status":"open","sticky":false,"template":"","format":"standard","meta":{"_EventAllDay":false,"_EventTimezone":"","_EventStartDate":"","_EventEndDate":"","_EventStartDateUTC":"","_EventEndDateUTC":"","_EventShowMap":false,"_EventShowMapLink":false,"_EventURL":"","_EventCost":"","_EventCostDescription":"","_EventCurrencySymbol":"","_EventCurrencyCode":"","_EventCurrencyPosition":"","_EventDateTimeSeparator":"","_EventTimeRangeSeparator":"","_EventOrganizerID":[],"_EventVenueID":[],"_OrganizerEmail":"","_OrganizerPhone":"","_OrganizerWebsite":"","_VenueAddress":"","_VenueCity":"","_VenueCountry":"","_VenueProvince":"","_VenueState":"","_VenueZip":"","_VenuePhone":"","_VenueURL":"","_VenueStateProvince":"","_VenueLat":"","_VenueLng":"","_VenueShowMap":false,"_VenueShowMapLink":false,"footnotes":""},"categories":[596,651],"tags":[],"class_list":["post-32831","post","type-post","status-publish","format-standard","has-post-thumbnail","hentry","category-felietony","category-ukraina-x-artykuly","felietony","ukraina-x-artykuly"],"_links":{"self":[{"href":"https:\/\/kodmalopolska.pl\/index.php?rest_route=\/wp\/v2\/posts\/32831","targetHints":{"allow":["GET"]}}],"collection":[{"href":"https:\/\/kodmalopolska.pl\/index.php?rest_route=\/wp\/v2\/posts"}],"about":[{"href":"https:\/\/kodmalopolska.pl\/index.php?rest_route=\/wp\/v2\/types\/post"}],"author":[{"embeddable":true,"href":"https:\/\/kodmalopolska.pl\/index.php?rest_route=\/wp\/v2\/users\/34"}],"replies":[{"embeddable":true,"href":"https:\/\/kodmalopolska.pl\/index.php?rest_route=%2Fwp%2Fv2%2Fcomments&post=32831"}],"version-history":[{"count":0,"href":"https:\/\/kodmalopolska.pl\/index.php?rest_route=\/wp\/v2\/posts\/32831\/revisions"}],"wp:featuredmedia":[{"embeddable":true,"href":"https:\/\/kodmalopolska.pl\/index.php?rest_route=\/wp\/v2\/media\/29765"}],"wp:attachment":[{"href":"https:\/\/kodmalopolska.pl\/index.php?rest_route=%2Fwp%2Fv2%2Fmedia&parent=32831"}],"wp:term":[{"taxonomy":"category","embeddable":true,"href":"https:\/\/kodmalopolska.pl\/index.php?rest_route=%2Fwp%2Fv2%2Fcategories&post=32831"},{"taxonomy":"post_tag","embeddable":true,"href":"https:\/\/kodmalopolska.pl\/index.php?rest_route=%2Fwp%2Fv2%2Ftags&post=32831"}],"curies":[{"name":"wp","href":"https:\/\/api.w.org\/{rel}","templated":true}]}}