{"id":32628,"date":"2022-06-18T05:02:31","date_gmt":"2022-06-18T03:02:31","guid":{"rendered":"https:\/\/kodmalopolska.pl\/?p=32628"},"modified":"2022-06-18T05:02:36","modified_gmt":"2022-06-18T03:02:36","slug":"sluga-felieton-fryderyka-zolla-403","status":"publish","type":"post","link":"https:\/\/kodmalopolska.pl\/?p=32628","title":{"rendered":"S\u0142uga. Felieton Fryderyka Zolla (403)"},"content":{"rendered":"\n<h4 class=\"wp-block-heading\">W nieocenionym czasopi\u015bmie przyrz\u0105dowym ukaza\u0142 si\u0119 artyku\u0142 Jana Fiedorczuka \u201ePolska s\u0142ug\u0105 Ukrainy\u201d. Autor krytykuje wypowiedzi polityk\u00f3w \u2013 nawet tych zwi\u0105zanych z&nbsp;w\u0142adz\u0105, takich jak Jan Maria Rokita lub Witold Waszczykowski \u2013 kt\u00f3rzy popieraniu Ukrainy przyznaj\u0105 polityczny priorytet. Fiedorczuk twierdzi, \u017ce polski rz\u0105d nie mo\u017ce si\u0119 zamieni\u0107 w&nbsp;s\u0142ug\u0119 Ukrainy. Praktyczny wniosek jest taki, \u017ce nale\u017cy po\u015bwi\u0119ci\u0107 interes Ukrainy, je\u017celi b\u0119dzie tego wymaga\u0142 interes Polski.<\/h4>\n\n\n\n<p>Jest to dylemat zupe\u0142nie fa\u0142szywy. Zatrzymanie inwazji rosyjskiej, a&nbsp;nast\u0119pnie pomoc w&nbsp;odbudowie Ukrainy i&nbsp;wspieranie jej integracji z&nbsp;Europ\u0105 le\u017c\u0105 w&nbsp;egzystencjalnym interesie Polski. Nie mo\u017cna si\u0119 zgodzi\u0107 z&nbsp;Klausem Bachmannem, kt\u00f3ry w&nbsp;obecno\u015bci Ukrainy w&nbsp;Unii Europejskiej dostrzega niebezpiecze\u0144stwo os\u0142abienia pozycji Polski. Gdyby\u015bmy nie stan\u0119li po stronie Ukrainy, musieliby\u015bmy \u017cy\u0107 z&nbsp;pi\u0119tnem zdrady wobec ludzi nam bliskich. Aspekt moralny jest wa\u017cny dla naszej pa\u0144stwowo\u015bci i&nbsp;wsp\u00f3lnoty, ale za pe\u0142nym zaanga\u017cowaniem si\u0119 we wspieranie Ukrainy i&nbsp;jej europejskich aspiracji przemawiaj\u0105 tak\u017ce wzgl\u0119dy pragmatyczne. Na wsch\u00f3d od nas nie mo\u017ce powsta\u0107 szara strefa. Jest to podstawowa nauka wyniesiona z&nbsp;historii najnowszej. Tch\u00f3rzostwo w&nbsp;polityce mi\u0119dzynarodowej srodze si\u0119 m\u015bci.<\/p>\n\n\n\n<p>Coraz cz\u0119\u015bciej s\u0142ycha\u0107 opinie wysoko postawionych wojskowych, \u017ce gdyby Ukrain\u0119 przyj\u0119to do NATO w&nbsp;2008 roku, nie dosz\u0142oby do dzisiejszych dramatycznych wydarze\u0144. Szara strefa na tych terenach stanowi\u0142a naturalne zaproszenie dla rosyjskiej agresji. Polska powinna si\u0119 teraz przestawi\u0107 na gospodark\u0119 wojenn\u0105 i&nbsp;wspiera\u0107 Ukrain\u0119 ca\u0142\u0105 moc\u0105 swojego przemys\u0142u zbrojeniowego; niezb\u0119dny by\u0142by program w&nbsp;postaci <em>lend-lease<\/em>. Czeka nas pogorszenie standardu \u017cycia, ale je\u017celi dzi\u0119ki temu zatrzymamy agresj\u0119 i&nbsp;stworzymy warunki dla bezpiecze\u0144stwa i&nbsp;pokoju, to wygramy. Trzeba zrobi\u0107 wszystko, aby Ukraina odbi\u0142a Cherso\u0144 (walcz\u0105 tam polskie T\u201172) i&nbsp;obroni\u0142a swoje pozycje w&nbsp;Donbasie. Rosja musi straci\u0107 mo\u017cliwo\u015b\u0107 szanta\u017cowania Europy zag\u0142odzeniem \u015bwiata.<\/p>\n\n\n\n<p>Aby\u015bmy mogli odgrywa\u0107 aktywn\u0105 rol\u0119 w&nbsp;Europie, forsowa\u0107 interesy naszego regionu i&nbsp;budowa\u0107 obszar sta\u0142ego bezpiecze\u0144stwa, musimy przesta\u0107 si\u0119 wyniszcza\u0107 od wewn\u0105trz. Trzeba w&nbsp;ko\u0144cu dostrzec, \u017ce dzia\u0142ania Ziobry i&nbsp;jego ludzi nie tylko kosztuj\u0105 nas miliardy, ale te\u017c odbieraj\u0105 nam pozycj\u0119 kraju, kt\u00f3ry mo\u017ce wyznacza\u0107 kierunki polityki europejskiej. Po\u017cegnajmy w&nbsp;ko\u0144cu Ziobr\u0119 i&nbsp;zacznijmy by\u0107 normalnym, dojrza\u0142ym pa\u0144stwem. To ju\u017c jest nie tylko nasza sprawa.<\/p>\n\n\n\n<p style=\"display: inline-block; vertical-align: middle;\"><a href=\"https:\/\/fundacjakurtyki.pl\/wsparcie-dla-ukrainy\/\"><img decoding=\"async\" src=\"https:\/\/kodmalopolska.pl\/wp-content\/uploads\/2022\/03\/Wsparcie-dla-Ukrainy-153x80-1.jpg\" alt=\"\"\/>&nbsp;&nbsp;Wesprzyj Ukrain\u0119 poprzez Fundacj\u0119 im. Janusza Kurtyki!<\/a><\/p>\n\n\n\n<hr class=\"wp-block-separator has-alpha-channel-opacity\"\/>\n\n\n\n<p><em>Felieton jest wyrazem opinii autora. Nie prezentuje stanowiska ZR Ma\u0142opolskie.<\/em><\/p>\n","protected":false},"excerpt":{"rendered":"<p>W nieocenionym czasopi\u015bmie przyrz\u0105dowym ukaza\u0142 si\u0119 artyku\u0142 Jana Fiedorczuka \u201ePolska s\u0142ug\u0105 Ukrainy\u201d. Autor krytykuje wypowiedzi polityk\u00f3w \u2013 nawet tych zwi\u0105zanych z\u00a0w\u0142adz\u0105, takich jak Jan Maria Rokita lub Witold Waszczykowski \u2013 kt\u00f3rzy popieraniu Ukrainy przyznaj\u0105 polityczny priorytet. Fiedorczuk twierdzi, \u017ce polski rz\u0105d nie mo\u017ce si\u0119 zamieni\u0107 w\u00a0s\u0142ug\u0119 Ukrainy. Praktyczny wniosek jest taki, \u017ce nale\u017cy po\u015bwi\u0119ci\u0107 interes Ukrainy, je\u017celi b\u0119dzie tego wymaga\u0142 interes Polski.<\/p>\n","protected":false},"author":2,"featured_media":29765,"comment_status":"closed","ping_status":"open","sticky":false,"template":"","format":"standard","meta":{"_EventAllDay":false,"_EventTimezone":"","_EventStartDate":"","_EventEndDate":"","_EventStartDateUTC":"","_EventEndDateUTC":"","_EventShowMap":false,"_EventShowMapLink":false,"_EventURL":"","_EventCost":"","_EventCostDescription":"","_EventCurrencySymbol":"","_EventCurrencyCode":"","_EventCurrencyPosition":"","_EventDateTimeSeparator":"","_EventTimeRangeSeparator":"","_EventOrganizerID":[],"_EventVenueID":[],"_OrganizerEmail":"","_OrganizerPhone":"","_OrganizerWebsite":"","_VenueAddress":"","_VenueCity":"","_VenueCountry":"","_VenueProvince":"","_VenueState":"","_VenueZip":"","_VenuePhone":"","_VenueURL":"","_VenueStateProvince":"","_VenueLat":"","_VenueLng":"","_VenueShowMap":false,"_VenueShowMapLink":false,"footnotes":""},"categories":[596,651],"tags":[601],"class_list":["post-32628","post","type-post","status-publish","format-standard","has-post-thumbnail","hentry","category-felietony","category-ukraina-x-artykuly","tag-fryderyk-zoll","felietony","ukraina-x-artykuly"],"_links":{"self":[{"href":"https:\/\/kodmalopolska.pl\/index.php?rest_route=\/wp\/v2\/posts\/32628","targetHints":{"allow":["GET"]}}],"collection":[{"href":"https:\/\/kodmalopolska.pl\/index.php?rest_route=\/wp\/v2\/posts"}],"about":[{"href":"https:\/\/kodmalopolska.pl\/index.php?rest_route=\/wp\/v2\/types\/post"}],"author":[{"embeddable":true,"href":"https:\/\/kodmalopolska.pl\/index.php?rest_route=\/wp\/v2\/users\/2"}],"replies":[{"embeddable":true,"href":"https:\/\/kodmalopolska.pl\/index.php?rest_route=%2Fwp%2Fv2%2Fcomments&post=32628"}],"version-history":[{"count":0,"href":"https:\/\/kodmalopolska.pl\/index.php?rest_route=\/wp\/v2\/posts\/32628\/revisions"}],"wp:featuredmedia":[{"embeddable":true,"href":"https:\/\/kodmalopolska.pl\/index.php?rest_route=\/wp\/v2\/media\/29765"}],"wp:attachment":[{"href":"https:\/\/kodmalopolska.pl\/index.php?rest_route=%2Fwp%2Fv2%2Fmedia&parent=32628"}],"wp:term":[{"taxonomy":"category","embeddable":true,"href":"https:\/\/kodmalopolska.pl\/index.php?rest_route=%2Fwp%2Fv2%2Fcategories&post=32628"},{"taxonomy":"post_tag","embeddable":true,"href":"https:\/\/kodmalopolska.pl\/index.php?rest_route=%2Fwp%2Fv2%2Ftags&post=32628"}],"curies":[{"name":"wp","href":"https:\/\/api.w.org\/{rel}","templated":true}]}}