{"id":32512,"date":"2022-06-07T16:48:02","date_gmt":"2022-06-07T14:48:02","guid":{"rendered":"https:\/\/kodmalopolska.pl\/?p=32512"},"modified":"2022-06-07T17:07:15","modified_gmt":"2022-06-07T15:07:15","slug":"urojenia-unia-i-boris-johnson-felieton-fryderyka-zolla-401","status":"publish","type":"post","link":"https:\/\/kodmalopolska.pl\/?p=32512","title":{"rendered":"Urojenia, Unia i Boris Johnson. Felieton Fryderyka Zolla (401)"},"content":{"rendered":"\n<h4 class=\"wp-block-heading\">W \u201eGazecie Wyborczej\u201d Antoni Podolski przestrzega przed rojeniami o&nbsp;unii polsko-ukrai\u0144skiej, kt\u00f3ra po\u0142\u0105czona z&nbsp;zap\u0119dami Wielkiej Brytanii mo\u017ce w&nbsp;marzeniach PiS-owskich planist\u00f3w sta\u0107 si\u0119 sposobem na os\u0142abienie Unii Europejskiej. Czyta\u0142em ten artyku\u0142 z&nbsp;mieszanymi uczuciami. Nic, co os\u0142abia Uni\u0119 Europejsk\u0105, nie b\u0119dzie s\u0142u\u017cy\u0107 ani Polsce, ani Ukrainie. Mo\u017cna te\u017c mie\u0107 pewno\u015b\u0107, \u017ce wszelkie projekty naszych intermarian\u00f3w zamieni\u0105 si\u0119 w&nbsp;substancj\u0119 ca\u0142kowicie odmienn\u0105 od z\u0142ota. Jednak to, co si\u0119 dokona\u0142o w&nbsp;stosunkach polsko-ukrai\u0144skich, nie mo\u017ce zawisn\u0105\u0107 w&nbsp;pr\u00f3\u017cni.<\/h4>\n\n\n\n<p>Granica polsko-ukrai\u0144ska powinna jak najszybciej si\u0119 sta\u0107 jedynie lini\u0105 na mapie. Ukraina jak najszybciej powinna si\u0119 znale\u017a\u0107 w&nbsp;Europejskim Obszarze Gospodarczym. Integracja Ukrainy z&nbsp;Uni\u0105 Europejsk\u0105, odbudowa kraju zniszczonego wojn\u0105 i&nbsp;wspieranie silnego ukrai\u0144skiego pa\u0144stwa s\u0105 dla Polski wymogami racji stanu. Aby jednak Polska mog\u0142a skutecznie te wymogi realizowa\u0107 (cho\u0107by uwieraj\u0105c Uni\u0119), musi natychmiast zako\u0144czy\u0107 idiotyczny demonta\u017c s\u0105downictwa, destrukcj\u0119 prowadzon\u0105 w&nbsp;interesie \u2013 je\u015bli nie na zlecenie \u2013 Putina. Gdyby przyj\u0119to ustaw\u0119 Dudy z&nbsp;poprawkami Senatu, pojawi\u0142aby si\u0119 realna szansa na zamkni\u0119cie tego dramatycznego, gro\u017anego epizodu historii Polski. To by nam znowu otworzy\u0142o mo\u017cliwo\u015b\u0107 dzia\u0142ania, \u0142\u0105cznie z&nbsp;koniecznym ograniczeniem szkodliwo\u015bci agenta Rosji w&nbsp;Unii, jakim s\u0105 W\u0119gry.<\/p>\n\n\n\n<p>Unia polsko-ukrai\u0144ska nie jest rojeniem, musi tylko przybra\u0107 posta\u0107, kt\u00f3ra w&nbsp;\u017caden spos\u00f3b nie zagrozi ani UE, ani suwerenno\u015bci obu kraj\u00f3w. Wzory istniej\u0105: Benelux lub (jeszcze lepiej) Rada Nordycka, \u0142\u0105cz\u0105ca kraje unijne i&nbsp;spoza Unii. By\u0142oby to wielkie osi\u0105gni\u0119cie. Je\u015bli za\u015b chodzi o&nbsp;Johnsona, na pewno trzeba uwa\u017ca\u0107 na jego projekty, bo mog\u0105 Uni\u0119 os\u0142abi\u0107. Dziwi\u0105c si\u0119 jednak sam sobie, trzyma\u0142em wczoraj kciuki, aby go nie odwo\u0142ano. Wprawdzie libacje na Downing Street nie s\u0105 dobr\u0105 rzecz\u0105 dla premiera, ale Johnson okaza\u0142 si\u0119 przyw\u00f3dc\u0105 Zachodu, kt\u00f3ry zrozumia\u0142, o&nbsp;co toczy si\u0119 walka na wschodzie, i&nbsp;jako jeden z&nbsp;niewielu dor\u00f3s\u0142 do swojej funkcji. Tak ju\u017c bywa, \u017ce wojna jednych o\u015bmiesza, a&nbsp;drugim przyprawia skrzyd\u0142a.<\/p>\n\n\n\n<p style=\"display: inline-block; vertical-align: middle;\"><a href=\"https:\/\/fundacjakurtyki.pl\/wsparcie-dla-ukrainy\/\"><img decoding=\"async\" src=\"https:\/\/kodmalopolska.pl\/wp-content\/uploads\/2022\/03\/Wsparcie-dla-Ukrainy-153x80-1.jpg\" alt=\"\"\/>&nbsp;&nbsp;Wesprzyj Ukrain\u0119 poprzez Fundacj\u0119 im. Janusza Kurtyki!<\/a><\/p>\n\n\n\n<hr class=\"wp-block-separator has-alpha-channel-opacity\"\/>\n\n\n\n<p><em>Felieton jest wyrazem opinii autora. Nie prezentuje stanowiska ZR Ma\u0142opolskie.<\/em><\/p>\n","protected":false},"excerpt":{"rendered":"<p>W \u201eGazecie Wyborczej\u201d Antoni Podolski przestrzega przed rojeniami o\u00a0unii polsko-ukrai\u0144skiej, kt\u00f3ra po\u0142\u0105czona z\u00a0zap\u0119dami Wielkiej Brytanii mo\u017ce w\u00a0marzeniach PiS-owskich planist\u00f3w sta\u0107 si\u0119 sposobem na os\u0142abienie Unii Europejskiej. Czyta\u0142em ten artyku\u0142 z\u00a0mieszanymi uczuciami. Nic, co os\u0142abia Uni\u0119 Europejsk\u0105, nie b\u0119dzie s\u0142u\u017cy\u0107 ani Polsce, ani Ukrainie. Mo\u017cna te\u017c mie\u0107 pewno\u015b\u0107, \u017ce wszelkie projekty naszych intermarian\u00f3w zamieni\u0105 si\u0119 w\u00a0substancj\u0119 ca\u0142kowicie odmienn\u0105 od z\u0142ota. Jednak to, co si\u0119 dokona\u0142o w\u00a0stosunkach polsko-ukrai\u0144skich, nie mo\u017ce zawisn\u0105\u0107 w\u00a0pr\u00f3\u017cni.<\/p>\n","protected":false},"author":2,"featured_media":29765,"comment_status":"closed","ping_status":"open","sticky":false,"template":"","format":"standard","meta":{"_EventAllDay":false,"_EventTimezone":"","_EventStartDate":"","_EventEndDate":"","_EventStartDateUTC":"","_EventEndDateUTC":"","_EventShowMap":false,"_EventShowMapLink":false,"_EventURL":"","_EventCost":"","_EventCostDescription":"","_EventCurrencySymbol":"","_EventCurrencyCode":"","_EventCurrencyPosition":"","_EventDateTimeSeparator":"","_EventTimeRangeSeparator":"","_EventOrganizerID":[],"_EventVenueID":[],"_OrganizerEmail":"","_OrganizerPhone":"","_OrganizerWebsite":"","_VenueAddress":"","_VenueCity":"","_VenueCountry":"","_VenueProvince":"","_VenueState":"","_VenueZip":"","_VenuePhone":"","_VenueURL":"","_VenueStateProvince":"","_VenueLat":"","_VenueLng":"","_VenueShowMap":false,"_VenueShowMapLink":false,"footnotes":""},"categories":[596,651],"tags":[601],"class_list":["post-32512","post","type-post","status-publish","format-standard","has-post-thumbnail","hentry","category-felietony","category-ukraina-x-artykuly","tag-fryderyk-zoll","felietony","ukraina-x-artykuly"],"_links":{"self":[{"href":"https:\/\/kodmalopolska.pl\/index.php?rest_route=\/wp\/v2\/posts\/32512","targetHints":{"allow":["GET"]}}],"collection":[{"href":"https:\/\/kodmalopolska.pl\/index.php?rest_route=\/wp\/v2\/posts"}],"about":[{"href":"https:\/\/kodmalopolska.pl\/index.php?rest_route=\/wp\/v2\/types\/post"}],"author":[{"embeddable":true,"href":"https:\/\/kodmalopolska.pl\/index.php?rest_route=\/wp\/v2\/users\/2"}],"replies":[{"embeddable":true,"href":"https:\/\/kodmalopolska.pl\/index.php?rest_route=%2Fwp%2Fv2%2Fcomments&post=32512"}],"version-history":[{"count":0,"href":"https:\/\/kodmalopolska.pl\/index.php?rest_route=\/wp\/v2\/posts\/32512\/revisions"}],"wp:featuredmedia":[{"embeddable":true,"href":"https:\/\/kodmalopolska.pl\/index.php?rest_route=\/wp\/v2\/media\/29765"}],"wp:attachment":[{"href":"https:\/\/kodmalopolska.pl\/index.php?rest_route=%2Fwp%2Fv2%2Fmedia&parent=32512"}],"wp:term":[{"taxonomy":"category","embeddable":true,"href":"https:\/\/kodmalopolska.pl\/index.php?rest_route=%2Fwp%2Fv2%2Fcategories&post=32512"},{"taxonomy":"post_tag","embeddable":true,"href":"https:\/\/kodmalopolska.pl\/index.php?rest_route=%2Fwp%2Fv2%2Ftags&post=32512"}],"curies":[{"name":"wp","href":"https:\/\/api.w.org\/{rel}","templated":true}]}}