{"id":32180,"date":"2022-05-17T21:06:11","date_gmt":"2022-05-17T19:06:11","guid":{"rendered":"https:\/\/kodmalopolska.pl\/?p=32180"},"modified":"2022-05-17T21:06:14","modified_gmt":"2022-05-17T19:06:14","slug":"ktos-puka-felieton-joanny-handerek-81","status":"publish","type":"post","link":"https:\/\/kodmalopolska.pl\/?p=32180","title":{"rendered":"Kto\u015b puka.\u00a0Felieton Joanny Ha\u0144derek (81)"},"content":{"rendered":"\n<h4 class=\"wp-block-heading\">W moim dzisiejszym felietonie o konsekwencjach oboj\u0119tno\u015bci i o pewnym zadziwiaj\u0105cym fakcie: zawsze gdy my\u015blimy, \u017ce PiS dosz\u0142o ju\u017c do granic swoich mo\u017cliwo\u015bci, partia posuwa si\u0119 jeszcze dalej. Kolejna kadencja Glapi\u0144skiego na stanowisku szefa NBP jest tego wyrazistym przyk\u0142adem. Nie tylko o t\u0119 granic\u0119 jednak tu chodzi. Dzieje si\u0119 co\u015b wi\u0119cej. Granice i mury coraz bardziej nas otaczaj\u0105.<\/h4>\n\n\n\n<p>Jak si\u0119 okazuje, nie ma dna, spod kt\u00f3rego nie us\u0142ysza\u0142oby si\u0119 pukania. Rz\u0105dy PiS-u w zasadzie powinny nas przyzwyczai\u0107, \u017ce schodzimy coraz ni\u017cej poza logik\u0119, poza demokracj\u0119, poza zdrowy rozs\u0105dek, poza prawo. Adam Glapi\u0144ski pozosta\u0142 na drug\u0105 kadencj\u0119 szefem NBP. Wcze\u015bniej Sejm wybra\u0142 pi\u0119tnastu s\u0119dzi\u00f3w neo-KRS. Pi\u0119kna wymiana przys\u0142ug: my poprzemy wam s\u0119dzi\u00f3w, a wy nam Glapi\u0144skiego. To, \u017ce na tych interesach przegrywaj\u0105 Polacy, wygranych nie interesuje. Ziobro ma swoich ludzi, a Kaczy\u0144ski swojego cz\u0142owieka. Nikt ju\u017c nawet nie pr\u00f3buje przypudrowywa\u0107 tych uk\u0142ad\u00f3w opowie\u015bciami o konieczno\u015bci dziejowej. Panowie si\u0119 dogadali, a my przez lata b\u0119dziemy p\u0142aci\u0107 za to brakiem dofinansowania z UE, karami za \u0142amanie prawa, pensjami za nicnierobienie w zarz\u0105dzie NBP. Do tego inflacja, rozchwiana gospodarka. A to chyba jeszcze nie koniec odg\u0142os\u00f3w spod spodu.<\/p>\n\n\n\n<p>Maj, wiosna wybuch\u0142a pe\u0142ni\u0105 kolor\u00f3w i zapach\u00f3w. Nie jest jednak weso\u0142o. Nasi s\u0105siedzi umieraj\u0105 za sw\u00f3j kraj, w Ukrainie wojna poci\u0105ga za sob\u0105 coraz wi\u0119cej ofiar, coraz wi\u0119cej okrucie\u0144stwa i rozpaczy. Na granicy z Bia\u0142orusi\u0105 ro\u015bnie mur, a uchod\u017acy z Bliskiego Wschodu umieraj\u0105 w zapomnieniu, porzuceni w lesie tylko dlatego, \u017ce nie s\u0105 \u201enaszymi\u201d uchod\u017acami. Ludzie, kt\u00f3rych nikt nie chce ani w Bia\u0142orusi, ani w Polsce, zamkni\u0119ci w pu\u0142apce nienawi\u015bci, ca\u0142kowicie niewidoczni dla naszej empatii. Gdy ju\u017c pojawi\u0142a si\u0119 nadzieja, \u017ce tak bardzo przej\u0119li\u015bmy si\u0119 losem uchod\u017ac\u00f3w, \u017ce tak bardzo chcemy im pom\u00f3c, gdy otwarli\u015bmy nasze domy dla uchod\u017aczy\u0144 z Ukrainy, okaza\u0142o si\u0119, \u017ce to nic nie zmienia dla innych. Na granicy z Bia\u0142orusi\u0105 ludzie choruj\u0105, umieraj\u0105, znikaj\u0105. Nie ma serca, nie ma debaty, nie ma protest\u00f3w, nie ma wsparcia. Cisza. Mur ro\u015bnie.<\/p>\n\n\n\n<p>Granice naszego sumienia pozostaj\u0105 szczelnie zamkni\u0119te. Po\u017cywk\u0105 dla totalnej w\u0142adzy jest oboj\u0119tno\u015b\u0107. Nasze spo\u0142ecze\u0144stwo da\u0142o si\u0119 u\u015bpi\u0107, zag\u0142aska\u0107, zagada\u0107. Zrobi\u0142o si\u0119 spokojnie. Prezes NBP mo\u017ce opowiada\u0107 o cudzie gospodarczym i nikogo to ju\u017c nie dziwi. Podobnie jest z murem na granicy z Bia\u0142orusi\u0105. To taki absurd polski, bareizm wiecznie \u017cywy. Budzimy si\u0119 tylko na chwil\u0119 w porywach serca, w wielkich protestach i wiecach, w spontanicznym ruchu wspierania uchod\u017ac\u00f3w i uchod\u017aczy\u0144 z Ukrainy, a potem dalej \u015bnimy nasz sen polskiego bez\u0142adu. Mo\u017ce troch\u0119 czekamy, a\u017c opozycja wreszcie si\u0119 zjednoczy, mo\u017ce troch\u0119 nam si\u0119 roi, \u017ce wreszcie dostaniemy program, na kt\u00f3ry warto zag\u0142osowa\u0107. Wiosna jednak przynosi wa\u017cniejsze sprawy: d\u0142ugie weekendy, maj\u00f3wki, perspektyw\u0119 letniego urlopu.<\/p>\n\n\n\n<p>Podobno nie ma dna, spod kt\u00f3rego nie us\u0142yszy si\u0119 pukania. Korupcja, wzajemne oszukiwanie si\u0119 i wykorzystywanie zdaj\u0105 si\u0119 nieograniczone, tak samo jak cierpliwo\u015b\u0107 i oboj\u0119tno\u015b\u0107. W\u0142adza totalna \u017cywi si\u0119 zw\u0142aszcza oboj\u0119tno\u015bci\u0105. Dzia\u0142ania twardej r\u0119ki, dzia\u0142ania na pokaz, jak budowanie muru na granicy, to chore sny w\u0142adzy. Donald Trump te\u017c chcia\u0142 murem odizolowa\u0107 USA od Meksyku. Ka\u017cdy totalny w\u0142adca ma w galerii swoich pomys\u0142\u00f3w kuriozaln\u0105 izolacj\u0119. Problem w tym, \u017ce my izolujemy si\u0119 sami wobec siebie. To nie sam mur jest tak niebezpieczny (cho\u0107 nie lekcewa\u017c\u0119 jego skutk\u00f3w humanitarnych i ekologicznych), ale nasza oboj\u0119tno\u015b\u0107. Za szybko odpuszczamy, za szybko nam przechodzi, nasz zapa\u0142 ci\u0105gle okazuje si\u0119 s\u0142omiany.<\/p>\n\n\n\n<p>Ulice zape\u0142ni\u0142y si\u0119 spacerowiczami, a nie protestuj\u0105cymi. Tymczasem nasz kraj od wewn\u0105trz i na zewn\u0105trz coraz bardziej si\u0119 zamyka. Nowi s\u0119dziowie neo-KRS wybrani w trybie uk\u0142adu politycznego przy sprzeciwie i krytyce \u0142amania praworz\u0105dno\u015bci ze strony UE to bardzo niebezpieczny znak, \u017ce zaprzepaszczamy swoj\u0105 najwi\u0119ksz\u0105 szans\u0119. Nierespektowanie zasad Unii, odwracanie si\u0119 od niej przez jawne \u0142amanie jej praw w dobie wojny Putina i jego plan\u00f3w Wielkiej Rosji to budowanie jeszcze jednego muru na granicy, tym razem granicy niemiecko-polskiej. Powiedz\u0105 Pa\u0144stwo, \u017ce przesadzam. No c\u00f3\u017c, pono\u0107 nie ma dna, spod kt\u00f3rego nie us\u0142ysza\u0142oby si\u0119 pukania.<\/p>\n\n\n\n<hr class=\"wp-block-separator\"\/>\n\n\n\n<p><em>Felieton jest wyrazem opinii autorki. Nie prezentuje stanowiska ZR Ma\u0142opolskie<\/em><\/p>\n","protected":false},"excerpt":{"rendered":"<p>W moim dzisiejszym felietonie o konsekwencjach oboj\u0119tno\u015bci i o pewnym zadziwiaj\u0105cym fakcie: zawsze gdy my\u015blimy, \u017ce PiS dosz\u0142o ju\u017c do granic swoich mo\u017cliwo\u015bci, partia posuwa si\u0119 jeszcze dalej. Kolejna kadencja Glapi\u0144skiego na stanowisku szefa NBP jest tego wyrazistym przyk\u0142adem. Nie tylko o t\u0119 granic\u0119 jednak tu chodzi. Dzieje si\u0119 co\u015b wi\u0119cej. Granice i mury coraz bardziej nas otaczaj\u0105.<\/p>\n","protected":false},"author":34,"featured_media":19411,"comment_status":"closed","ping_status":"open","sticky":false,"template":"","format":"standard","meta":{"_EventAllDay":false,"_EventTimezone":"","_EventStartDate":"","_EventEndDate":"","_EventStartDateUTC":"","_EventEndDateUTC":"","_EventShowMap":false,"_EventShowMapLink":false,"_EventURL":"","_EventCost":"","_EventCostDescription":"","_EventCurrencySymbol":"","_EventCurrencyCode":"","_EventCurrencyPosition":"","_EventDateTimeSeparator":"","_EventTimeRangeSeparator":"","_EventOrganizerID":[],"_EventVenueID":[],"_OrganizerEmail":"","_OrganizerPhone":"","_OrganizerWebsite":"","_VenueAddress":"","_VenueCity":"","_VenueCountry":"","_VenueProvince":"","_VenueState":"","_VenueZip":"","_VenuePhone":"","_VenueURL":"","_VenueStateProvince":"","_VenueLat":"","_VenueLng":"","_VenueShowMap":false,"_VenueShowMapLink":false,"footnotes":""},"categories":[596],"tags":[],"class_list":["post-32180","post","type-post","status-publish","format-standard","has-post-thumbnail","hentry","category-felietony","felietony"],"_links":{"self":[{"href":"https:\/\/kodmalopolska.pl\/index.php?rest_route=\/wp\/v2\/posts\/32180","targetHints":{"allow":["GET"]}}],"collection":[{"href":"https:\/\/kodmalopolska.pl\/index.php?rest_route=\/wp\/v2\/posts"}],"about":[{"href":"https:\/\/kodmalopolska.pl\/index.php?rest_route=\/wp\/v2\/types\/post"}],"author":[{"embeddable":true,"href":"https:\/\/kodmalopolska.pl\/index.php?rest_route=\/wp\/v2\/users\/34"}],"replies":[{"embeddable":true,"href":"https:\/\/kodmalopolska.pl\/index.php?rest_route=%2Fwp%2Fv2%2Fcomments&post=32180"}],"version-history":[{"count":0,"href":"https:\/\/kodmalopolska.pl\/index.php?rest_route=\/wp\/v2\/posts\/32180\/revisions"}],"wp:featuredmedia":[{"embeddable":true,"href":"https:\/\/kodmalopolska.pl\/index.php?rest_route=\/wp\/v2\/media\/19411"}],"wp:attachment":[{"href":"https:\/\/kodmalopolska.pl\/index.php?rest_route=%2Fwp%2Fv2%2Fmedia&parent=32180"}],"wp:term":[{"taxonomy":"category","embeddable":true,"href":"https:\/\/kodmalopolska.pl\/index.php?rest_route=%2Fwp%2Fv2%2Fcategories&post=32180"},{"taxonomy":"post_tag","embeddable":true,"href":"https:\/\/kodmalopolska.pl\/index.php?rest_route=%2Fwp%2Fv2%2Ftags&post=32180"}],"curies":[{"name":"wp","href":"https:\/\/api.w.org\/{rel}","templated":true}]}}