{"id":31548,"date":"2022-04-07T11:24:32","date_gmt":"2022-04-07T09:24:32","guid":{"rendered":"https:\/\/kodmalopolska.pl\/?p=31548"},"modified":"2022-04-07T12:42:16","modified_gmt":"2022-04-07T10:42:16","slug":"gulasz-hanby-felieton-fryderyka-zolla-384","status":"publish","type":"post","link":"https:\/\/kodmalopolska.pl\/?p=31548","title":{"rendered":"Gulasz ha\u0144by. Felieton Fryderyka Zolla (384)"},"content":{"rendered":"\n<h4 class=\"wp-block-heading\">Premier Orban wygra\u0142 wybory i&nbsp;zdoby\u0142 wi\u0119kszo\u015b\u0107 konstytucyjn\u0105. Gdy dogorywa Mariupol, gdy odkrywano zbrodnie w&nbsp;Buczy, Orban wymienia\u0142 przeciwnik\u00f3w, z&nbsp;jakimi przysz\u0142o mu si\u0119 mierzy\u0107: mi\u0119dzy innymi Bruksel\u0119 i&nbsp;bohaterskiego prezydenta Ukrainy Wo\u0142odymyra Ze\u0142enskiego. W&nbsp;tym samym czasie dotar\u0142y do Orbana gratulacje Ziobry.<\/h4>\n\n\n\n<p>Premier W\u0119gier o\u015bwiadczy\u0142 te\u017c, \u017ce je\u017celi za moskiewski gaz trzeba b\u0119dzie p\u0142aci\u0107 rublami, to W\u0119gry zap\u0142ac\u0105. Josef Borell, wysoki przedstawiciel Unii ds. bezpiecze\u0144stwa i&nbsp;polityki zagranicznej, wskaza\u0142, \u017ce od pocz\u0105tku wojny Unia przekaza\u0142a Ukrainie oko\u0142o miliarda euro, a&nbsp;Rosji zap\u0142aci\u0142a za surowce 25 miliard\u00f3w. W&nbsp;ka\u017cdym naboju wystrzelonym w&nbsp;Buczy mamy wi\u0119c sw\u00f3j finansowy udzia\u0142.<\/p>\n\n\n\n<p>Z&nbsp;przera\u017ceniem patrz\u0119 na francuskie sonda\u017ce przedwyborcze, w&nbsp;kt\u00f3rych zmniejsza si\u0119 r\u00f3\u017cnica mi\u0119dzy Le Pen a&nbsp;prezydentem Macronem. Tu przebiegaj\u0105 polityczne granice front\u00f3w z&nbsp;lud\u017ami Putina. A&nbsp;w&nbsp;tej wojnie, jak w&nbsp;ma\u0142o kt\u00f3rej, wszystko jest jednoznaczne. Z&nbsp;Kremla p\u0142yn\u0105 ju\u017c otwartym tekstem sygna\u0142y o&nbsp;konieczno\u015bci unicestwienia Ukrainy jako pa\u0144stwa oraz wymordowania jej obywateli.<\/p>\n\n\n\n<p>Orban, kt\u00f3ry zorganizowa\u0142 oligarchi\u0119 paso\u017cytuj\u0105c\u0105 na strumieniach pieni\u0119dzy z&nbsp;Unii i&nbsp;na taniej energii z&nbsp;Rosji, ma sw\u00f3j interes w&nbsp;popieraniu Putina. Jaros\u0142aw Kaczy\u0144ski Orbana rozumie: zwraca uwag\u0119 na historyczne konteksty jakoby uzasadniaj\u0105ce decyzje premiera W\u0119gier. Zastanawiam si\u0119, o&nbsp;kt\u00f3re to konteksty chodzi. Czy\u017cby o&nbsp;zak\u0142ut\u0105 carskimi bagnetami w\u0119giersk\u0105 wiosn\u0119 lud\u00f3w i&nbsp;rozjechane czo\u0142gami powstanie w\u0119gierskie z&nbsp;56 roku? Zapewne nie. Dla Orbana konteksty tworzy wizja gulaszowo\u015bci oligarchiczno-nacjonalistycznej. Aby j\u0105 utrzyma\u0107, wybiera przy owacjach Ziobry gulaszow\u0105 ha\u0144b\u0119 w&nbsp;moskiewskim sosie. Dlatego W\u0119gry nie przepuszcz\u0105 pomocy dla Ukrainy przez swoje terytorium, dlatego maj\u0105 pilnowa\u0107, by w&nbsp;Unii zabrak\u0142o jedno\u015bci.<\/p>\n\n\n\n<p>Czas wojny tworzy gigant\u00f3w, kt\u00f3rzy zapisuj\u0105 si\u0119 w&nbsp;historii jako ci, kt\u00f3rzy w&nbsp;najtrudniejszych warunkach ratowali cz\u0142owiecze\u0144stwo \u015bwiata. Prezydent Ze\u0142enski stan\u0105\u0142 ju\u017c obok Churchilla i&nbsp;de&nbsp;Gaulle\u2019a. Czas wojny zarazem demaskuje tych, kt\u00f3rzy dla w\u0142adzy i&nbsp;pieni\u0119dzy s\u0105 gotowi k\u0105pa\u0107 si\u0119 w&nbsp;gulaszu ha\u0144by. Kandydat\u00f3w do tej k\u0105pieli nie brakuje tak\u017ce u&nbsp;nas i&nbsp;w&nbsp;ca\u0142ej Europie.<\/p>\n\n\n\n<p style=\"display: inline-block; vertical-align: middle;\"><a href=\"https:\/\/fundacjakurtyki.pl\/wsparcie-dla-ukrainy\/\"><img decoding=\"async\" src=\"https:\/\/kodmalopolska.pl\/wp-content\/uploads\/2022\/03\/Wsparcie-dla-Ukrainy-153x80-1.jpg\" alt=\"\"\/>&nbsp;&nbsp;Wesprzyj Ukrain\u0119 poprzez Fundacj\u0119 im. Janusza Kurtyki!<\/a><\/p>\n\n\n\n<hr class=\"wp-block-separator\"\/>\n\n\n\n<p><em>Felieton jest wyrazem opinii autora. Nie prezentuje stanowiska ZR Ma\u0142opolskie.<\/em><\/p>\n","protected":false},"excerpt":{"rendered":"<p>Premier Orban wygra\u0142 wybory i\u00a0zdoby\u0142 wi\u0119kszo\u015b\u0107 konstytucyjn\u0105. Gdy dogorywa Mariupol, gdy odkrywano zbrodnie w\u00a0Buczy, Orban wymienia\u0142 przeciwnik\u00f3w, z\u00a0jakimi przysz\u0142o mu si\u0119 mierzy\u0107: mi\u0119dzy innymi Bruksel\u0119 i\u00a0bohaterskiego prezydenta Ukrainy Wo\u0142odymyra Ze\u0142enskiego. W\u00a0tym samym czasie dotar\u0142y do Orbana gratulacje Ziobry.<\/p>\n","protected":false},"author":2,"featured_media":29765,"comment_status":"closed","ping_status":"open","sticky":false,"template":"","format":"standard","meta":{"_EventAllDay":false,"_EventTimezone":"","_EventStartDate":"","_EventEndDate":"","_EventStartDateUTC":"","_EventEndDateUTC":"","_EventShowMap":false,"_EventShowMapLink":false,"_EventURL":"","_EventCost":"","_EventCostDescription":"","_EventCurrencySymbol":"","_EventCurrencyCode":"","_EventCurrencyPosition":"","_EventDateTimeSeparator":"","_EventTimeRangeSeparator":"","_EventOrganizerID":[],"_EventVenueID":[],"_OrganizerEmail":"","_OrganizerPhone":"","_OrganizerWebsite":"","_VenueAddress":"","_VenueCity":"","_VenueCountry":"","_VenueProvince":"","_VenueState":"","_VenueZip":"","_VenuePhone":"","_VenueURL":"","_VenueStateProvince":"","_VenueLat":"","_VenueLng":"","_VenueShowMap":false,"_VenueShowMapLink":false,"footnotes":""},"categories":[596],"tags":[601],"class_list":["post-31548","post","type-post","status-publish","format-standard","has-post-thumbnail","hentry","category-felietony","tag-fryderyk-zoll","felietony"],"_links":{"self":[{"href":"https:\/\/kodmalopolska.pl\/index.php?rest_route=\/wp\/v2\/posts\/31548","targetHints":{"allow":["GET"]}}],"collection":[{"href":"https:\/\/kodmalopolska.pl\/index.php?rest_route=\/wp\/v2\/posts"}],"about":[{"href":"https:\/\/kodmalopolska.pl\/index.php?rest_route=\/wp\/v2\/types\/post"}],"author":[{"embeddable":true,"href":"https:\/\/kodmalopolska.pl\/index.php?rest_route=\/wp\/v2\/users\/2"}],"replies":[{"embeddable":true,"href":"https:\/\/kodmalopolska.pl\/index.php?rest_route=%2Fwp%2Fv2%2Fcomments&post=31548"}],"version-history":[{"count":0,"href":"https:\/\/kodmalopolska.pl\/index.php?rest_route=\/wp\/v2\/posts\/31548\/revisions"}],"wp:featuredmedia":[{"embeddable":true,"href":"https:\/\/kodmalopolska.pl\/index.php?rest_route=\/wp\/v2\/media\/29765"}],"wp:attachment":[{"href":"https:\/\/kodmalopolska.pl\/index.php?rest_route=%2Fwp%2Fv2%2Fmedia&parent=31548"}],"wp:term":[{"taxonomy":"category","embeddable":true,"href":"https:\/\/kodmalopolska.pl\/index.php?rest_route=%2Fwp%2Fv2%2Fcategories&post=31548"},{"taxonomy":"post_tag","embeddable":true,"href":"https:\/\/kodmalopolska.pl\/index.php?rest_route=%2Fwp%2Fv2%2Ftags&post=31548"}],"curies":[{"name":"wp","href":"https:\/\/api.w.org\/{rel}","templated":true}]}}