{"id":31359,"date":"2022-04-04T20:11:21","date_gmt":"2022-04-04T18:11:21","guid":{"rendered":"https:\/\/kodmalopolska.pl\/?p=31359"},"modified":"2022-04-05T18:08:35","modified_gmt":"2022-04-05T16:08:35","slug":"kod-malopolskie-ma-nowe-wladze-relacja","status":"publish","type":"post","link":"https:\/\/kodmalopolska.pl\/?p=31359","title":{"rendered":"KOD Ma\u0142opolskie ma nowe w\u0142adze [RELACJA]"},"content":{"rendered":"\n<p>W minion\u0105 niedziel\u0119 3 kwietnia ma\u0142opolski Komitet Obrony Demokracji, z lekkim op\u00f3\u017anieniem spowodowanym pandemi\u0105, wybra\u0142 swoje w\u0142adze na kolejn\u0105, dwuletni\u0105 kadencj\u0119. Podczas Walnego Zebrania Cz\u0142onk\u00f3w na funkcj\u0119 przewodnicz\u0105cej zarz\u0105du regionu \u2014 po raz drugi \u2014 wybrano Ewelin\u0119 Pytel, kt\u00f3ra od kilku lat organizuje i prowadzi manifestacje w Krakowie, m.in. w obronie wolnych s\u0105d\u00f3w i niezale\u017cnych medi\u00f3w, przeciwko upolitycznianiu szk\u00f3\u0142 i uczelni, a obecnie dzia\u0142a r\u00f3wnie\u017c w Koalicji Otwarty Krak\u00f3w, organizuj\u0105cej pomoc dla os\u00f3b z Ukrainy.<br \/>Do zarz\u0105du regionu wybrano osiem os\u00f3b. Ponownie wybrani zostali: prof. Fryderyk Zoll, prawnik UJ i uniwersytetu w Osnabr\u00fcck, kt\u00f3ry jest we w\u0142adzach stowarzyszenia od pocz\u0105tku; Maciej Nalepa, lekarz, w ostatnich latach sekretarz zarz\u0105du ZR KOD, a wcze\u015bniej lider KOD My\u015blenice; Ma\u0142gorzata Figa-Tomi\u0144ska, wiceprzewodnicz\u0105ca ZR KOD w ostatniej kadencji, urz\u0119dniczka, cz\u0142onkini Rady ds. R\u00f3wnego Traktowania MK; Micha\u0142 Zieleniewski, ekonomista, skarbnik ZR KOD. Do sk\u0142adu do\u0142\u0105czy\u0142y cztery nowe osoby: El\u017cbieta Talar-Suchan z grupy nowohuckiej mgr in\u017c. zootechnik, managerka ds. kluczowych klient\u00f3w w drukarni ksi\u0105\u017ckowej, inicjatorka i realizatorka projekt\u00f3w dla KOD Ma\u0142opolska; Grzegorz Artur G\u00f3rski \u2014 informatyk, dotychczas w KOD zajmuj\u0105cy si\u0119 zespo\u0142em nag\u0142o\u015bnieniowym; Micha\u0142 R\u00f3\u017cankowski, organizator happening\u00f3w oraz Pawe\u0142 Grabski, dzia\u0142aj\u0105cy w ma\u0142opolskim KOD-zie od pierwszych dni, przez lata zaanga\u017cowany m.in. w dzia\u0142alno\u015b\u0107 ch\u00f3ru organizacji oraz w dzia\u0142 felietonowy kodmalopolska.pl.<\/p>\n\n\n\n<p>Do Regionalnego S\u0105du Kole\u017ce\u0144skiego wybrano: Ma\u0142gorzat\u0119 \u0141u\u017ceck\u0105-Pawlik, Mari\u0119 Nowor\u00f3l, Iren\u0119 Chomin, Paw\u0142a Winsczyka i Micha\u0142a Kisielewskiego.<\/p>\n\n\n\n<p>Do Regionalnej Komisji Rewizyjnej wybrano: Jolant\u0119 Gablankowsk\u0105-Kukucz, Wojciecha de Tarnawa Broniewskiego i Grzegorza Wi\u015bniowskiego. <\/p>\n\n\n\n<p><\/p>\n","protected":false},"excerpt":{"rendered":"<p>W minion\u0105 niedziel\u0119 3 kwietnia ma\u0142opolski Komitet Obrony Demokracji, z lekkim op\u00f3\u017anieniem spowodowanym pandemi\u0105, wybra\u0142 swoje w\u0142adze na kolejn\u0105, dwuletni\u0105 [&#8230;]<\/p>\n","protected":false},"author":24,"featured_media":31360,"comment_status":"closed","ping_status":"open","sticky":false,"template":"","format":"standard","meta":{"_EventAllDay":false,"_EventTimezone":"","_EventStartDate":"","_EventEndDate":"","_EventStartDateUTC":"","_EventEndDateUTC":"","_EventShowMap":false,"_EventShowMapLink":false,"_EventURL":"","_EventCost":"","_EventCostDescription":"","_EventCurrencySymbol":"","_EventCurrencyCode":"","_EventCurrencyPosition":"","_EventDateTimeSeparator":"","_EventTimeRangeSeparator":"","_EventOrganizerID":[],"_EventVenueID":[],"_OrganizerEmail":"","_OrganizerPhone":"","_OrganizerWebsite":"","_VenueAddress":"","_VenueCity":"","_VenueCountry":"","_VenueProvince":"","_VenueState":"","_VenueZip":"","_VenuePhone":"","_VenueURL":"","_VenueStateProvince":"","_VenueLat":"","_VenueLng":"","_VenueShowMap":false,"_VenueShowMapLink":false,"footnotes":""},"categories":[28],"tags":[],"class_list":["post-31359","post","type-post","status-publish","format-standard","has-post-thumbnail","hentry","category-malopolskie-news","malopolskie-news"],"_links":{"self":[{"href":"https:\/\/kodmalopolska.pl\/index.php?rest_route=\/wp\/v2\/posts\/31359","targetHints":{"allow":["GET"]}}],"collection":[{"href":"https:\/\/kodmalopolska.pl\/index.php?rest_route=\/wp\/v2\/posts"}],"about":[{"href":"https:\/\/kodmalopolska.pl\/index.php?rest_route=\/wp\/v2\/types\/post"}],"author":[{"embeddable":true,"href":"https:\/\/kodmalopolska.pl\/index.php?rest_route=\/wp\/v2\/users\/24"}],"replies":[{"embeddable":true,"href":"https:\/\/kodmalopolska.pl\/index.php?rest_route=%2Fwp%2Fv2%2Fcomments&post=31359"}],"version-history":[{"count":0,"href":"https:\/\/kodmalopolska.pl\/index.php?rest_route=\/wp\/v2\/posts\/31359\/revisions"}],"wp:featuredmedia":[{"embeddable":true,"href":"https:\/\/kodmalopolska.pl\/index.php?rest_route=\/wp\/v2\/media\/31360"}],"wp:attachment":[{"href":"https:\/\/kodmalopolska.pl\/index.php?rest_route=%2Fwp%2Fv2%2Fmedia&parent=31359"}],"wp:term":[{"taxonomy":"category","embeddable":true,"href":"https:\/\/kodmalopolska.pl\/index.php?rest_route=%2Fwp%2Fv2%2Fcategories&post=31359"},{"taxonomy":"post_tag","embeddable":true,"href":"https:\/\/kodmalopolska.pl\/index.php?rest_route=%2Fwp%2Fv2%2Ftags&post=31359"}],"curies":[{"name":"wp","href":"https:\/\/api.w.org\/{rel}","templated":true}]}}