{"id":31349,"date":"2022-04-04T17:27:08","date_gmt":"2022-04-04T15:27:08","guid":{"rendered":"https:\/\/kodmalopolska.pl\/?p=31349"},"modified":"2022-04-04T17:27:10","modified_gmt":"2022-04-04T15:27:10","slug":"wobec-zbrodni-felieton-fryderyka-zolla-383","status":"publish","type":"post","link":"https:\/\/kodmalopolska.pl\/?p=31349","title":{"rendered":"Wobec zbrodni. Felieton Fryderyka Zolla (383)"},"content":{"rendered":"\n<h4 class=\"wp-block-heading\">Zdj\u0119cia z Buczy pod Kijowem odbieraj\u0105 mow\u0119. Co nale\u017cy robi\u0107 w takiej sytuacji? Co my wszyscy powinni\u015bmy zrobi\u0107? Ludzie ze zwi\u0105zanymi r\u0119kami zabijani strza\u0142em w g\u0142ow\u0119. Nam Polakom powinno to co\u015b przypomina\u0107. Przecie\u017c to naszych dziadk\u00f3w znajdowano w katy\u0144skim lesie z zawi\u0105zanymi r\u0119kami, zabitych strza\u0142em w g\u0142ow\u0119. Kobiety gwa\u0142cone, a nast\u0119pnie podpalane. To wszystko dzieje si\u0119 obok nas.<\/h4>\n\n\n\n<p>Czy jeste\u015bmy ca\u0142kiem niewinni? Do tej pory nie zamkni\u0119to nieba ani nie pos\u0142ano mig\u00f3w, kt\u00f3re mog\u0142yby je zamkn\u0105\u0107. Boimy si\u0119. Na Kremlu tupni\u0119to. Car jest w z\u0142ym humorze. Nie dra\u017cni\u0107 cara, przecie\u017c zmarszczy\u0142 brwi, podpisa\u0142 dekret. Zastanawiam si\u0119 od miesi\u0105ca, jaki poziom zbrodni wreszcie zmusi struchla\u0142y Zach\u00f3d do odpowiedzi, kt\u00f3ra zdo\u0142a\u0142aby zako\u0144czy\u0107 t\u0119 wojn\u0119. Strach nie usprawiedliwia. Przestraszeni nadal ponosz\u0105 odpowiedzialno\u015b\u0107 za swoj\u0105 bezczynno\u015b\u0107. Sparali\u017cowani strachem maj\u0105 sw\u00f3j udzia\u0142 w tragedii Buczy.<\/p>\n\n\n\n<p>Co my obywatele mo\u017cemy zrobi\u0107? Mo\u017cemy na przyk\u0142ad kupi\u0107 bus. M\u00f3j przyjaciel Serhij je\u017adzi busem z Tarnopola na wsch\u00f3d Ukrainy i wywozi stamt\u0105d ludzi, ale jego dotychczasowy \u015brodek transportu si\u0119 zepsu\u0142 i potrzebny jest nowy (nie w sensie technicznym nowy, po prostu sprawny). Z pomoc\u0105 Fundacji im. Janusza Kurtyki ca\u0142y czas zbieramy pieni\u0105dze i dokonujemy zakup\u00f3w zgodnie z zapotrzebowaniem. W tygodniu wysy\u0142amy wiele paczek do Tarnopola. Konieczne jest jednak Wasze wsparcie. Wszyscy s\u0105 bardzo hojni, ale potrzeby s\u0105 niewyczerpane. Na tragedi\u0119 w Buczy mo\u017cemy odpowiedzie\u0107 nasz\u0105 pomoc\u0105, przesy\u0142aj\u0105c to, co jako obywatele jeste\u015bmy w stanie kupi\u0107: zestawy do ratowania \u017cycia, opaski tamuj\u0105ce krew, mundury i inne elementy wyposa\u017cenia. To nasze wsparcie dla \u017co\u0142nierzy Ukrainy b\u0119dzie kropl\u0105 w morzu \u2013 ale kropl\u0105, kt\u00f3ra daje nadziej\u0119 na powstrzymanie z\u0142a. Ka\u017cdy element wyposa\u017cenia wys\u0142any na Ukrain\u0119 zwi\u0119ksza szanse, \u017ce Ukraina zwyci\u0119\u017cy.<\/p>\n\n\n\n<p>Musimy by\u0107 \u015bwiadomi, \u017ce od zwyci\u0119stwa Ukrainy zale\u017cy nasze bezpiecze\u0144stwo. Je\u015bli wojsko Putina wejdzie do Polski, Bucz\u0105 mo\u017ce si\u0119 sta\u0107 ka\u017cda zaj\u0119ta przez nie polska miejscowo\u015b\u0107. Ukrainki i Ukrai\u0144cy walcz\u0105 r\u00f3wnie\u017c o nas. Musimy im to u\u0142atwi\u0107. Ze wszystkich si\u0142. Za nasz\u0105 i wasz\u0105 wolno\u015b\u0107.<\/p>\n\n\n\n<p style=\"display: inline-block; vertical-align: middle;\"><a href=\"https:\/\/fundacjakurtyki.pl\/wsparcie-dla-ukrainy\/\"><img decoding=\"async\" src=\"https:\/\/kodmalopolska.pl\/wp-content\/uploads\/2022\/03\/Wsparcie-dla-Ukrainy-153x80-1.jpg\" alt=\"\"\/>&nbsp;&nbsp;Wesprzyj Ukrain\u0119 poprzez Fundacj\u0119 im. Janusza Kurtyki!<\/a><\/p>\n\n\n\n<hr class=\"wp-block-separator\"\/>\n\n\n\n<p><em>Felieton jest wyrazem opinii autora. Nie prezentuje stanowiska ZR Ma\u0142opolskie.<\/em><\/p>\n","protected":false},"excerpt":{"rendered":"<p>Zdj\u0119cia z Buczy pod Kijowem odbieraj\u0105 mow\u0119. Co nale\u017cy robi\u0107 w takiej sytuacji? Co my wszyscy powinni\u015bmy zrobi\u0107? Ludzie ze zwi\u0105zanymi r\u0119kami zabijani strza\u0142em w g\u0142ow\u0119. Nam Polakom powinno to co\u015b przypomina\u0107. Przecie\u017c to naszych dziadk\u00f3w znajdowano w katy\u0144skim lesie z zawi\u0105zanymi r\u0119kami, zabitych strza\u0142em w g\u0142ow\u0119. Kobiety gwa\u0142cone, a nast\u0119pnie podpalane. To wszystko dzieje si\u0119 obok nas.<\/p>\n","protected":false},"author":34,"featured_media":29765,"comment_status":"closed","ping_status":"open","sticky":false,"template":"","format":"standard","meta":{"_EventAllDay":false,"_EventTimezone":"","_EventStartDate":"","_EventEndDate":"","_EventStartDateUTC":"","_EventEndDateUTC":"","_EventShowMap":false,"_EventShowMapLink":false,"_EventURL":"","_EventCost":"","_EventCostDescription":"","_EventCurrencySymbol":"","_EventCurrencyCode":"","_EventCurrencyPosition":"","_EventDateTimeSeparator":"","_EventTimeRangeSeparator":"","_EventOrganizerID":[],"_EventVenueID":[],"_OrganizerEmail":"","_OrganizerPhone":"","_OrganizerWebsite":"","_VenueAddress":"","_VenueCity":"","_VenueCountry":"","_VenueProvince":"","_VenueState":"","_VenueZip":"","_VenuePhone":"","_VenueURL":"","_VenueStateProvince":"","_VenueLat":"","_VenueLng":"","_VenueShowMap":false,"_VenueShowMapLink":false,"footnotes":""},"categories":[596,651],"tags":[],"class_list":["post-31349","post","type-post","status-publish","format-standard","has-post-thumbnail","hentry","category-felietony","category-ukraina-x-artykuly","felietony","ukraina-x-artykuly"],"_links":{"self":[{"href":"https:\/\/kodmalopolska.pl\/index.php?rest_route=\/wp\/v2\/posts\/31349","targetHints":{"allow":["GET"]}}],"collection":[{"href":"https:\/\/kodmalopolska.pl\/index.php?rest_route=\/wp\/v2\/posts"}],"about":[{"href":"https:\/\/kodmalopolska.pl\/index.php?rest_route=\/wp\/v2\/types\/post"}],"author":[{"embeddable":true,"href":"https:\/\/kodmalopolska.pl\/index.php?rest_route=\/wp\/v2\/users\/34"}],"replies":[{"embeddable":true,"href":"https:\/\/kodmalopolska.pl\/index.php?rest_route=%2Fwp%2Fv2%2Fcomments&post=31349"}],"version-history":[{"count":0,"href":"https:\/\/kodmalopolska.pl\/index.php?rest_route=\/wp\/v2\/posts\/31349\/revisions"}],"wp:featuredmedia":[{"embeddable":true,"href":"https:\/\/kodmalopolska.pl\/index.php?rest_route=\/wp\/v2\/media\/29765"}],"wp:attachment":[{"href":"https:\/\/kodmalopolska.pl\/index.php?rest_route=%2Fwp%2Fv2%2Fmedia&parent=31349"}],"wp:term":[{"taxonomy":"category","embeddable":true,"href":"https:\/\/kodmalopolska.pl\/index.php?rest_route=%2Fwp%2Fv2%2Fcategories&post=31349"},{"taxonomy":"post_tag","embeddable":true,"href":"https:\/\/kodmalopolska.pl\/index.php?rest_route=%2Fwp%2Fv2%2Ftags&post=31349"}],"curies":[{"name":"wp","href":"https:\/\/api.w.org\/{rel}","templated":true}]}}