{"id":30769,"date":"2022-03-25T11:21:33","date_gmt":"2022-03-25T10:21:33","guid":{"rendered":"https:\/\/kodmalopolska.pl\/?p=30769"},"modified":"2022-03-25T11:25:02","modified_gmt":"2022-03-25T10:25:02","slug":"biala-roza-felieton-fryderyka-zolla-379","status":"publish","type":"post","link":"https:\/\/kodmalopolska.pl\/?p=30769","title":{"rendered":"Bia\u0142a R\u00f3\u017ca. Felieton Fryderyka Zolla (379)"},"content":{"rendered":"\n<h4 class=\"wp-block-heading\">Wczoraj w Krakowie odby\u0142a si\u0119 demonstracja z\u00a0powodu miesi\u0105ca bestialskiej wojny, kt\u00f3r\u0105 Federacja Rosyjska wyda\u0142a Ukrainie, a\u00a0tym samym ca\u0142ej wolnej Europie.<\/h4>\n\n\n\n<p>Miniony miesi\u0105c jest jednym z&nbsp;najczarniejszych w&nbsp;historii Rosji. Ju\u017c nawet nie ma tu pomieszania dobrego i&nbsp;z\u0142ego, o&nbsp;kt\u00f3rym pisa\u0142 Mi\u0142osz. Inwazja na Ukrain\u0119 to z\u0142o w&nbsp;najczystszej postaci \u2013 z\u0142o, kt\u00f3rego nie r\u00f3wnowa\u017cy \u017cadna racja. Tak jednoznaczne opowiedzenie si\u0119 po stronie z\u0142a znajduje jeden historyczny odpowiednik: w&nbsp;hitlerowskich Niemczech. Kultywuj\u0105cy wielk\u0105 wojn\u0119 ojczy\u017anian\u0105 Rosjanie tak bardzo starali si\u0119 sami siebie u\u015bwi\u0119ci\u0107, \u017ce jako spo\u0142ecze\u0144stwo stracili elementarn\u0105 umiej\u0119tno\u015b\u0107 rozr\u00f3\u017cniania dobra i&nbsp;z\u0142a. Militaryzm, nacjonalizm i&nbsp;dyktatura doprowadzi\u0142y ich pa\u0144stwo do pope\u0142nienia zbrodni.<\/p>\n\n\n\n<figure class=\"wp-block-image size-full is-resized\"><a href=\"https:\/\/whitebluewhite.info\/polish\" target=\"_blank\" rel=\"noopener\"><img loading=\"lazy\" decoding=\"async\" src=\"https:\/\/kodmalopolska.pl\/wp-content\/uploads\/2022\/03\/whitebluewhite.jpg\" alt=\"\" class=\"wp-image-30770\" width=\"561\" height=\"399\" srcset=\"https:\/\/kodmalopolska.pl\/wp-content\/uploads\/2022\/03\/whitebluewhite.jpg 1122w, https:\/\/kodmalopolska.pl\/wp-content\/uploads\/2022\/03\/whitebluewhite-400x284.jpg 400w, https:\/\/kodmalopolska.pl\/wp-content\/uploads\/2022\/03\/whitebluewhite-694x493.jpg 694w\" sizes=\"auto, (max-width: 561px) 100vw, 561px\" \/><\/a><\/figure>\n\n\n\n<p>W\u00a0tych najczarniejszych czasach rozb\u0142yska jednak iskierka nadziei. Pojawiaj\u0105 si\u0119 ludzie niezwykle odwa\u017cni, kt\u00f3rzy ratuj\u0105 godno\u015b\u0107 narodu rosyjskiego, wbrew wszechogarniaj\u0105cemu kultowi z\u0142a staj\u0105c po stronie dobra. W\u015br\u00f3d demonstruj\u0105cych zobaczy\u0142em wczoraj nieznane mi wcze\u015bniej bia\u0142o-niebiesko-bia\u0142e flagi: flagi Rosji pozbawione czerwonego koloru krwi. Nios\u0142y je Rosjanki protestuj\u0105ce przeciwko wojnie. Te m\u0142ode dziewczyny b\u0119d\u0105 kiedy\u015b bohaterkami swojego narodu. Podobnie jak Sophie Scholl i\u00a0jej Bia\u0142a R\u00f3\u017ca, Rosjanki te oraz wielu innych Rosjan, takich jak Jelena Osipowa, starsza pani, kt\u00f3ra prze\u017cy\u0142a blokad\u0119 Leningradu, a\u00a0teraz wysz\u0142a samotnie na ulice Petersburga protestowa\u0107 przeciwko rosyjskiej agresji na Ukrain\u0119 \u2013 wszyscy ci sprzeciwiaj\u0105cy si\u0119 wojnie, aresztowani i\u00a0poniewierani daj\u0105 nam \u015bwiadectwo, \u017ce \u017caden nar\u00f3d nie jest skazany na z\u0142o, a\u00a0opowiedzenie si\u0119 po stronie dobra lub z\u0142a jest indywidualn\u0105 decyzj\u0105 ka\u017cdego cz\u0142owieka. Jako cz\u0142owieka w\u0142a\u015bnie.<\/p>\n\n\n\n<figure class=\"wp-block-embed is-type-wp-embed is-provider-fundacja-im-janusza-kurtyki wp-block-embed-fundacja-im-janusza-kurtyki\"><div class=\"wp-block-embed__wrapper\">\n<blockquote class=\"wp-embedded-content\" data-secret=\"jYpwChCYsm\"><a href=\"https:\/\/fundacjakurtyki.pl\/wsparcie-dla-ukrainy\/\">Wsparcie dla Ukrainy<\/a><\/blockquote><iframe loading=\"lazy\" class=\"wp-embedded-content\" sandbox=\"allow-scripts\" security=\"restricted\" style=\"position: absolute; clip: rect(1px, 1px, 1px, 1px);\" title=\"&#8222;Wsparcie dla Ukrainy&#8221; &#8212; Fundacja im. Janusza Kurtyki\" src=\"https:\/\/fundacjakurtyki.pl\/wsparcie-dla-ukrainy\/embed\/#?secret=eKTGg1xDnW#?secret=jYpwChCYsm\" data-secret=\"jYpwChCYsm\" width=\"600\" height=\"338\" frameborder=\"0\" marginwidth=\"0\" marginheight=\"0\" scrolling=\"no\"><\/iframe>\n<\/div><\/figure>\n\n\n\n<hr class=\"wp-block-separator\"\/>\n\n\n\n<p><em>Felieton jest wyrazem opinii autora. Nie prezentuje stanowiska ZR Ma\u0142opolskie.<\/em><\/p>\n","protected":false},"excerpt":{"rendered":"<p>Wczoraj w Krakowie odby\u0142a si\u0119 demonstracja z\u00a0powodu miesi\u0105ca bestialskiej wojny, kt\u00f3r\u0105 Federacja Rosyjska wyda\u0142a Ukrainie, a\u00a0tym samym ca\u0142ej wolnej Europie.<\/p>\n","protected":false},"author":2,"featured_media":29765,"comment_status":"closed","ping_status":"open","sticky":false,"template":"","format":"standard","meta":{"_EventAllDay":false,"_EventTimezone":"","_EventStartDate":"","_EventEndDate":"","_EventStartDateUTC":"","_EventEndDateUTC":"","_EventShowMap":false,"_EventShowMapLink":false,"_EventURL":"","_EventCost":"","_EventCostDescription":"","_EventCurrencySymbol":"","_EventCurrencyCode":"","_EventCurrencyPosition":"","_EventDateTimeSeparator":"","_EventTimeRangeSeparator":"","_EventOrganizerID":[],"_EventVenueID":[],"_OrganizerEmail":"","_OrganizerPhone":"","_OrganizerWebsite":"","_VenueAddress":"","_VenueCity":"","_VenueCountry":"","_VenueProvince":"","_VenueState":"","_VenueZip":"","_VenuePhone":"","_VenueURL":"","_VenueStateProvince":"","_VenueLat":"","_VenueLng":"","_VenueShowMap":false,"_VenueShowMapLink":false,"footnotes":""},"categories":[596,651],"tags":[601],"class_list":["post-30769","post","type-post","status-publish","format-standard","has-post-thumbnail","hentry","category-felietony","category-ukraina-x-artykuly","tag-fryderyk-zoll","felietony","ukraina-x-artykuly"],"_links":{"self":[{"href":"https:\/\/kodmalopolska.pl\/index.php?rest_route=\/wp\/v2\/posts\/30769","targetHints":{"allow":["GET"]}}],"collection":[{"href":"https:\/\/kodmalopolska.pl\/index.php?rest_route=\/wp\/v2\/posts"}],"about":[{"href":"https:\/\/kodmalopolska.pl\/index.php?rest_route=\/wp\/v2\/types\/post"}],"author":[{"embeddable":true,"href":"https:\/\/kodmalopolska.pl\/index.php?rest_route=\/wp\/v2\/users\/2"}],"replies":[{"embeddable":true,"href":"https:\/\/kodmalopolska.pl\/index.php?rest_route=%2Fwp%2Fv2%2Fcomments&post=30769"}],"version-history":[{"count":0,"href":"https:\/\/kodmalopolska.pl\/index.php?rest_route=\/wp\/v2\/posts\/30769\/revisions"}],"wp:featuredmedia":[{"embeddable":true,"href":"https:\/\/kodmalopolska.pl\/index.php?rest_route=\/wp\/v2\/media\/29765"}],"wp:attachment":[{"href":"https:\/\/kodmalopolska.pl\/index.php?rest_route=%2Fwp%2Fv2%2Fmedia&parent=30769"}],"wp:term":[{"taxonomy":"category","embeddable":true,"href":"https:\/\/kodmalopolska.pl\/index.php?rest_route=%2Fwp%2Fv2%2Fcategories&post=30769"},{"taxonomy":"post_tag","embeddable":true,"href":"https:\/\/kodmalopolska.pl\/index.php?rest_route=%2Fwp%2Fv2%2Ftags&post=30769"}],"curies":[{"name":"wp","href":"https:\/\/api.w.org\/{rel}","templated":true}]}}