{"id":30605,"date":"2022-03-15T20:36:16","date_gmt":"2022-03-15T19:36:16","guid":{"rendered":"https:\/\/kodmalopolska.pl\/?p=30605"},"modified":"2022-03-15T20:36:20","modified_gmt":"2022-03-15T19:36:20","slug":"na-zachodzie-bez-zmian-felieton-marcina-nowaka-68","status":"publish","type":"post","link":"https:\/\/kodmalopolska.pl\/?p=30605","title":{"rendered":"Na zachodzie bez zmian.\u00a0Felieton Marcina Nowaka (68)"},"content":{"rendered":"\n<h4 class=\"wp-block-heading\">Gotowo\u015b\u0107 Europejczyk\u00f3w do niesienia pomocy przynios\u0142a te\u017c pewnego rodzaju skutek uboczny: swoist\u0105 bierno\u015b\u0107. Za czas\u00f3w zimnej wojny, kt\u00f3ra trwa\u0142a 45 lat, Zach\u00f3d mia\u0142 ograniczony wp\u0142yw na zmiany ustrojowe za pilnie strze\u017con\u0105 \u017celazn\u0105 kurtyn\u0105. Po prostu by\u0142y to dwa niekomunikuj\u0105ce si\u0119 ze sob\u0105 \u015bwiaty. Europejczycy i Europejki funkcjonowali w spo\u0142ecze\u0144stwie, w kt\u00f3rym pok\u00f3j, wolno\u015b\u0107 gospodarcza i otwarto\u015b\u0107 spo\u0142eczna owocowa\u0142y wsp\u00f3\u0142prac\u0105 mi\u0119dzynarodow\u0105, rosn\u0105cym dobrobytem spo\u0142ecznym i dobrostanem osobistym. Ten prosperuj\u0105cy \u015bwiat rozwija\u0142 si\u0119 w cieniu zagro\u017cenia p\u0142yn\u0105cego ze wschodniej Europy. Europa Zachodnia nauczy\u0142a si\u0119 traktowa\u0107 to zagro\u017cenie jako t\u0142o codziennego \u017cycia.<\/h4>\n\n\n\n<p>Europa Zachodnia od ko\u0144ca II wojny \u015bwiatowej \u017cy\u0142a we wzgl\u0119dnym pokoju. Do jej mieszka\u0144c\u00f3w dobiega\u0142y z oddali echa wojennych konflikt\u00f3w, przewa\u017cnie powoduj\u0105c zrywy solidarno\u015bci. Europa Zachodnia nauczona jest pomaga\u0107 \u2013 wbrew temu, co niekt\u00f3rzy my\u015bl\u0105. Kiedy na kilkadziesi\u0105t lat zapad\u0142a \u017celazna kurtyna, mieszka\u0144cy wolnej Europy wysy\u0142ali paczki \u017cywno\u015bciowe oraz inn\u0105 pomoc na tyle, na ile pozwala\u0142y im komunistyczne w\u0142adze.<\/p>\n\n\n\n<p>Gdyby po upadku muru berli\u0144skiego Europa nie otworzy\u0142a swoich drzwi i nie podzieli\u0142a si\u0119 know-how, gdyby nie inwestowa\u0142a w Polsce i innych krajach postkomunistycznych, gdzie byliby\u015bmy dzisiaj? Mo\u017cna te\u017c zapyta\u0107: gdzie jest polska wdzi\u0119czno\u015b\u0107 dla spo\u0142ecze\u0144stw zachodnioeuropejskich? Chc\u0119 zaznaczy\u0107, \u017ce Polki i Polacy w ci\u0105gu ostatnich 32 lat kreatywnie korzystali z nap\u0142ywaj\u0105cego kapita\u0142u inwestycyjnego i wiedzy, miksuj\u0105c je z wrodzon\u0105 zaradno\u015bci\u0105. Transformacja nam po prostu wysz\u0142a. Jest to zas\u0142uga pracuj\u0105cego pokolenia 1989\u20132015. To, co sta\u0142o si\u0119 potem, przemilcz\u0119.<\/p>\n\n\n\n<p>Gotowo\u015b\u0107 Europejczyk\u00f3w do niesienia pomocy przynios\u0142a te\u017c pewnego rodzaju skutek uboczny: swoist\u0105 bierno\u015b\u0107. Za czas\u00f3w zimnej wojny, kt\u00f3ra trwa\u0142a 45 lat, Zach\u00f3d mia\u0142 ograniczony wp\u0142yw na zmiany ustrojowe za pilnie strze\u017con\u0105 \u017celazn\u0105 kurtyn\u0105. Po prostu by\u0142y to dwa niekomunikuj\u0105ce si\u0119 ze sob\u0105 \u015bwiaty. Europejczycy i Europejki funkcjonowali w spo\u0142ecze\u0144stwie, w kt\u00f3rym pok\u00f3j, wolno\u015b\u0107 gospodarcza i otwarto\u015b\u0107 spo\u0142eczna owocowa\u0142y wsp\u00f3\u0142prac\u0105 mi\u0119dzynarodow\u0105, rosn\u0105cym dobrobytem spo\u0142ecznym i dobrostanem osobistym. Ten prosperuj\u0105cy \u015bwiat rozwija\u0142 si\u0119 w cieniu zagro\u017cenia p\u0142yn\u0105cego ze wschodniej Europy. Europa Zachodnia nauczy\u0142a si\u0119 traktowa\u0107 to zagro\u017cenie jako t\u0142o codziennego \u017cycia.<\/p>\n\n\n\n<p>Mo\u017ce dlatego dzisiaj wydaje si\u0119 nam, mieszka\u0144com Polski, Ukrainy czy innych postkomunistycznych kraj\u00f3w, \u017ce \u201eten Zach\u00f3d\u201d znowu robi tak ma\u0142o. A mo\u017ce po prostu nikt na tyle nie otworzy\u0142 oczu zachodnim spo\u0142ecze\u0144stwom, nie u\u015bwiadomi\u0142 im, \u017ce s\u0105 silne, \u017ce potrafi\u0105 dobrze si\u0119 zorganizowa\u0107 i \u017ce mog\u0105 zrobi\u0107 znacznie wi\u0119cej, ni\u017c broni\u0107 linii nakre\u015blonej przez Putina. Putin zreszt\u0105 wci\u0105\u017c przesuwa t\u0119 lini\u0119 coraz dalej na zach\u00f3d, \u017c\u0105daj\u0105c, by jej nie narusza\u0107.<\/p>\n\n\n\n<p>Zach\u00f3d nie powinien si\u0119 ba\u0107 Putina, bo to Putin boi si\u0119 Zachodu i ba\u0107 si\u0119 powinien. Zwi\u0105zek Radziecki zawsze ba\u0142 si\u0119 wolnego \u015bwiata. Rosja dzi\u015b podobnie boi si\u0119 otwarto\u015bci umys\u0142u, wolno\u015bci s\u0142owa, niezale\u017cnych s\u0105d\u00f3w i medi\u00f3w, og\u00f3lnie dost\u0119pnego Internetu, pluralizmu partii, spo\u0142ecze\u0144stwa obywatelskiego \u2013 boi si\u0119 wszystkiego, czego nie jest w stanie kontrolowa\u0107. Stara si\u0119 te\u017c przy ka\u017cdej okazji obrzydza\u0107 te warto\u015bci Europejkom i Europejczykom.<\/p>\n\n\n\n<p>Zwi\u0105zek Radziecki ju\u017c raz przegra\u0142 z wolnym Zachodem. Jego atrapa, kt\u00f3r\u0105 buduje Putin, przegra ponownie. Oczywi\u015bcie, gro\u017aby wysuwane przez Putina trzeba traktowa\u0107 powa\u017cnie, ale strach nigdy nie jest dobrym doradc\u0105. To prawda, \u017ce walka z dyktatorem kosztuje. Wiedz\u0105 o tym doskonale kraje postkomunistyczne. Do\u015bwiadczaj\u0105 tego tak bole\u015bnie Ukrainki i Ukrai\u0144cy, Bia\u0142orusini i Bia\u0142orusinki, protestuj\u0105cy Rosjanie i Rosjanki. Wiedz\u0105 o tym r\u00f3wnie\u017c spo\u0142ecze\u0144stwa Europy Zachodniej destabilizowane raz po raz przez fale uchod\u017ac\u00f3w wywo\u0142ane przez wojny Putina.<\/p>\n\n\n\n<p>Siedz\u0119 w wygodnym mieszkaniu, odkr\u0119cam kurek z ciep\u0142\u0105 wod\u0105, zapalam \u015bwiat\u0142o, \u0142\u0105cz\u0119 si\u0119 ze \u015bwiatem przez Internet i decyduj\u0119, co b\u0119d\u0119 ogl\u0105da\u0107. Ludzie w Mariupolu ju\u017c drugi tydzie\u0144 nie maj\u0105 ani wody, ani pr\u0105du, ani jedzenia. Rosjanie ogl\u0105daj\u0105 jedynie s\u0142uszn\u0105 narodow\u0105 telewizj\u0119, a za udzia\u0142 w proukrai\u0144skich manifestacjach gro\u017c\u0105 im surowe kary.<\/p>\n\n\n\n<p>Zako\u0144cz\u0119, nawi\u0105zuj\u0105c do felietonu Fryderyka Zolla. Marzy mi si\u0119 Europa zjednoczona od p\u00f3\u0142wyspu Iberyjskiego po Ural, ale w tym marzeniu nie ma miejsca na Rosj\u0119 Putina, Bia\u0142oru\u015b \u0141ukaszenki, W\u0119gry Orbana, Polsk\u0119 Kaczy\u0144skiego, Francj\u0119 Marine Le Pen, W\u0142ochy Salviniego i tych wszystkich, kt\u00f3rych w poszczeg\u00f3lnych krajach europejskich po\u015brednio wspiera Putin, a kt\u00f3rzy nie zd\u0105\u017cyli jeszcze si\u0119 ujawni\u0107. Marzy mi si\u0119 silna i wolna od Putina zjednoczona Europa.<\/p>\n\n\n\n<hr class=\"wp-block-separator\"\/>\n\n\n\n<p><em>Felieton jest wyrazem opinii autora. Nie prezentuje stanowiska ZR Ma\u0142opolskie<\/em>.<\/p>\n","protected":false},"excerpt":{"rendered":"<p>Gotowo\u015b\u0107 Europejczyk\u00f3w do niesienia pomocy przynios\u0142a te\u017c pewnego rodzaju skutek uboczny: swoist\u0105 bierno\u015b\u0107. Za czas\u00f3w zimnej wojny, kt\u00f3ra trwa\u0142a 45 lat, Zach\u00f3d mia\u0142 ograniczony wp\u0142yw na zmiany ustrojowe za pilnie strze\u017con\u0105 \u017celazn\u0105 kurtyn\u0105. Po prostu by\u0142y to dwa niekomunikuj\u0105ce si\u0119 ze sob\u0105 \u015bwiaty. Europejczycy i Europejki funkcjonowali  w spo\u0142ecze\u0144stwie, w kt\u00f3rym pok\u00f3j, wolno\u015b\u0107 gospodarcza i otwarto\u015b\u0107 spo\u0142eczna owocowa\u0142y wsp\u00f3\u0142prac\u0105 mi\u0119dzynarodow\u0105, rosn\u0105cym dobrobytem spo\u0142ecznym i dobrostanem osobistym. Ten prosperuj\u0105cy \u015bwiat rozwija\u0142 si\u0119 w cieniu zagro\u017cenia p\u0142yn\u0105cego ze wschodniej Europy. Europa Zachodnia nauczy\u0142a si\u0119 traktowa\u0107 to zagro\u017cenie jako t\u0142o codziennego \u017cycia.<\/p>\n","protected":false},"author":34,"featured_media":26412,"comment_status":"closed","ping_status":"open","sticky":false,"template":"","format":"standard","meta":{"_EventAllDay":false,"_EventTimezone":"","_EventStartDate":"","_EventEndDate":"","_EventStartDateUTC":"","_EventEndDateUTC":"","_EventShowMap":false,"_EventShowMapLink":false,"_EventURL":"","_EventCost":"","_EventCostDescription":"","_EventCurrencySymbol":"","_EventCurrencyCode":"","_EventCurrencyPosition":"","_EventDateTimeSeparator":"","_EventTimeRangeSeparator":"","_EventOrganizerID":[],"_EventVenueID":[],"_OrganizerEmail":"","_OrganizerPhone":"","_OrganizerWebsite":"","_VenueAddress":"","_VenueCity":"","_VenueCountry":"","_VenueProvince":"","_VenueState":"","_VenueZip":"","_VenuePhone":"","_VenueURL":"","_VenueStateProvince":"","_VenueLat":"","_VenueLng":"","_VenueShowMap":false,"_VenueShowMapLink":false,"footnotes":""},"categories":[596],"tags":[],"class_list":["post-30605","post","type-post","status-publish","format-standard","has-post-thumbnail","hentry","category-felietony","felietony"],"_links":{"self":[{"href":"https:\/\/kodmalopolska.pl\/index.php?rest_route=\/wp\/v2\/posts\/30605","targetHints":{"allow":["GET"]}}],"collection":[{"href":"https:\/\/kodmalopolska.pl\/index.php?rest_route=\/wp\/v2\/posts"}],"about":[{"href":"https:\/\/kodmalopolska.pl\/index.php?rest_route=\/wp\/v2\/types\/post"}],"author":[{"embeddable":true,"href":"https:\/\/kodmalopolska.pl\/index.php?rest_route=\/wp\/v2\/users\/34"}],"replies":[{"embeddable":true,"href":"https:\/\/kodmalopolska.pl\/index.php?rest_route=%2Fwp%2Fv2%2Fcomments&post=30605"}],"version-history":[{"count":0,"href":"https:\/\/kodmalopolska.pl\/index.php?rest_route=\/wp\/v2\/posts\/30605\/revisions"}],"wp:featuredmedia":[{"embeddable":true,"href":"https:\/\/kodmalopolska.pl\/index.php?rest_route=\/wp\/v2\/media\/26412"}],"wp:attachment":[{"href":"https:\/\/kodmalopolska.pl\/index.php?rest_route=%2Fwp%2Fv2%2Fmedia&parent=30605"}],"wp:term":[{"taxonomy":"category","embeddable":true,"href":"https:\/\/kodmalopolska.pl\/index.php?rest_route=%2Fwp%2Fv2%2Fcategories&post=30605"},{"taxonomy":"post_tag","embeddable":true,"href":"https:\/\/kodmalopolska.pl\/index.php?rest_route=%2Fwp%2Fv2%2Ftags&post=30605"}],"curies":[{"name":"wp","href":"https:\/\/api.w.org\/{rel}","templated":true}]}}