{"id":30567,"date":"2022-03-13T14:44:41","date_gmt":"2022-03-13T13:44:41","guid":{"rendered":"https:\/\/kodmalopolska.pl\/?p=30567"},"modified":"2022-03-13T14:44:44","modified_gmt":"2022-03-13T13:44:44","slug":"stanowisko-mgr-przylebskiej-a-wojna-felieton-fryderyka-zolla-375","status":"publish","type":"post","link":"https:\/\/kodmalopolska.pl\/?p=30567","title":{"rendered":"Stanowisko mgr Przy\u0142\u0119bskiej a wojna.\u00a0Felieton Fryderyka Zolla (375)"},"content":{"rendered":"\n<h4 class=\"wp-block-heading\">Klub mgr Przy\u0142\u0119bskiej wyda\u0142 nowe o\u015bwiadczenie, z kt\u00f3rego wynika, \u017ce podstawowy dokument europejskich pa\u0144stw cywilizowanych: Europejska konwencja praw cz\u0142owieka, jest sprzeczny z polsk\u0105 Konstytucj\u0105.<\/h4>\n\n\n\n<p>Od strony prawnej komentowanie tego be\u0142kotu nie ma \u017cadnego sensu. Nale\u017cy si\u0119 raczej zastanowi\u0107, jakie znaczenie ma to o\u015bwiadczenie w obecnej sytuacji geopolitycznej w Polsce. Wojna w Ukrainie to obrona fundamentalnych warto\u015bci Zachodu, kt\u00f3rych wyrazem jest mi\u0119dzy innymi Konwencja rzekomo z polsk\u0105 Konstytucj\u0105 sprzeczna.<\/p>\n\n\n\n<p>Od pocz\u0105tku wojny anga\u017cuj\u0119 si\u0119 w pomoc Ukrainie, a jednocze\u015bnie podkre\u015blam \u2013 r\u00f3wnie\u017c ca\u0142kiem praktycznie, przez wsp\u00f3\u0142prac\u0119 z Fundacj\u0105 im. Janusza Kurtyki \u2013 konieczno\u015b\u0107 jedno\u015bci narodu w obliczu \u015bmiertelnego zagro\u017cenia. Staram si\u0119 teraz, jak Pa\u0144stwo zapewne zauwa\u017cyli, powstrzymywa\u0107 od krytycznych komentarzy na temat w\u0142adzy. Do takiej narodowej jedno\u015bci wzywa prezydent Rzeczypospolitej, wzywa do niej te\u017c Donald Tusk, \u015bwiadomy historycznego wymiaru sytuacji, w jakiej si\u0119 znajdujemy.<\/p>\n\n\n\n<p>Klub mgr Przy\u0142\u0119bskiej natomiast ma t\u0119 jedno\u015b\u0107 \u2013 zar\u00f3wno wewn\u0105trz Polski, jak i w wymiarze europejskim \u2013 w najwy\u017cszym powa\u017caniu, czyli tam, gdzie (jak pisa\u0142 Makuszy\u0144ski) plecy trac\u0105 sw\u0105 szlachetn\u0105 nazw\u0119. Stanowisko odcinaj\u0105ce nas od Zachodu, a kontynuuj\u0105ce lini\u0119 orzecznicz\u0105 moskiewskich trybuna\u0142\u00f3w jest w obecnej sytuacji dzia\u0142aniem przeciwko podstawowym interesom naszego pa\u0144stwa w warunkach wojennego zagro\u017cenia. Takie dzia\u0142anie ma do\u015b\u0107 precyzyjn\u0105, jasn\u0105 nazw\u0119. Tym samym Klub mgr Przy\u0142\u0119bskiej przekroczy\u0142 kolejny pr\u00f3g.<\/p>\n\n\n\n<hr class=\"wp-block-separator\"\/>\n\n\n\n<p><em>Felieton jest wyrazem opinii autora. Nie prezentuje stanowiska ZR Ma\u0142opolskie.<\/em><\/p>\n","protected":false},"excerpt":{"rendered":"<p>Klub mgr Przy\u0142\u0119bskiej wyda\u0142 nowe o\u015bwiadczenie, z kt\u00f3rego wynika, \u017ce podstawowy dokument europejskich pa\u0144stw cywilizowanych: Europejska konwencja praw cz\u0142owieka, jest sprzeczny z polsk\u0105 Konstytucj\u0105.<\/p>\n","protected":false},"author":34,"featured_media":29765,"comment_status":"closed","ping_status":"open","sticky":false,"template":"","format":"standard","meta":{"_EventAllDay":false,"_EventTimezone":"","_EventStartDate":"","_EventEndDate":"","_EventStartDateUTC":"","_EventEndDateUTC":"","_EventShowMap":false,"_EventShowMapLink":false,"_EventURL":"","_EventCost":"","_EventCostDescription":"","_EventCurrencySymbol":"","_EventCurrencyCode":"","_EventCurrencyPosition":"","_EventDateTimeSeparator":"","_EventTimeRangeSeparator":"","_EventOrganizerID":[],"_EventVenueID":[],"_OrganizerEmail":"","_OrganizerPhone":"","_OrganizerWebsite":"","_VenueAddress":"","_VenueCity":"","_VenueCountry":"","_VenueProvince":"","_VenueState":"","_VenueZip":"","_VenuePhone":"","_VenueURL":"","_VenueStateProvince":"","_VenueLat":"","_VenueLng":"","_VenueShowMap":false,"_VenueShowMapLink":false,"footnotes":""},"categories":[596,651],"tags":[],"class_list":["post-30567","post","type-post","status-publish","format-standard","has-post-thumbnail","hentry","category-felietony","category-ukraina-x-artykuly","felietony","ukraina-x-artykuly"],"_links":{"self":[{"href":"https:\/\/kodmalopolska.pl\/index.php?rest_route=\/wp\/v2\/posts\/30567","targetHints":{"allow":["GET"]}}],"collection":[{"href":"https:\/\/kodmalopolska.pl\/index.php?rest_route=\/wp\/v2\/posts"}],"about":[{"href":"https:\/\/kodmalopolska.pl\/index.php?rest_route=\/wp\/v2\/types\/post"}],"author":[{"embeddable":true,"href":"https:\/\/kodmalopolska.pl\/index.php?rest_route=\/wp\/v2\/users\/34"}],"replies":[{"embeddable":true,"href":"https:\/\/kodmalopolska.pl\/index.php?rest_route=%2Fwp%2Fv2%2Fcomments&post=30567"}],"version-history":[{"count":0,"href":"https:\/\/kodmalopolska.pl\/index.php?rest_route=\/wp\/v2\/posts\/30567\/revisions"}],"wp:featuredmedia":[{"embeddable":true,"href":"https:\/\/kodmalopolska.pl\/index.php?rest_route=\/wp\/v2\/media\/29765"}],"wp:attachment":[{"href":"https:\/\/kodmalopolska.pl\/index.php?rest_route=%2Fwp%2Fv2%2Fmedia&parent=30567"}],"wp:term":[{"taxonomy":"category","embeddable":true,"href":"https:\/\/kodmalopolska.pl\/index.php?rest_route=%2Fwp%2Fv2%2Fcategories&post=30567"},{"taxonomy":"post_tag","embeddable":true,"href":"https:\/\/kodmalopolska.pl\/index.php?rest_route=%2Fwp%2Fv2%2Ftags&post=30567"}],"curies":[{"name":"wp","href":"https:\/\/api.w.org\/{rel}","templated":true}]}}