{"id":30549,"date":"2022-03-12T18:54:49","date_gmt":"2022-03-12T17:54:49","guid":{"rendered":"https:\/\/kodmalopolska.pl\/?p=30549"},"modified":"2022-03-12T18:54:55","modified_gmt":"2022-03-12T17:54:55","slug":"jak-pomagac-felieton-anny-marii-rizzo-7","status":"publish","type":"post","link":"https:\/\/kodmalopolska.pl\/?p=30549","title":{"rendered":"Jak pomaga\u0107?\u00a0Felieton Anny Marii Rizzo (7)"},"content":{"rendered":"\n<h4 class=\"wp-block-heading\">Wszyscy si\u0119 zgadzamy, \u017ce postawa Polak\u00f3w w sytuacji zwi\u0105zanej z wojn\u0105 w Ukrainie jest godna podziwu, wr\u0119cz heroiczna. Mo\u017cna postawi\u0107 zarzut, \u017ce pomagamy teraz, a nie byli\u015bmy do tego sk\u0142onni wcze\u015bniej.<\/h4>\n\n\n\n<p> Moja odpowied\u017a jest prosta: ci, kt\u00f3rzy pomagaj\u0105 teraz, wcze\u015bniej te\u017c pomagali. Moja rodzina i znajomi je\u017adzili na granic\u0119, gdy przybywa\u0142y do nas dzieci z Bia\u0142orusi, a wszyscy sk\u0142adali\u015bmy si\u0119 na pomoc dla uchod\u017ac\u00f3w z Syrii. Nasz g\u0142os by\u0142 wtedy mniej s\u0142yszalny, bo polityka nie odzwierciedla\u0142a pogl\u0105d\u00f3w du\u017cej cz\u0119\u015bci spo\u0142ecze\u0144stwa.<\/p>\n\n\n\n<p>Czy teraz nast\u0105pi\u0142a chocia\u017c ma\u0142a zmiana? Zapewne tak, konflikt dzieje si\u0119 na naszych oczach, a straty s\u0105 tak ogromne, \u017ce nie jeste\u015bmy w stanie ich zignorowa\u0107.<\/p>\n\n\n\n<p>Wracaj\u0105c do tytu\u0142owej pomocy: pomagajmy, jak mo\u017cemy, ale pomagajmy z dobroci serca, a nie dla wykorzystania s\u0142abszych. Niekt\u00f3rzy proponuj\u0105, \u017ce przyjm\u0105 do siebie tylko robotn\u0105 Ukraink\u0119 albo \u0142adne panie. Ostatnio uchod\u017aczyni z Ukrainy zosta\u0142a zgwa\u0142cona przez m\u0119\u017cczyzn\u0119, kt\u00f3ry zaoferowa\u0142 jej kwater\u0119. Form\u0105 naszej pomocy mo\u017ce by\u0107 dopilnowanie, by go\u015bcie czuli si\u0119 naprawd\u0119 komfortowo tam, gdzie ich przyj\u0119to. Nie oczekujmy te\u017c wylewnej wdzi\u0119czno\u015bci od ludzi po tak traumatycznych przej\u015bciach. Dajmy im bezpiecze\u0144stwo i miejsce na uleczenie ran duchowych i fizycznych. Nie odrzucajmy tych, kt\u00f3rzy s\u0105 inni, cho\u0107by pod wzgl\u0119dem koloru sk\u00f3ry, a przede wszystkim zadbajmy o ludzi, kt\u00f3rzy do\u015bwiadczyli czego\u015b, co znamy tylko z opowie\u015bci naszych dziadk\u00f3w.<\/p>\n\n\n\n<p>Nie siejmy nienawi\u015bci, nie propagujmy teorii spiskowych, nie oskar\u017cajmy nikogo o zbrodnie pope\u0142nione by\u0107 mo\u017ce przez jego przodk\u00f3w.<\/p>\n\n\n\n<p>B\u0105d\u017amy dobrymi lud\u017ami.<\/p>\n\n\n\n<hr class=\"wp-block-separator\"\/>\n\n\n\n<p><em>Felieton jest wyrazem opinii autorki. Nie prezentuje stanowiska ZR Ma\u0142opolskie KOD.<\/em><\/p>\n","protected":false},"excerpt":{"rendered":"<p>Wszyscy si\u0119 zgadzamy, \u017ce postawa Polak\u00f3w w sytuacji zwi\u0105zanej z wojn\u0105 w Ukrainie jest godna podziwu, wr\u0119cz heroiczna. Mo\u017cna postawi\u0107 zarzut, \u017ce pomagamy teraz, a nie byli\u015bmy do tego sk\u0142onni wcze\u015bniej.<\/p>\n","protected":false},"author":34,"featured_media":19665,"comment_status":"closed","ping_status":"open","sticky":false,"template":"","format":"standard","meta":{"_EventAllDay":false,"_EventTimezone":"","_EventStartDate":"","_EventEndDate":"","_EventStartDateUTC":"","_EventEndDateUTC":"","_EventShowMap":false,"_EventShowMapLink":false,"_EventURL":"","_EventCost":"","_EventCostDescription":"","_EventCurrencySymbol":"","_EventCurrencyCode":"","_EventCurrencyPosition":"","_EventDateTimeSeparator":"","_EventTimeRangeSeparator":"","_EventOrganizerID":[],"_EventVenueID":[],"_OrganizerEmail":"","_OrganizerPhone":"","_OrganizerWebsite":"","_VenueAddress":"","_VenueCity":"","_VenueCountry":"","_VenueProvince":"","_VenueState":"","_VenueZip":"","_VenuePhone":"","_VenueURL":"","_VenueStateProvince":"","_VenueLat":"","_VenueLng":"","_VenueShowMap":false,"_VenueShowMapLink":false,"footnotes":""},"categories":[596,651],"tags":[],"class_list":["post-30549","post","type-post","status-publish","format-standard","has-post-thumbnail","hentry","category-felietony","category-ukraina-x-artykuly","felietony","ukraina-x-artykuly"],"_links":{"self":[{"href":"https:\/\/kodmalopolska.pl\/index.php?rest_route=\/wp\/v2\/posts\/30549","targetHints":{"allow":["GET"]}}],"collection":[{"href":"https:\/\/kodmalopolska.pl\/index.php?rest_route=\/wp\/v2\/posts"}],"about":[{"href":"https:\/\/kodmalopolska.pl\/index.php?rest_route=\/wp\/v2\/types\/post"}],"author":[{"embeddable":true,"href":"https:\/\/kodmalopolska.pl\/index.php?rest_route=\/wp\/v2\/users\/34"}],"replies":[{"embeddable":true,"href":"https:\/\/kodmalopolska.pl\/index.php?rest_route=%2Fwp%2Fv2%2Fcomments&post=30549"}],"version-history":[{"count":0,"href":"https:\/\/kodmalopolska.pl\/index.php?rest_route=\/wp\/v2\/posts\/30549\/revisions"}],"wp:featuredmedia":[{"embeddable":true,"href":"https:\/\/kodmalopolska.pl\/index.php?rest_route=\/wp\/v2\/media\/19665"}],"wp:attachment":[{"href":"https:\/\/kodmalopolska.pl\/index.php?rest_route=%2Fwp%2Fv2%2Fmedia&parent=30549"}],"wp:term":[{"taxonomy":"category","embeddable":true,"href":"https:\/\/kodmalopolska.pl\/index.php?rest_route=%2Fwp%2Fv2%2Fcategories&post=30549"},{"taxonomy":"post_tag","embeddable":true,"href":"https:\/\/kodmalopolska.pl\/index.php?rest_route=%2Fwp%2Fv2%2Ftags&post=30549"}],"curies":[{"name":"wp","href":"https:\/\/api.w.org\/{rel}","templated":true}]}}