{"id":30400,"date":"2022-03-07T17:30:15","date_gmt":"2022-03-07T16:30:15","guid":{"rendered":"https:\/\/kodmalopolska.pl\/?p=30400"},"modified":"2022-03-07T17:30:54","modified_gmt":"2022-03-07T16:30:54","slug":"czas-ujawnic-agentow-proputinowskich-i-ich-osadzic-felieton-dariusza-szostka-31","status":"publish","type":"post","link":"https:\/\/kodmalopolska.pl\/?p=30400","title":{"rendered":"Czas ujawni\u0107 agent\u00f3w proputinowskich i ich os\u0105dzi\u0107. Felieton Dariusza Szostka (32)"},"content":{"rendered":"\n<h4 class=\"wp-block-heading\">Mo\u017ce czas ju\u017c ujawni\u0107 \u2013 licz\u0119 tu na Anonymous, bo przecie\u017c nie na polskie s\u0142u\u017cby \u2013 nazwiska proputinowskich agent\u00f3w od lat dzia\u0142aj\u0105cych w Polsce, nazwiska os\u00f3b od lat j\u0105trz\u0105cych polskie spo\u0142ecze\u0144stwo fake newsami, antyszczepionkowc\u00f3w, przeciwnik\u00f3w Unii Europejskiej, wrog\u00f3w mniejszo\u015bci itd.<\/h4>\n\n\n\n<p>Nie ma chyba w Polsce osoby, kt\u00f3ra by si\u0119 teraz nie zastanawia\u0142a, czy Polska i Polacy s\u0105 bezpieczni. Tymczasowo \u2013 od momentu wyl\u0105dowania wojsk ameryka\u0144skich w Polsce i rozpocz\u0119cia przez nich operacji wspierania Ukrainy (z nasz\u0105 wprawdzie istotn\u0105, ale nie pierwszorz\u0119dn\u0105 pomoc\u0105) oraz zabezpieczania wschodniej flanki NATO \u2013 odpowied\u017a na to pytanie jest pozytywna.<\/p>\n\n\n\n<p>Jak d\u0142ugo taka pozostanie, nie wie nikt. Wojna z Rosj\u0105 wyra\u017anie obna\u017cy\u0142a nasze s\u0142abo\u015bci (nie miejsce tu na ich analiz\u0119). Polska bez wsparcia USA, NATO i UE jest obok Litwy, \u0141otwy i Estonii nast\u0119pnym celem na li\u015bcie Rosji, kt\u00f3ra od wielu lat dzia\u0142a w Polsce poprzez swoje s\u0142u\u017cby, agent\u00f3w oraz po\u017cytecznych idiot\u00f3w niszcz\u0105cych, a co najmniej podwa\u017caj\u0105cych polsk\u0105 racj\u0119 stanu i g\u0142\u0119bok\u0105 integracj\u0119 z Zachodem.<\/p>\n\n\n\n<p>W\u0142a\u015bnie teraz, w \u015brodku wojny, przypominajmy sobie, kto odci\u0105ga\u0142 nas od sojuszu z USA (wypowiedzi nie znikaj\u0105 z Internetu), kto sze\u015b\u0107 lat temu ze swoim m\u0142odym wsp\u00f3\u0142pracownikiem w\u0142amywa\u0142 si\u0119 do biura NATO w Warszawie i jakie by\u0142y tego konsekwencje, kto doprowadzi\u0142 do usuni\u0119cia najlepszych oficer\u00f3w z wojska, komu zawdzi\u0119czamy brak \u015bmig\u0142owc\u00f3w itd. Mo\u017ce czas ju\u017c ujawni\u0107 \u2013 licz\u0119 tu na Anonymous, bo przecie\u017c nie na polskie s\u0142u\u017cby \u2013 nazwiska proputinowskich agent\u00f3w dzia\u0142aj\u0105cych w Polsce, nazwiska os\u00f3b od lat j\u0105trz\u0105cych polskie spo\u0142ecze\u0144stwo fake newsami, antyszczepionkowc\u00f3w, przeciwnik\u00f3w Unii Europejskiej, wrog\u00f3w mniejszo\u015bci itd. Wielu z nas dot\u0105d uwa\u017ca\u0142o tych ludzi za niegro\u017anych p\u00f3\u0142g\u0142\u00f3wk\u00f3w, pod\u015bmiewali\u015bmy si\u0119 z nich, \u017cartowali\u015bmy, przerabiali\u015bmy ich wypowiedzi na memy. W \u015bwietle obecnych wydarze\u0144 pora zweryfikowa\u0107 ten pogl\u0105d. Dzia\u0142ania te nieraz godzi\u0142y i nadal godz\u0105 w interes Polski, mo\u017ce nawet oznaczaj\u0105 zdrad\u0119 polskiej racji stanu. Nie s\u0105 te\u017c wcale g\u0142upot\u0105, ale czynnym wspieraniem Putina w roz\u0142amywaniu Europy. Na szcz\u0119\u015bcie tym razem si\u0119 nie uda\u0142o. Efekt jest wr\u0119cz odwrotny.<\/p>\n\n\n\n<p>Panie Kaczy\u0144ski, czas ujawni\u0107 proputinowskie si\u0142y, nawet kosztem utraty wi\u0119kszo\u015bci w Sejmie. Nie sta\u0107 nas na dalsze ich akceptowanie. Lepiej, je\u015bli zrobi to pan i nasze s\u0142u\u017cby, ni\u017c gdyby musieli nam dopomaga\u0107 Amerykanie lub hakerzy z Anonymous.<\/p>\n\n\n\n<hr class=\"wp-block-separator\"\/>\n\n\n\n<p><em>Felieton jest wyrazem opinii autora. Nie prezentuje stanowiska ZR Ma\u0142opolskie KOD.<\/em><\/p>\n","protected":false},"excerpt":{"rendered":"<p>Mo\u017ce czas ju\u017c ujawni\u0107 \u2013 licz\u0119 tu na Anonymous, bo przecie\u017c nie na polskie s\u0142u\u017cby \u2013 nazwiska proputinowskich agent\u00f3w od lat dzia\u0142aj\u0105cych w Polsce, nazwiska os\u00f3b od lat j\u0105trz\u0105cych polskie spo\u0142ecze\u0144stwo fake newsami, antyszczepionkowc\u00f3w, przeciwnik\u00f3w Unii Europejskiej, wrog\u00f3w mniejszo\u015bci itd.<\/p>\n","protected":false},"author":34,"featured_media":19897,"comment_status":"closed","ping_status":"open","sticky":false,"template":"","format":"standard","meta":{"_EventAllDay":false,"_EventTimezone":"","_EventStartDate":"","_EventEndDate":"","_EventStartDateUTC":"","_EventEndDateUTC":"","_EventShowMap":false,"_EventShowMapLink":false,"_EventURL":"","_EventCost":"","_EventCostDescription":"","_EventCurrencySymbol":"","_EventCurrencyCode":"","_EventCurrencyPosition":"","_EventDateTimeSeparator":"","_EventTimeRangeSeparator":"","_EventOrganizerID":[],"_EventVenueID":[],"_OrganizerEmail":"","_OrganizerPhone":"","_OrganizerWebsite":"","_VenueAddress":"","_VenueCity":"","_VenueCountry":"","_VenueProvince":"","_VenueState":"","_VenueZip":"","_VenuePhone":"","_VenueURL":"","_VenueStateProvince":"","_VenueLat":"","_VenueLng":"","_VenueShowMap":false,"_VenueShowMapLink":false,"footnotes":""},"categories":[596],"tags":[],"class_list":["post-30400","post","type-post","status-publish","format-standard","has-post-thumbnail","hentry","category-felietony","felietony"],"_links":{"self":[{"href":"https:\/\/kodmalopolska.pl\/index.php?rest_route=\/wp\/v2\/posts\/30400","targetHints":{"allow":["GET"]}}],"collection":[{"href":"https:\/\/kodmalopolska.pl\/index.php?rest_route=\/wp\/v2\/posts"}],"about":[{"href":"https:\/\/kodmalopolska.pl\/index.php?rest_route=\/wp\/v2\/types\/post"}],"author":[{"embeddable":true,"href":"https:\/\/kodmalopolska.pl\/index.php?rest_route=\/wp\/v2\/users\/34"}],"replies":[{"embeddable":true,"href":"https:\/\/kodmalopolska.pl\/index.php?rest_route=%2Fwp%2Fv2%2Fcomments&post=30400"}],"version-history":[{"count":0,"href":"https:\/\/kodmalopolska.pl\/index.php?rest_route=\/wp\/v2\/posts\/30400\/revisions"}],"wp:featuredmedia":[{"embeddable":true,"href":"https:\/\/kodmalopolska.pl\/index.php?rest_route=\/wp\/v2\/media\/19897"}],"wp:attachment":[{"href":"https:\/\/kodmalopolska.pl\/index.php?rest_route=%2Fwp%2Fv2%2Fmedia&parent=30400"}],"wp:term":[{"taxonomy":"category","embeddable":true,"href":"https:\/\/kodmalopolska.pl\/index.php?rest_route=%2Fwp%2Fv2%2Fcategories&post=30400"},{"taxonomy":"post_tag","embeddable":true,"href":"https:\/\/kodmalopolska.pl\/index.php?rest_route=%2Fwp%2Fv2%2Ftags&post=30400"}],"curies":[{"name":"wp","href":"https:\/\/api.w.org\/{rel}","templated":true}]}}