{"id":30250,"date":"2022-03-05T16:37:35","date_gmt":"2022-03-05T15:37:35","guid":{"rendered":"https:\/\/kodmalopolska.pl\/?p=30250"},"modified":"2022-03-05T16:37:38","modified_gmt":"2022-03-05T15:37:38","slug":"zamknac-niebo-felieton-fryderyka-zolla-372","status":"publish","type":"post","link":"https:\/\/kodmalopolska.pl\/?p=30250","title":{"rendered":"Zamkn\u0105\u0107 niebo.\u00a0Felieton Fryderyka Zolla (372)"},"content":{"rendered":"\n<h4 class=\"wp-block-heading\">Nad Ukrain\u0105 powinno doj\u015b\u0107 do natychmiastowego zamkni\u0119cia nieba. Jak to zostanie technicznie rozwi\u0105zane, to ju\u017c sprawa polityk\u00f3w i wojskowych.<\/h4>\n\n\n\n<p>Nie mo\u017cna biernie przygl\u0105da\u0107 si\u0119 stopniowemu niszczeniu ukrai\u0144skich miast z powietrza przez samoloty i rakiety, kt\u00f3re dzia\u0142aj\u0105 nawet nie w ramach wypowiedzianej wojny, ale \u201especjalnej operacji wojskowej\u201d. Jak wsp\u00f3lnota mi\u0119dzynarodowa mo\u017ce bezczynnie tolerowa\u0107 takie zabijanie ludzi i niszczenie ich dobytku? Zach\u00f3d te\u017c w ramach jakiej\u015b specjalnej operacji musi zadba\u0107 o to, by ukrai\u0144skie niebo nie by\u0142o \u017ar\u00f3d\u0142em \u015bmierci. Nie \u0142ud\u017amy si\u0119, \u017ce je\u015bli pozwolimy na to barbarzy\u0144stwo, uda nam si\u0119 z tego wywin\u0105\u0107. Przeciwnie \u2013 b\u0119dziemy mieli, jak Chamberlain, i wojn\u0119, i ha\u0144b\u0119.<\/p>\n\n\n\n<hr class=\"wp-block-separator\"\/>\n\n\n\n<p><em>Felieton jest wyrazem opinii autora. Nie prezentuje stanowiska ZR Ma\u0142opolskie.<\/em><\/p>\n","protected":false},"excerpt":{"rendered":"<p>Nad Ukrain\u0105 powinno doj\u015b\u0107 do natychmiastowego zamkni\u0119cia nieba. Jak to zostanie technicznie rozwi\u0105zane, to ju\u017c sprawa polityk\u00f3w i wojskowych.<\/p>\n","protected":false},"author":34,"featured_media":30252,"comment_status":"closed","ping_status":"open","sticky":false,"template":"","format":"standard","meta":{"_EventAllDay":false,"_EventTimezone":"","_EventStartDate":"","_EventEndDate":"","_EventStartDateUTC":"","_EventEndDateUTC":"","_EventShowMap":false,"_EventShowMapLink":false,"_EventURL":"","_EventCost":"","_EventCostDescription":"","_EventCurrencySymbol":"","_EventCurrencyCode":"","_EventCurrencyPosition":"","_EventDateTimeSeparator":"","_EventTimeRangeSeparator":"","_EventOrganizerID":[],"_EventVenueID":[],"_OrganizerEmail":"","_OrganizerPhone":"","_OrganizerWebsite":"","_VenueAddress":"","_VenueCity":"","_VenueCountry":"","_VenueProvince":"","_VenueState":"","_VenueZip":"","_VenuePhone":"","_VenueURL":"","_VenueStateProvince":"","_VenueLat":"","_VenueLng":"","_VenueShowMap":false,"_VenueShowMapLink":false,"footnotes":""},"categories":[596,651],"tags":[],"class_list":["post-30250","post","type-post","status-publish","format-standard","has-post-thumbnail","hentry","category-felietony","category-ukraina-x-artykuly","felietony","ukraina-x-artykuly"],"_links":{"self":[{"href":"https:\/\/kodmalopolska.pl\/index.php?rest_route=\/wp\/v2\/posts\/30250","targetHints":{"allow":["GET"]}}],"collection":[{"href":"https:\/\/kodmalopolska.pl\/index.php?rest_route=\/wp\/v2\/posts"}],"about":[{"href":"https:\/\/kodmalopolska.pl\/index.php?rest_route=\/wp\/v2\/types\/post"}],"author":[{"embeddable":true,"href":"https:\/\/kodmalopolska.pl\/index.php?rest_route=\/wp\/v2\/users\/34"}],"replies":[{"embeddable":true,"href":"https:\/\/kodmalopolska.pl\/index.php?rest_route=%2Fwp%2Fv2%2Fcomments&post=30250"}],"version-history":[{"count":0,"href":"https:\/\/kodmalopolska.pl\/index.php?rest_route=\/wp\/v2\/posts\/30250\/revisions"}],"wp:featuredmedia":[{"embeddable":true,"href":"https:\/\/kodmalopolska.pl\/index.php?rest_route=\/wp\/v2\/media\/30252"}],"wp:attachment":[{"href":"https:\/\/kodmalopolska.pl\/index.php?rest_route=%2Fwp%2Fv2%2Fmedia&parent=30250"}],"wp:term":[{"taxonomy":"category","embeddable":true,"href":"https:\/\/kodmalopolska.pl\/index.php?rest_route=%2Fwp%2Fv2%2Fcategories&post=30250"},{"taxonomy":"post_tag","embeddable":true,"href":"https:\/\/kodmalopolska.pl\/index.php?rest_route=%2Fwp%2Fv2%2Ftags&post=30250"}],"curies":[{"name":"wp","href":"https:\/\/api.w.org\/{rel}","templated":true}]}}