{"id":30230,"date":"2022-03-03T22:00:45","date_gmt":"2022-03-03T21:00:45","guid":{"rendered":"https:\/\/kodmalopolska.pl\/?p=30230"},"modified":"2022-03-03T22:00:49","modified_gmt":"2022-03-03T21:00:49","slug":"jak-trwoga-to-do-unii-felieton-adama-jaskowa-72","status":"publish","type":"post","link":"https:\/\/kodmalopolska.pl\/?p=30230","title":{"rendered":"Jak trwoga, to do Unii. Felieton Adama Ja\u015bkowa (72)"},"content":{"rendered":"\n<h4 class=\"wp-block-heading\">Potrzebujemy Unii, kt\u00f3ra b\u0119dzie aktywnie wspiera\u0107 s\u0105siaduj\u0105ce z ni\u0105 regiony i wymusza\u0107 stosowanie europejskich standard\u00f3w nie tylko na wsp\u00f3\u0142pracuj\u0105cych z ni\u0105 rz\u0105dach, ale przede wszystkim na firmach, kt\u00f3rych kapita\u0142y wyros\u0142y w Unii i na Unii. Nie mo\u017ce tak by\u0107, \u017ce \u015bwiatowe koncerny podchodz\u0105 do tych standard\u00f3w elastycznie i stosuj\u0105 si\u0119 do nich w Europie (i Unii), a poza ni\u0105 pozwalaj\u0105 sobie na ich poluzowanie czy niestosowanie w og\u00f3le. I r\u00f3wnolegle, je\u015bli kto\u015b chce uzyska\u0107 prawo do unijnego rynku, powinien przestrzega\u0107 wszystkich standard\u00f3w, a nie tylko tych, kt\u00f3re gwarantuj\u0105 bezpiecze\u0144stwo i jako\u015b\u0107 oferowanych towar\u00f3w.<\/h4>\n\n\n\n<p>W\u015br\u00f3d polityk\u00f3w PiS-u mo\u017cna zauwa\u017cy\u0107 nag\u0142y zanik niech\u0119ci do Unii Europejskiej \u2013 zapewne nie tylko dlatego, \u017ce dziwnie by wygl\u0105da\u0142o wspieranie ukrai\u0144skiej pro\u015bby o akcesj\u0119 wobec por\u00f3wnywania Unii do III Rzeszy. Sytuacja, jaka powsta\u0142a po rosyjskiej agresji na Ukrain\u0119, obna\u017ca tekturowo\u015b\u0107 naszego pa\u0144stwa. W dodatku nie jest to tektura pierwszej jako\u015bci, raczej materia\u0142 zdatny na makulatur\u0119, kt\u00f3rego jednak nikt nie chce przyj\u0105\u0107 w punkcie skupu.<\/p>\n\n\n\n<p>Zacznijmy od stanu naszej armii, kt\u00f3ra po sze\u015bciu latach intensywnej modernizacji przez ministra B\u0142aszczaka posiada w zasadzie zerow\u0105 zdolno\u015b\u0107 bojow\u0105. Nie zmniejszy jej zatem sprzeda\u017c\/oddanie naszych mig\u00f3w Ukrainie (o ile wszystkie 28 sztuk jeszcze lata). Po wypadkach z jedn\u0105 ofiar\u0105 \u015bmierteln\u0105 migi uziemiono na p\u00f3\u0142 roku. A wypadki by\u0142y efektem nielicencjonowanych pr\u00f3b naprawy i konserwacji poradzieckich maszyn.<\/p>\n\n\n\n<p>Podstawow\u0105 broni\u0105 naszej piechoty s\u0105 licz\u0105ce ju\u017c 50 lat bojowe wozy piechoty. Nowocze\u015bniejsze BWP-2 zosta\u0142y na\u015bcie lat temu sprzedane przez dow\u00f3dztwo armii bez wiedzy \u00f3wczesnego ministra obrony i zamienione na terenowe mercedesy. Zakupione transportery Rosomak nie s\u0105 \u2013 jak sama nazwa wskazuje \u2013 wozami bojowymi, ale s\u0142u\u017c\u0105 do transportu piechoty. Podobnie ze \u015bwie\u017co nabytymi cougarami, wyprzedawanymi przez Amerykan\u00f3w na pot\u0119g\u0119: s\u0105 to w zasadzie opancerzone ci\u0119\u017car\u00f3wki, w dodatku w barwach pustynnych.<\/p>\n\n\n\n<p>Obiecane abramsy te\u017c mog\u0105 sprawia\u0107 wi\u0119cej problem\u00f3w ni\u017c po\u017cytku i tak jak rosyjskie czo\u0142gi typu armata sprawdza\u0107 si\u0119 najlepiej na defiladach. Abramsy wa\u017c\u0105 72 tony, czyli 12 ton wi\u0119cej ni\u017c starsza wersja Leoparda i 6 ton wi\u0119cej ni\u017c wersja najnowsza. Spalaj\u0105 \u2013 co nie powinno specjalnie dziwi\u0107 \u2013 dwa razy wi\u0119cej paliwa (1500 litr\u00f3w na 100 km) ni\u017c leopardy. S\u0105 to wi\u0119c czo\u0142gi idealne dla Amerykan\u00f3w i mo\u017ce jeszcze Arabii Saudyjskiej i Kuwejtu. Na naszych drogach i bezdro\u017cach ka\u017cdemu abramsowi b\u0119dzie zapewne musia\u0142 stale towarzyszy\u0107 stutonowy d\u017awig i cysterna z paliwem.<\/p>\n\n\n\n<p>By\u0107 mo\u017ce wojna na Ukrainie sprawia, \u017ce do polityk\u00f3w PiS-u zaczyna z wolna dociera\u0107 nieskuteczno\u015b\u0107 prowadzonej przez nich polityki, cho\u0107 jej absurdalno\u015b\u0107 raczej dotrze\u0107 nie zd\u0105\u017cy. Dotar\u0142o do nich natomiast, \u017ce ca\u0142a nadzieja jest w Unii Europejskiej\u2026 Ale\u2026 (wszystko, co powiemy przed \u201eale\u201d, g\u00f3wno warte \u2013 jak mawia\u0142 Benjen Stark, jeden z bohater\u00f3w \u201eGry o tron\u201d). W Unii pok\u0142adaj\u0105 teraz nadzieje ci, kt\u00f3rzy uznali j\u0105 za najwi\u0119kszego z wrog\u00f3w suwerenno\u015bci, wolno\u015bci, patriotyzmu i rodziny. \u015awi\u0119tej rodziny. Odwracaj\u0105c si\u0119 szybko o 180 stopni, trzeba pilnowa\u0107, by z rozp\u0119du nie wykr\u0119ci\u0107 piruetu i nie straci\u0107 r\u00f3wnowagi. Mo\u017cna wtedy nie tylko zderzy\u0107 si\u0119 z rzeczywisto\u015bci\u0105, ale przy okazji nawi\u0105za\u0107 te\u017c szybki kontakt z ziemi\u0105. Ojczyst\u0105.<\/p>\n\n\n\n<p>Potrzebujemy Unii, ale bardziej takiej, jak\u0105 zapisano w traktach, \u0142\u0105cznie z Kart\u0105 Praw Podstawowych. Potrzebujemy jednak tak\u017ce nowej Unii, bardziej zintegrowanej, a przede wszystkim bardziej sprawiedliwej ekonomicznie. Unii, kt\u00f3ra nie b\u0119dzie si\u0119 \u015blepo opiera\u0107 na dogmatach wolnego rynku, ale b\u0119dzie prowadzi\u0107 polityki sektorowe. Unii, kt\u00f3ra nie tylko b\u0119dzie si\u0119 targowa\u0107 z producentami o ceny lek\u00f3w i innych d\u00f3br niezb\u0119dnych, ale b\u0119dzie takie dobra produkowa\u0107 w swoich zak\u0142adach. Unii, kt\u00f3ra nie tylko b\u0119dzie finansowa\u0107 badania naukowe, ale te\u017c b\u0119dzie ich efekty wdra\u017ca\u0107 do produkcji. Unii, kt\u00f3ra b\u0119dzie realnie opiera\u0107 swoje polityki na analizach wypracowanych z naukowych konsensus\u00f3w. Unii, kt\u00f3ra nie b\u0119dzie robi\u0107 szemranych interes\u00f3w z miliarderami od szemranych interes\u00f3w.<\/p>\n\n\n\n<p>Potrzebujemy Unii r\u00f3wnie\u017c jako podmiotu gwarantuj\u0105cego bezpiecze\u0144stwo regionu i umiej\u0105cego o to bezpiecze\u0144stwo zadba\u0107. Potrzebujemy wsp\u00f3lnej europejskiej armii, przynajmniej w ramach zapewniaj\u0105cych bezpiecze\u0144stwo granic morskich i powietrznych.<\/p>\n\n\n\n<p>Potrzebujemy te\u017c Unii, kt\u00f3ra b\u0119dzie aktywnie wspiera\u0107 s\u0105siaduj\u0105ce z ni\u0105 regiony i wymusza\u0107 stosowanie europejskich standard\u00f3w nie tylko na wsp\u00f3\u0142pracuj\u0105cych z ni\u0105 rz\u0105dach, ale przede wszystkim na firmach, kt\u00f3rych kapita\u0142y wyros\u0142y w Unii i na Unii. Nie mo\u017ce tak by\u0107, \u017ce \u015bwiatowe koncerny podchodz\u0105 do tych standard\u00f3w elastycznie i stosuj\u0105 si\u0119 do nich w Europie (i Unii), a poza ni\u0105 pozwalaj\u0105 sobie na ich poluzowanie czy niestosowanie w og\u00f3le. I r\u00f3wnolegle, je\u015bli kto\u015b chce uzyska\u0107 prawo do unijnego rynku, powinien przestrzega\u0107 wszystkich standard\u00f3w, a nie tylko tych, kt\u00f3re gwarantuj\u0105 bezpiecze\u0144stwo i jako\u015b\u0107 oferowanych towar\u00f3w.<\/p>\n\n\n\n<p>Potrzebujemy Unii bardziej sprawiedliwej i bardziej etycznej. I bardziej praworz\u0105dnej. Dzi\u015b (3 marca 2022) Komisja Europejska ustali\u0142a zasady stosowania mechanizmu \u201epieni\u0105dze za praworz\u0105dno\u015b\u0107\u201d. To kolejny krok w kierunku lepszej Unii, ale te\u017c istotne narz\u0119dzie Komisji Europejskiej, kt\u00f3rego wykorzystanie powinien stale monitorowa\u0107 Parlament Europejski. Aby przyj\u0105\u0107 w sk\u0142ad Unii nowe kraje, na przyk\u0142ad Ukrain\u0119, Unia musi si\u0119 zmieni\u0107, bardziej zintegrowa\u0107 i poprawi\u0107 funkcjonowanie swoich struktur i realizacj\u0119 swoich polityk. Pami\u0119tajmy, \u017ce proces akcesyjny toczy si\u0119 w stosunku do Serbii, Macedonii P\u00f3\u0142nocnej, Czarnog\u00f3ry. Trwa tak\u017ce \u2013 cho\u0107 daleko mu do zako\u0144czenia, chyba dalej nawet ni\u017c w przypadku by\u0142ych republik Jugos\u0142awii \u2013 proces akcesyjny Turcji.<\/p>\n\n\n\n<p>Kolejka ch\u0119tnych do akcesji kraj\u00f3w si\u0119 nie zmniejsza. Unia jest postrzegana jako pozytywny tw\u00f3r polityczny, stabilizuj\u0105cy region. Czas, by na ten wizerunek w pe\u0142ni zas\u0142u\u017cy\u0107.<\/p>\n\n\n\n<p><em>r\u00f3wnie\u017c na&nbsp;<\/em><a href=\"https:\/\/aristoskr.wordpress.com\/\">aristoskr.wordpress.com<\/a><\/p>\n\n\n\n<hr class=\"wp-block-separator\"\/>\n\n\n\n<p><em>Felieton jest wyrazem opinii autora. Nie prezentuje stanowiska ZR Ma\u0142opolskie<\/em>.<\/p>\n","protected":false},"excerpt":{"rendered":"<p>Potrzebujemy Unii, kt\u00f3ra b\u0119dzie aktywnie wspiera\u0107 s\u0105siaduj\u0105ce z ni\u0105 regiony i wymusza\u0107 stosowanie europejskich standard\u00f3w nie tylko na wsp\u00f3\u0142pracuj\u0105cych z ni\u0105 rz\u0105dach, ale przede wszystkim na firmach, kt\u00f3rych kapita\u0142y wyros\u0142y w Unii i na Unii. Nie mo\u017ce tak by\u0107, \u017ce \u015bwiatowe koncerny podchodz\u0105 do tych standard\u00f3w elastycznie i stosuj\u0105 si\u0119 do nich w Europie (i Unii), a poza ni\u0105 pozwalaj\u0105 sobie na ich poluzowanie czy niestosowanie w og\u00f3le. I r\u00f3wnolegle, je\u015bli kto\u015b chce uzyska\u0107 prawo do unijnego rynku, powinien przestrzega\u0107 wszystkich standard\u00f3w, a nie tylko tych, kt\u00f3re gwarantuj\u0105 bezpiecze\u0144stwo i jako\u015b\u0107 oferowanych towar\u00f3w.<\/p>\n","protected":false},"author":34,"featured_media":20415,"comment_status":"closed","ping_status":"open","sticky":false,"template":"","format":"standard","meta":{"_EventAllDay":false,"_EventTimezone":"","_EventStartDate":"","_EventEndDate":"","_EventStartDateUTC":"","_EventEndDateUTC":"","_EventShowMap":false,"_EventShowMapLink":false,"_EventURL":"","_EventCost":"","_EventCostDescription":"","_EventCurrencySymbol":"","_EventCurrencyCode":"","_EventCurrencyPosition":"","_EventDateTimeSeparator":"","_EventTimeRangeSeparator":"","_EventOrganizerID":[],"_EventVenueID":[],"_OrganizerEmail":"","_OrganizerPhone":"","_OrganizerWebsite":"","_VenueAddress":"","_VenueCity":"","_VenueCountry":"","_VenueProvince":"","_VenueState":"","_VenueZip":"","_VenuePhone":"","_VenueURL":"","_VenueStateProvince":"","_VenueLat":"","_VenueLng":"","_VenueShowMap":false,"_VenueShowMapLink":false,"footnotes":""},"categories":[596],"tags":[],"class_list":["post-30230","post","type-post","status-publish","format-standard","has-post-thumbnail","hentry","category-felietony","felietony"],"_links":{"self":[{"href":"https:\/\/kodmalopolska.pl\/index.php?rest_route=\/wp\/v2\/posts\/30230","targetHints":{"allow":["GET"]}}],"collection":[{"href":"https:\/\/kodmalopolska.pl\/index.php?rest_route=\/wp\/v2\/posts"}],"about":[{"href":"https:\/\/kodmalopolska.pl\/index.php?rest_route=\/wp\/v2\/types\/post"}],"author":[{"embeddable":true,"href":"https:\/\/kodmalopolska.pl\/index.php?rest_route=\/wp\/v2\/users\/34"}],"replies":[{"embeddable":true,"href":"https:\/\/kodmalopolska.pl\/index.php?rest_route=%2Fwp%2Fv2%2Fcomments&post=30230"}],"version-history":[{"count":0,"href":"https:\/\/kodmalopolska.pl\/index.php?rest_route=\/wp\/v2\/posts\/30230\/revisions"}],"wp:featuredmedia":[{"embeddable":true,"href":"https:\/\/kodmalopolska.pl\/index.php?rest_route=\/wp\/v2\/media\/20415"}],"wp:attachment":[{"href":"https:\/\/kodmalopolska.pl\/index.php?rest_route=%2Fwp%2Fv2%2Fmedia&parent=30230"}],"wp:term":[{"taxonomy":"category","embeddable":true,"href":"https:\/\/kodmalopolska.pl\/index.php?rest_route=%2Fwp%2Fv2%2Fcategories&post=30230"},{"taxonomy":"post_tag","embeddable":true,"href":"https:\/\/kodmalopolska.pl\/index.php?rest_route=%2Fwp%2Fv2%2Ftags&post=30230"}],"curies":[{"name":"wp","href":"https:\/\/api.w.org\/{rel}","templated":true}]}}