{"id":30185,"date":"2022-03-02T22:28:57","date_gmt":"2022-03-02T21:28:57","guid":{"rendered":"https:\/\/kodmalopolska.pl\/?p=30185"},"modified":"2022-03-02T22:29:00","modified_gmt":"2022-03-02T21:29:00","slug":"przeszlosc-vs-terazniejszosc-felieton-marcina-nowaka-66","status":"publish","type":"post","link":"https:\/\/kodmalopolska.pl\/?p=30185","title":{"rendered":"Przesz\u0142o\u015b\u0107 vs tera\u017aniejszo\u015b\u0107.\u00a0Felieton Marcina Nowaka (66)"},"content":{"rendered":"\n<h4 class=\"wp-block-heading\">Zjednoczenie Polak\u00f3w wobec ataku Rosji na Ukrain\u0119 jest niesamowite. Czy jednak potrwa d\u0142u\u017cej, skoro intensywnie poszukuje si\u0119 temat\u00f3w, kt\u00f3re mog\u0105 na nowo nas podzieli\u0107?<\/h4>\n\n\n\n<p>Od kilku dni w mediach spo\u0142eczno\u015bciowych pojawiaj\u0105 si\u0119 wypowiedzi o urazach historycznych, o grupach z\u0142ych Polek i Polak\u00f3w, Ukrainek i Ukrai\u0144c\u00f3w. Nikt z obecnie \u017cyj\u0105cych nie by\u0142 bezpo\u015brednim \u015bwiadkiem tamtych wydarze\u0144. Wszystko, co o nich wiemy, jest interpretacj\u0105 mniej lub bardziej wiern\u0105 temu, co faktycznie zasz\u0142o. Dlatego pojedyncze przypadki czy dzia\u0142ania grupek, o kt\u00f3rych si\u0119 s\u0142ysza\u0142o, nietrudno jest ekstrapolowa\u0107 na ca\u0142y nar\u00f3d, wyznaczaj\u0105c linie podzia\u0142u. Wystarczy nag\u0142o\u015bni\u0107 przekaz, a to w mediach spo\u0142eczno\u015bciowych jest stosunkowo proste.<\/p>\n\n\n\n<p>Historia to wdzi\u0119czne narz\u0119dzie propagandy. Podzielonym spo\u0142ecze\u0144stwem \u0142atwiej jest manipulowa\u0107. Podsycaj\u0105c wzajemn\u0105 nienawi\u015b\u0107, os\u0142abia si\u0119 solidarno\u015b\u0107, wsparcie i wyj\u0105tkow\u0105 jedno\u015b\u0107 wobec obecnego z\u0142a.<\/p>\n\n\n\n<p>To, co si\u0119 dzieje obecnie, dzieje si\u0119 na naszych oczach, jest realne, namacalne, dotyka nas bezpo\u015brednio. Mamy osobiste do\u015bwiadczenie tych wydarze\u0144. I wbrew pozorom mo\u017cemy na nie wp\u0142ywa\u0107, zw\u0142aszcza je\u017celi dzia\u0142amy wsp\u00f3lnie \u2013 mi\u0119dzypokoleniowo i mi\u0119dzynarodowo.<\/p>\n\n\n\n<p>Historii nie zmienimy. To, co si\u0119 sta\u0142o, ju\u017c si\u0119 nie odstanie. Mo\u017cemy histori\u0119 interpretowa\u0107 i reinterpretowa\u0107 przez filtr tera\u017aniejszo\u015bci. Tak czyni ka\u017cde pokolenie. Mo\u017cemy odkrywa\u0107 nieznane fakty, kt\u00f3re rzucaj\u0105 nowe \u015bwiat\u0142o na to, co si\u0119 wydarzy\u0142o. Spory o to zostawmy historykom, kt\u00f3rzy umiej\u0105 ocenia\u0107 przesz\u0142o\u015b\u0107 w spos\u00f3b rzetelny.<\/p>\n\n\n\n<p>Od ran z przesz\u0142o\u015bci natomiast wypada\u0142oby w ko\u0144cu si\u0119 uwolni\u0107. Ile to ju\u017c pokole\u0144 up\u0142yn\u0119\u0142o? Je\u017celi b\u0119dziemy wci\u0105\u017c wywo\u0142ywa\u0107 tamte duchy, nigdy nie zaznaj\u0105 spokoju, a budowanie tera\u017aniejszo\u015bci i przysz\u0142o\u015bci opiera\u0107 si\u0119 b\u0119dzie na negatywnych, cz\u0119sto nie do ko\u0144ca prawdziwych przes\u0142ankach.<\/p>\n\n\n\n<hr class=\"wp-block-separator\"\/>\n\n\n\n<p><em>Felieton jest wyrazem opinii autora. Nie prezentuje stanowiska ZR Ma\u0142opolskie<\/em>.<\/p>\n","protected":false},"excerpt":{"rendered":"<p>Zjednoczenie Polak\u00f3w wobec ataku Rosji na Ukrain\u0119 jest niesamowite. Czy jednak potrwa d\u0142u\u017cej, skoro intensywnie poszukuje si\u0119 temat\u00f3w, kt\u00f3re mog\u0105 na nowo nas podzieli\u0107?<\/p>\n","protected":false},"author":34,"featured_media":30196,"comment_status":"closed","ping_status":"open","sticky":false,"template":"","format":"standard","meta":{"_EventAllDay":false,"_EventTimezone":"","_EventStartDate":"","_EventEndDate":"","_EventStartDateUTC":"","_EventEndDateUTC":"","_EventShowMap":false,"_EventShowMapLink":false,"_EventURL":"","_EventCost":"","_EventCostDescription":"","_EventCurrencySymbol":"","_EventCurrencyCode":"","_EventCurrencyPosition":"","_EventDateTimeSeparator":"","_EventTimeRangeSeparator":"","_EventOrganizerID":[],"_EventVenueID":[],"_OrganizerEmail":"","_OrganizerPhone":"","_OrganizerWebsite":"","_VenueAddress":"","_VenueCity":"","_VenueCountry":"","_VenueProvince":"","_VenueState":"","_VenueZip":"","_VenuePhone":"","_VenueURL":"","_VenueStateProvince":"","_VenueLat":"","_VenueLng":"","_VenueShowMap":false,"_VenueShowMapLink":false,"footnotes":""},"categories":[596,651],"tags":[],"class_list":["post-30185","post","type-post","status-publish","format-standard","has-post-thumbnail","hentry","category-felietony","category-ukraina-x-artykuly","felietony","ukraina-x-artykuly"],"_links":{"self":[{"href":"https:\/\/kodmalopolska.pl\/index.php?rest_route=\/wp\/v2\/posts\/30185","targetHints":{"allow":["GET"]}}],"collection":[{"href":"https:\/\/kodmalopolska.pl\/index.php?rest_route=\/wp\/v2\/posts"}],"about":[{"href":"https:\/\/kodmalopolska.pl\/index.php?rest_route=\/wp\/v2\/types\/post"}],"author":[{"embeddable":true,"href":"https:\/\/kodmalopolska.pl\/index.php?rest_route=\/wp\/v2\/users\/34"}],"replies":[{"embeddable":true,"href":"https:\/\/kodmalopolska.pl\/index.php?rest_route=%2Fwp%2Fv2%2Fcomments&post=30185"}],"version-history":[{"count":0,"href":"https:\/\/kodmalopolska.pl\/index.php?rest_route=\/wp\/v2\/posts\/30185\/revisions"}],"wp:featuredmedia":[{"embeddable":true,"href":"https:\/\/kodmalopolska.pl\/index.php?rest_route=\/wp\/v2\/media\/30196"}],"wp:attachment":[{"href":"https:\/\/kodmalopolska.pl\/index.php?rest_route=%2Fwp%2Fv2%2Fmedia&parent=30185"}],"wp:term":[{"taxonomy":"category","embeddable":true,"href":"https:\/\/kodmalopolska.pl\/index.php?rest_route=%2Fwp%2Fv2%2Fcategories&post=30185"},{"taxonomy":"post_tag","embeddable":true,"href":"https:\/\/kodmalopolska.pl\/index.php?rest_route=%2Fwp%2Fv2%2Ftags&post=30185"}],"curies":[{"name":"wp","href":"https:\/\/api.w.org\/{rel}","templated":true}]}}