{"id":29741,"date":"2022-02-22T19:22:08","date_gmt":"2022-02-22T18:22:08","guid":{"rendered":"https:\/\/kodmalopolska.pl\/?p=29741"},"modified":"2022-02-22T19:22:14","modified_gmt":"2022-02-22T18:22:14","slug":"lekcja-historii-putina-felieton-fryderyka-zolla-368","status":"publish","type":"post","link":"https:\/\/kodmalopolska.pl\/?p=29741","title":{"rendered":"Lekcja historii Putina. Felieton Fryderyka Zolla (368)"},"content":{"rendered":"\n<h4 class=\"wp-block-heading\" id=\"dla-polakow-slowa-putina-o-ukrainie-musza-byc-szokiem-kilkadziesiat-lat-temu-to-polska-byla-bekartem-europy-panstwem-sezonowym\">Dla Polak\u00f3w s\u0142owa Putina o Ukrainie musz\u0105 by\u0107 szokiem. Kilkadziesi\u0105t lat temu to Polska by\u0142a \u201eb\u0119kartem Europy\u201d, pa\u0144stwem sezonowym.<\/h4>\n\n\n\n<p>Za tym pogl\u0105dem posz\u0142y czyny: pakt Ribbentrop\u2013Mo\u0142otow. Nad Polsk\u0105 ci\u0105\u017cy\u0142o przekle\u0144stwo jej pozycji geograficznej, z takim trudem odwr\u00f3cone dzi\u0119ki NATO i Unii Europejskiej (co pragn\u0119li i nadal pragn\u0105 zniweczy\u0107 beneficjenci pods\u0142uch\u00f3w u Sowy). W \u015bwiecie Putinowskich wyobra\u017ce\u0144 Polska, tak jak Ukraina, jest produktem leninowskim. Je\u017celi pozwolimy na \u201ezdekomunizowanie\u201d Ukrainy wed\u0142ug wzoru Kremla: podb\u00f3j, \u015bmier\u0107 i terror, b\u0119dziemy nast\u0119pni w kolejce. Obecne dzia\u0142ania w\u0142adz Rosji szokuj\u0105co przypominaj\u0105 te\u017c inne historyczne wydarzenia. Warto si\u0119gn\u0105\u0107 \u2013 jak niedawno zauwa\u017cy\u0142 fi\u0144ski premier \u2013 do opis\u00f3w wojny zimowej ZSRR z Finlandi\u0105, r\u00f3wnie\u017c \u201epa\u0144stwem sezonowym\u201d. Nawet prowokacj\u0119 na granicy przeprowadzono wtedy tak samo: si\u0142y radzieckie ostrzela\u0142y wie\u015b Mainila na terytorium ZSSR, a zbrodni\u0119 przypisa\u0142y Finom. Modus marionetkowych rz\u0105d\u00f3w realizowany teraz w Donbasie i \u0141uga\u0144sku, a planowany dla ca\u0142ej Ukrainy, przypomina z kolei wydarzenia na plebanii w Wyszkowie.<\/p>\n\n\n\n<p>W Ukrainie by\u0142em po raz pierwszy w latach osiemdziesi\u0105tych. Pami\u0119tam ludzi, kt\u00f3rzy na ulicy \u015bpiewali o samostijnoj Ukrainie. Dziewi\u0119tnastowieczny my\u015bliciel ukrai\u0144ski Myko\u0142a Kostomarow tak widzia\u0142 r\u00f3\u017cnice i podobie\u0144stwa mi\u0119dzy Rosjanami a Ukrai\u0144cami (podaj\u0119 za P.R. Magocsi, \u201eHistoria Ukrainy, ziemia i ludzie\u201d, Krak\u00f3w 2017, s. 47, w przek\u0142adzie M. Kr\u00f3la i A. Walig\u00f3ry-Zblewskiej): <em>Rus\u00f3w po\u0142udniowych<\/em> \u2013 tak m\u00f3wiono wtedy o Ukrai\u0144cach \u2013 <em>cechuje indywidualizm, Wielkorus\u00f3w kolektywizm. W sferze polityki Rusowie po\u0142udniowi zdolni byli tworzy\u0107 u siebie wolno\u015bciowe formy organizacji spo\u0142ecznej, w kt\u00f3rych kontrola ogranicza\u0142a si\u0119 do minimum niezb\u0119dnego do ich istnienia i kt\u00f3re mimo to by\u0142y silne bez naruszania swob\u00f3d jednostek. Z kolei Wielkorusowie usi\u0142owali budowa\u0107 na solidnym fundamencie kolektywnej struktury, przenikni\u0119tej jednym duchem. Rusowie po\u0142udniowi ci\u0105\u017cyli do federacji, Wielkorusowie ku federacji i silnej monarchii<\/em>. Dalej Kostomarow por\u00f3wnuje Ukrai\u0144c\u00f3w i Polak\u00f3w (cytuj\u0119 za tym samym \u017ar\u00f3d\u0142em): <em>Polak\u00f3w i Rus\u00f3w po\u0142udniowych dzieli rzecz jasna g\u0142\u0119boka przepa\u015b\u0107, kt\u00f3rej by\u0107 mo\u017ce nigdy nie uda si\u0119 pokona\u0107. S\u0105 jak dwie ga\u0142\u0119zie wyrastaj\u0105ce w dwie r\u00f3\u017cne strony. Jedna \u2013 szczepiona \u2013 wyda\u0142a szlachetny owoc, szlacht\u0119. Druga zrodzi\u0142a ch\u0142opstwo. M\u00f3wi\u0105c wprost: Polacy to nar\u00f3d arystokratyczny, a Rusowie po\u0142udniowi \u2013 demokratyczny. Jednak te etykietki nie oddaj\u0105 dziej\u00f3w obu narod\u00f3w. Polska arystokracja jest bardzo demokratyczna, a po\u0142udniowo-ruska demokracja bardzo arystokratyczna. Polska szlachta nie pr\u00f3bowa\u0142a przekracza\u0107 granic swojej klasy, natomiast na Ukrainie nar\u00f3d sk\u0142adaj\u0105cy si\u0119 z jednostek o podobnym statusie i r\u00f3wnych prawach cz\u0119sto wydaje z siebie jednostki, kt\u00f3re wspinaj\u0105 si\u0119 znacznie wy\u017cej i osi\u0105gaj\u0105 dla siebie znacznie wi\u0119cej, by ponownie zosta\u0107 wch\u0142oni\u0119te przez masy, z kt\u00f3rych wyros\u0142y. Te zmagania cz\u0119sto os\u0142abiaj\u0105 struktur\u0119 spo\u0142eczn\u0105, daj\u0105c szans\u0119 kolejnym ludziom, kt\u00f3rzy znaj\u0105 warto\u015b\u0107 silnego spo\u0142ecze\u0144stwa, by przej\u0119li nad nim kontrol\u0119<\/em>.<\/p>\n\n\n\n<p>Jest to zestawienie Polak\u00f3w i Ukrai\u0144c\u00f3w dokonane z perspektywy XIX wieku. Dzisiaj polska arystokratyczno\u015b\u0107 jest oczywistym mitem, kt\u00f3ry nie odzwierciedla rzeczywistych proces\u00f3w spo\u0142ecznych. Niemniej podstawowe por\u00f3wnanie dw\u00f3ch indywidualistycznych spo\u0142ecze\u0144stw przywi\u0105zanych do wolno\u015bci jest trafne. Teraz gdy Polska nie ma \u017cadnych kolonialno-imperialnych obsesji, stali\u015bmy si\u0119 sobie naprawd\u0119 bliscy. Cierpienie Ukrai\u0144c\u00f3w to nasze cierpienie. Istnienie silnej, wolnej, demokratycznej Ukrainy le\u017cy w naszym egzystencjalnym interesie, a tak naprawd\u0119 le\u017cy tak\u017ce w interesie Rosji, bo imperialne wizje niszcz\u0105 szans\u0119 na jej pokojowy rozw\u00f3j oraz dobrostan jej obywateli. Nadchodz\u0105cy konflikt mo\u017ce zniszczy\u0107 wszystko, co osi\u0105gn\u0119li\u015bmy w Europie. Musimy broni\u0107 tych osi\u0105gni\u0119\u0107 razem z Ukrai\u0144cami. Znowu te\u017c musimy jako pa\u0144stwo odzyska\u0107 zdolno\u015b\u0107 dyplomatyczn\u0105, by przywr\u00f3ci\u0107 Polsce rol\u0119 or\u0119downika europejskiej integracji w Europie \u015arodkowej i Wschodniej. Funkcj\u0119 t\u0119 utracili\u015bmy za spraw\u0105 PiS-owsko-Ziobrowej w\u0142adzy. Doj\u015bcie PiS do w\u0142adzy by\u0142o jednym z wielu zdarze\u0144 w logicznym ci\u0105gu, kt\u00f3rego kumulacja ma miejsce teraz na Wschodzie Europy.<\/p>\n\n\n\n<hr class=\"wp-block-separator\"\/>\n\n\n\n<p><em>Felieton jest wyrazem opinii autora. Nie prezentuje stanowiska ZR Ma\u0142opolskie<\/em>.<\/p>\n","protected":false},"excerpt":{"rendered":"<p>Dla Polak\u00f3w s\u0142owa Putina o Ukrainie musz\u0105 by\u0107 szokiem. Kilkadziesi\u0105t lat temu to Polska by\u0142a \u201eb\u0119kartem Europy\u201d, pa\u0144stwem sezonowym.<\/p>\n","protected":false},"author":34,"featured_media":24583,"comment_status":"closed","ping_status":"open","sticky":false,"template":"","format":"standard","meta":{"_EventAllDay":false,"_EventTimezone":"","_EventStartDate":"","_EventEndDate":"","_EventStartDateUTC":"","_EventEndDateUTC":"","_EventShowMap":false,"_EventShowMapLink":false,"_EventURL":"","_EventCost":"","_EventCostDescription":"","_EventCurrencySymbol":"","_EventCurrencyCode":"","_EventCurrencyPosition":"","_EventDateTimeSeparator":"","_EventTimeRangeSeparator":"","_EventOrganizerID":[],"_EventVenueID":[],"_OrganizerEmail":"","_OrganizerPhone":"","_OrganizerWebsite":"","_VenueAddress":"","_VenueCity":"","_VenueCountry":"","_VenueProvince":"","_VenueState":"","_VenueZip":"","_VenuePhone":"","_VenueURL":"","_VenueStateProvince":"","_VenueLat":"","_VenueLng":"","_VenueShowMap":false,"_VenueShowMapLink":false,"footnotes":""},"categories":[596],"tags":[],"class_list":["post-29741","post","type-post","status-publish","format-standard","has-post-thumbnail","hentry","category-felietony","felietony"],"_links":{"self":[{"href":"https:\/\/kodmalopolska.pl\/index.php?rest_route=\/wp\/v2\/posts\/29741","targetHints":{"allow":["GET"]}}],"collection":[{"href":"https:\/\/kodmalopolska.pl\/index.php?rest_route=\/wp\/v2\/posts"}],"about":[{"href":"https:\/\/kodmalopolska.pl\/index.php?rest_route=\/wp\/v2\/types\/post"}],"author":[{"embeddable":true,"href":"https:\/\/kodmalopolska.pl\/index.php?rest_route=\/wp\/v2\/users\/34"}],"replies":[{"embeddable":true,"href":"https:\/\/kodmalopolska.pl\/index.php?rest_route=%2Fwp%2Fv2%2Fcomments&post=29741"}],"version-history":[{"count":0,"href":"https:\/\/kodmalopolska.pl\/index.php?rest_route=\/wp\/v2\/posts\/29741\/revisions"}],"wp:featuredmedia":[{"embeddable":true,"href":"https:\/\/kodmalopolska.pl\/index.php?rest_route=\/wp\/v2\/media\/24583"}],"wp:attachment":[{"href":"https:\/\/kodmalopolska.pl\/index.php?rest_route=%2Fwp%2Fv2%2Fmedia&parent=29741"}],"wp:term":[{"taxonomy":"category","embeddable":true,"href":"https:\/\/kodmalopolska.pl\/index.php?rest_route=%2Fwp%2Fv2%2Fcategories&post=29741"},{"taxonomy":"post_tag","embeddable":true,"href":"https:\/\/kodmalopolska.pl\/index.php?rest_route=%2Fwp%2Fv2%2Ftags&post=29741"}],"curies":[{"name":"wp","href":"https:\/\/api.w.org\/{rel}","templated":true}]}}