{"id":29694,"date":"2022-02-17T23:02:33","date_gmt":"2022-02-17T22:02:33","guid":{"rendered":"https:\/\/kodmalopolska.pl\/?p=29694"},"modified":"2022-02-17T23:02:37","modified_gmt":"2022-02-17T22:02:37","slug":"cena-ziobry-felieton-fryderyka-zolla-366","status":"publish","type":"post","link":"https:\/\/kodmalopolska.pl\/?p=29694","title":{"rendered":"Cena Ziobry. Felieton Fryderyka Zolla (366)"},"content":{"rendered":"\n<h4 class=\"wp-block-heading\" id=\"ziobro-to-najbardziej-zagadkowy-element-grupy-rzadzacej-jego-program-unicestwienia-sadow-calkowicie-nieracjonalny-rujnuje-nie-tylko-wymiar-sprawiedliwosci-trzymanie-sie-ziobrowych-nonsensow-sparalizowalo-rzad-pis-u-odbierajac-mu-narzedzia-prowadzenia-polityki-wewnetrznej-i-zewnetrznej\">Ziobro to najbardziej zagadkowy element grupy rz\u0105dz\u0105cej. Jego program unicestwienia s\u0105d\u00f3w, ca\u0142kowicie nieracjonalny, rujnuje nie tylko wymiar sprawiedliwo\u015bci. Trzymanie si\u0119 Ziobrowych nonsens\u00f3w sparali\u017cowa\u0142o rz\u0105d PiS-u, odbieraj\u0105c mu narz\u0119dzia prowadzenia polityki wewn\u0119trznej i zewn\u0119trznej.<\/h4>\n\n\n\n<p>Bezsensowne deformowanie s\u0105downictwa mo\u017ce wykolei\u0107 ca\u0142y rz\u0105d. Ziobro i jego kumple pozbawili pa\u0144stwo jego podstawowego, najbardziej pierwotnego atrybutu, jakim jest wymierzanie sprawiedliwo\u015bci. Pieni\u0105dze unijne s\u0105 na wyci\u0105gni\u0119cie r\u0119ki, ale Ziobro nie pozwala przesta\u0107 \u0142ama\u0107 prawa, co powoduje, \u017ce wyci\u0105gni\u0119ta r\u0119ka zwisa bezsilnie. Konieczno\u015b\u0107 liczenia si\u0119 z Ziobr\u0105, kt\u00f3ry zapewnia wi\u0119kszo\u015b\u0107 sejmow\u0105, paradoksalnie odbiera PiS-owi i jego akolitom realn\u0105 w\u0142adz\u0119. Ziobrze na niej nie zale\u017cy. Podstaw\u0105 jego politycznej organizacji jest ministerstwo ze swoimi zasobami. Bez tej ministerialnej teki Ziobro jest niczym. Jego gro\u017aba wycofania si\u0119 z rz\u0105du to po prostu blef, kt\u00f3ry sta\u0142by si\u0119 oczywisty, gdyby PiS wprowadzi\u0142o teraz w \u017cycie ustawy realizuj\u0105ce orzecznictwo TSUE. Butny Ziobro natychmiast zamieni\u0142by si\u0119 wtedy w Ziobr\u0119 proszalnego. Kaczy\u0144ski o tym wie i dlatego pozwala sobie na rozgrywki. Problem w tym, \u017ce wsp\u00f3\u0142rz\u0105d\u00f3w Ziobry mo\u017ce nie wytrzyma\u0107 pa\u0144stwo.<\/p>\n\n\n\n<p>Jeszcze nigdy tak niewielu nie zdewastowa\u0142o tak wiele. Co jeszcze ulegnie dewastacji? Na szcz\u0119\u015bcie okienko czasowe dyktator\u00f3w powoli si\u0119 zamyka. Zbli\u017camy si\u0119 do spektakularnego upadku tej w\u0142adzy, cho\u0107 im d\u0142u\u017cej b\u0119dzie trwa\u0142 \u00f3w proces z ca\u0142\u0105 swoj\u0105 antyestetyczno\u015bci\u0105, im d\u0142u\u017cej ci ludzie utrzymaj\u0105 si\u0119 na sto\u0142kach, tym trudniej b\u0119dzie Polsk\u0119 pozbiera\u0107. Dobrze, \u017ce Banasiowy NIK udokumentowa\u0142 dostatecznie dzia\u0142alno\u015b\u0107 grupy Ziobry. Jej koszt dla pa\u0144stwa zostanie policzony. Mo\u017ce to by\u0107 jedno z najwa\u017cniejszych zada\u0144 nowego wymiaru sprawiedliwo\u015bci po Ziobrze. Byle tylko oprze\u0107 si\u0119 pokusie stosowania jego miary na tym polu, bo od tego b\u0119d\u0105 zale\u017ca\u0142y nasze szanse na ocalenie reputacji pa\u0144stwa. Na szcz\u0119\u015bcie dowody mamy ju\u017c jak na d\u0142oni, a\u017c nadto oczywiste.<\/p>\n\n\n\n<hr class=\"wp-block-separator\"\/>\n\n\n\n<p><em>Felieton jest wyrazem opinii autora. Nie prezentuje stanowiska ZR Ma\u0142opolskie<\/em>.<\/p>\n","protected":false},"excerpt":{"rendered":"<p>Ziobro to najbardziej zagadkowy element grupy rz\u0105dz\u0105cej. Jego program unicestwienia s\u0105d\u00f3w, ca\u0142kowicie nieracjonalny, rujnuje nie tylko wymiar sprawiedliwo\u015bci. Trzymanie si\u0119 Ziobrowych nonsens\u00f3w sparali\u017cowa\u0142o rz\u0105d PiS-u, odbieraj\u0105c mu narz\u0119dzia prowadzenia polityki wewn\u0119trznej i zewn\u0119trznej.<\/p>\n","protected":false},"author":34,"featured_media":24583,"comment_status":"closed","ping_status":"open","sticky":false,"template":"","format":"standard","meta":{"_EventAllDay":false,"_EventTimezone":"","_EventStartDate":"","_EventEndDate":"","_EventStartDateUTC":"","_EventEndDateUTC":"","_EventShowMap":false,"_EventShowMapLink":false,"_EventURL":"","_EventCost":"","_EventCostDescription":"","_EventCurrencySymbol":"","_EventCurrencyCode":"","_EventCurrencyPosition":"","_EventDateTimeSeparator":"","_EventTimeRangeSeparator":"","_EventOrganizerID":[],"_EventVenueID":[],"_OrganizerEmail":"","_OrganizerPhone":"","_OrganizerWebsite":"","_VenueAddress":"","_VenueCity":"","_VenueCountry":"","_VenueProvince":"","_VenueState":"","_VenueZip":"","_VenuePhone":"","_VenueURL":"","_VenueStateProvince":"","_VenueLat":"","_VenueLng":"","_VenueShowMap":false,"_VenueShowMapLink":false,"footnotes":""},"categories":[596],"tags":[],"class_list":["post-29694","post","type-post","status-publish","format-standard","has-post-thumbnail","hentry","category-felietony","felietony"],"_links":{"self":[{"href":"https:\/\/kodmalopolska.pl\/index.php?rest_route=\/wp\/v2\/posts\/29694","targetHints":{"allow":["GET"]}}],"collection":[{"href":"https:\/\/kodmalopolska.pl\/index.php?rest_route=\/wp\/v2\/posts"}],"about":[{"href":"https:\/\/kodmalopolska.pl\/index.php?rest_route=\/wp\/v2\/types\/post"}],"author":[{"embeddable":true,"href":"https:\/\/kodmalopolska.pl\/index.php?rest_route=\/wp\/v2\/users\/34"}],"replies":[{"embeddable":true,"href":"https:\/\/kodmalopolska.pl\/index.php?rest_route=%2Fwp%2Fv2%2Fcomments&post=29694"}],"version-history":[{"count":0,"href":"https:\/\/kodmalopolska.pl\/index.php?rest_route=\/wp\/v2\/posts\/29694\/revisions"}],"wp:featuredmedia":[{"embeddable":true,"href":"https:\/\/kodmalopolska.pl\/index.php?rest_route=\/wp\/v2\/media\/24583"}],"wp:attachment":[{"href":"https:\/\/kodmalopolska.pl\/index.php?rest_route=%2Fwp%2Fv2%2Fmedia&parent=29694"}],"wp:term":[{"taxonomy":"category","embeddable":true,"href":"https:\/\/kodmalopolska.pl\/index.php?rest_route=%2Fwp%2Fv2%2Fcategories&post=29694"},{"taxonomy":"post_tag","embeddable":true,"href":"https:\/\/kodmalopolska.pl\/index.php?rest_route=%2Fwp%2Fv2%2Ftags&post=29694"}],"curies":[{"name":"wp","href":"https:\/\/api.w.org\/{rel}","templated":true}]}}