{"id":29626,"date":"2022-02-12T14:07:46","date_gmt":"2022-02-12T13:07:46","guid":{"rendered":"https:\/\/kodmalopolska.pl\/?p=29626"},"modified":"2022-02-12T14:07:49","modified_gmt":"2022-02-12T13:07:49","slug":"lato-bylo-wtedy-piekne-felieton-dariusza-szostka-29","status":"publish","type":"post","link":"https:\/\/kodmalopolska.pl\/?p=29626","title":{"rendered":"Lato by\u0142o wtedy pi\u0119kne. Felieton Dariusza Szostka (29)"},"content":{"rendered":"\n<h4 class=\"wp-block-heading\" id=\"pod-koniec-sierpnia-letnicy-korzystali-z-urokow-wakacji-nie-robiono-zapasow-na-wypadek-wojny-zawsze-mnie-dziwilo-ze-u-progu-konfliktu-swiatowego-moi-dziadkowie-po-prostu-cieszyli-sie-zyciem-kochali-sie-zaznawali-chwil-szczescia-nie-baczac-na-nadchodzaca-zawieruche-dopiero-teraz-zrozumialem-nadzieja-i-wiara-w-to-ze-bedzie-dobrze-sa-silniejsze-niz-doniesienia-o-faktach\">Pod koniec sierpnia letnicy korzystali z urok\u00f3w wakacji. Nie robiono zapas\u00f3w na wypadek wojny. Zawsze mnie dziwi\u0142o, \u017ce u progu konfliktu \u015bwiatowego moi dziadkowie po prostu cieszyli si\u0119 \u017cyciem, kochali si\u0119, zaznawali chwil szcz\u0119\u015bcia, nie bacz\u0105c na nadchodz\u0105c\u0105 zawieruch\u0119. Dopiero teraz zrozumia\u0142em: nadzieja i wiara w to, \u017ce b\u0119dzie dobrze, s\u0105 silniejsze ni\u017c doniesienia o faktach.<\/h4>\n\n\n\n<p>Wyparcie z\u0142ych wiadomo\u015bci, argumentacja, \u017ce nas to nie dotyczy, prze\u0142\u0105czenie kana\u0142u z informacyjnego na sportowy, bo ci Amerykanie tak nas strasz\u0105. Nie r\u00f3\u017cnimy si\u0119 od naszych przodk\u00f3w nic a nic. Stoimy u progu wojny. Dzia\u0142ania wojenne nas nie omin\u0105, nawet je\u015bli w pierwszym etapie nie obejm\u0105 terytorium Polski. W najlepszym wypadku czeka nas exodus uciekinier\u00f3w i uchod\u017ac\u00f3w. Naszym obowi\u0105zkiem jest ich przyj\u0105\u0107, chocia\u017c \u2013 jak wiemy \u2013 nasz rz\u0105d ma na ten temat inne zdanie. Ju\u017c teraz powinni\u015bmy si\u0119 przygotowa\u0107, tak\u017ce my dzia\u0142aj\u0105cy w organizacjach pozarz\u0105dowych. Je\u017celi wydarzy si\u0119 to, czego pragniemy unikn\u0105\u0107, to nie kiedy\u015b tam, ale za tydzie\u0144, za kilka dni, a mo\u017ce w kolejny weekend czeka nas najwi\u0119kszy egzamin z cz\u0142owiecze\u0144stwa. Zda\u0142o go ju\u017c wielu zwyk\u0142ych Polak\u00f3w na granicy z Bia\u0142orusi\u0105, ale pojawili si\u0119 tam te\u017c szmalcownicy, kt\u00f3rzy zarabiali na cudzych dramatach, wykorzystuj\u0105c nieudolno\u015b\u0107 i polityk\u0119 pa\u0144stwa. Ju\u017c teraz czas pomy\u015ble\u0107 o pomocy dla Ukrai\u0144c\u00f3w, o tym, gdzie ich ulokujemy \u2013 by\u0107 mo\u017ce trzeba b\u0119dzie udost\u0119pni\u0107 miejsca w szko\u0142ach, ko\u015bcio\u0142ach i salach gimnastycznych. Nie licz\u0119 w tym zakresie na pa\u0144stwo, ale wierz\u0119 w nas i polskie spo\u0142ecze\u0144stwo.<\/p>\n\n\n\n<p>Oby\u015bmy nie musieli tego robi\u0107, ale b\u0105d\u017amy przygotowani. Chocia\u017c raz.<\/p>\n\n\n\n<hr class=\"wp-block-separator\"\/>\n\n\n\n<p><em>Felieton jest wyrazem opinii autora. Nie prezentuje stanowiska ZR Ma\u0142opolskie KOD.<\/em><\/p>\n","protected":false},"excerpt":{"rendered":"<p>Pod koniec sierpnia letnicy korzystali z urok\u00f3w wakacji. Nie robiono zapas\u00f3w na wypadek wojny. Zawsze mnie dziwi\u0142o, \u017ce u progu konfliktu \u015bwiatowego moi dziadkowie po prostu cieszyli si\u0119 \u017cyciem, kochali si\u0119, zaznawali chwil szcz\u0119\u015bcia, nie bacz\u0105c na nadchodz\u0105c\u0105 zawieruch\u0119. Dopiero teraz zrozumia\u0142em: nadzieja i wiara w to, \u017ce b\u0119dzie dobrze, s\u0105 silniejsze ni\u017c doniesienia o faktach.<\/p>\n","protected":false},"author":34,"featured_media":19897,"comment_status":"closed","ping_status":"open","sticky":false,"template":"","format":"standard","meta":{"_EventAllDay":false,"_EventTimezone":"","_EventStartDate":"","_EventEndDate":"","_EventStartDateUTC":"","_EventEndDateUTC":"","_EventShowMap":false,"_EventShowMapLink":false,"_EventURL":"","_EventCost":"","_EventCostDescription":"","_EventCurrencySymbol":"","_EventCurrencyCode":"","_EventCurrencyPosition":"","_EventDateTimeSeparator":"","_EventTimeRangeSeparator":"","_EventOrganizerID":[],"_EventVenueID":[],"_OrganizerEmail":"","_OrganizerPhone":"","_OrganizerWebsite":"","_VenueAddress":"","_VenueCity":"","_VenueCountry":"","_VenueProvince":"","_VenueState":"","_VenueZip":"","_VenuePhone":"","_VenueURL":"","_VenueStateProvince":"","_VenueLat":"","_VenueLng":"","_VenueShowMap":false,"_VenueShowMapLink":false,"footnotes":""},"categories":[596],"tags":[],"class_list":["post-29626","post","type-post","status-publish","format-standard","has-post-thumbnail","hentry","category-felietony","felietony"],"_links":{"self":[{"href":"https:\/\/kodmalopolska.pl\/index.php?rest_route=\/wp\/v2\/posts\/29626","targetHints":{"allow":["GET"]}}],"collection":[{"href":"https:\/\/kodmalopolska.pl\/index.php?rest_route=\/wp\/v2\/posts"}],"about":[{"href":"https:\/\/kodmalopolska.pl\/index.php?rest_route=\/wp\/v2\/types\/post"}],"author":[{"embeddable":true,"href":"https:\/\/kodmalopolska.pl\/index.php?rest_route=\/wp\/v2\/users\/34"}],"replies":[{"embeddable":true,"href":"https:\/\/kodmalopolska.pl\/index.php?rest_route=%2Fwp%2Fv2%2Fcomments&post=29626"}],"version-history":[{"count":0,"href":"https:\/\/kodmalopolska.pl\/index.php?rest_route=\/wp\/v2\/posts\/29626\/revisions"}],"wp:featuredmedia":[{"embeddable":true,"href":"https:\/\/kodmalopolska.pl\/index.php?rest_route=\/wp\/v2\/media\/19897"}],"wp:attachment":[{"href":"https:\/\/kodmalopolska.pl\/index.php?rest_route=%2Fwp%2Fv2%2Fmedia&parent=29626"}],"wp:term":[{"taxonomy":"category","embeddable":true,"href":"https:\/\/kodmalopolska.pl\/index.php?rest_route=%2Fwp%2Fv2%2Fcategories&post=29626"},{"taxonomy":"post_tag","embeddable":true,"href":"https:\/\/kodmalopolska.pl\/index.php?rest_route=%2Fwp%2Fv2%2Ftags&post=29626"}],"curies":[{"name":"wp","href":"https:\/\/api.w.org\/{rel}","templated":true}]}}