{"id":29574,"date":"2022-02-10T15:27:29","date_gmt":"2022-02-10T14:27:29","guid":{"rendered":"https:\/\/kodmalopolska.pl\/?p=29574"},"modified":"2022-02-10T15:42:17","modified_gmt":"2022-02-10T14:42:17","slug":"pani-zofia-opowiada-dlaczego-protestuje-artykul-z-glos24","status":"publish","type":"post","link":"https:\/\/kodmalopolska.pl\/?p=29574","title":{"rendered":"Pani Zofia opowiada, dlaczego protestuje. Artyku\u0142 z G\u0142os24"},"content":{"rendered":"\n<h4 class=\"wp-block-heading\" id=\"pani-zofia-z-natury-cicha-i-spokojna-osoba-wiele-lat-przepracowala-jako-bibliotekarka-w-jednym-z-krakowskich-instytutow-naukowych-teraz-aktywnie-uczestniczy-w-manifestacjach-w-obronie-demokracji-dlaczego-sie-na-to-zdecydowala-o-tym-rozmawiamy-z-seniorka-ktora-nie-boi-sie-chodzic-na-protesty\">Pani Zofia \u2013 z natury cicha i spokojna osoba, wiele lat przepracowa\u0142a jako bibliotekarka w jednym z krakowskich instytut\u00f3w naukowych. Teraz aktywnie uczestniczy w manifestacjach w obronie demokracji. Dlaczego si\u0119 na to zdecydowa\u0142a? \u2013 o tym rozmawiamy z seniork\u0105, kt\u00f3ra nie boi si\u0119 chodzi\u0107 na protesty.<\/h4>\n\n\n\n<p>Zofia Malcher chodzi na manifestacje Komitetu Obrony Demokracji praktycznie od pocz\u0105tku, od 2015 roku. W dzia\u0142ania krakowskiego oddzia\u0142u KOD zaanga\u017cowa\u0142a si\u0119 ju\u017c na emeryturze. Teraz ma 72 lat. Dlaczego zapisa\u0142a si\u0119 do KOD-u? Jak wspomina swoj\u0105 pierwsz\u0105 manifestacj\u0119? Co jej daje zaanga\u017cowanie spo\u0142eczne i jak na to patrzy jej rodzina? (&#8230;)<\/p>\n\n\n\n<div class=\"wp-block-buttons is-layout-flex wp-block-buttons-is-layout-flex\">\n<div class=\"wp-block-button is-style-outline is-style-outline--1\"><a class=\"wp-block-button__link\" href=\"https:\/\/glos24.pl\/pani-zofia-pamieta-czasy-prl-u-na-ulice-wyprowadzilo-mnie-to-co-zaczelo-sie-dziac-w-naszym-kraju-mowi-72-latka\" target=\"_blank\" rel=\"noreferrer noopener\">Czytaj dalej na G\u0142os24<\/a><\/div>\n<\/div>\n\n\n\n<p><\/p>\n","protected":false},"excerpt":{"rendered":"<p>Pani Zofia \u2013 z natury cicha i spokojna osoba, wiele lat przepracowa\u0142a jako bibliotekarka w jednym z krakowskich instytut\u00f3w naukowych. [&#8230;]<\/p>\n","protected":false},"author":2,"featured_media":29585,"comment_status":"closed","ping_status":"open","sticky":false,"template":"","format":"standard","meta":{"_EventAllDay":false,"_EventTimezone":"","_EventStartDate":"","_EventEndDate":"","_EventStartDateUTC":"","_EventEndDateUTC":"","_EventShowMap":false,"_EventShowMapLink":false,"_EventURL":"","_EventCost":"","_EventCostDescription":"","_EventCurrencySymbol":"","_EventCurrencyCode":"","_EventCurrencyPosition":"","_EventDateTimeSeparator":"","_EventTimeRangeSeparator":"","_EventOrganizerID":[],"_EventVenueID":[],"_OrganizerEmail":"","_OrganizerPhone":"","_OrganizerWebsite":"","_VenueAddress":"","_VenueCity":"","_VenueCountry":"","_VenueProvince":"","_VenueState":"","_VenueZip":"","_VenuePhone":"","_VenueURL":"","_VenueStateProvince":"","_VenueLat":"","_VenueLng":"","_VenueShowMap":false,"_VenueShowMapLink":false,"footnotes":""},"categories":[303],"tags":[],"class_list":["post-29574","post","type-post","status-publish","format-standard","has-post-thumbnail","hentry","category-polecane","polecane"],"_links":{"self":[{"href":"https:\/\/kodmalopolska.pl\/index.php?rest_route=\/wp\/v2\/posts\/29574","targetHints":{"allow":["GET"]}}],"collection":[{"href":"https:\/\/kodmalopolska.pl\/index.php?rest_route=\/wp\/v2\/posts"}],"about":[{"href":"https:\/\/kodmalopolska.pl\/index.php?rest_route=\/wp\/v2\/types\/post"}],"author":[{"embeddable":true,"href":"https:\/\/kodmalopolska.pl\/index.php?rest_route=\/wp\/v2\/users\/2"}],"replies":[{"embeddable":true,"href":"https:\/\/kodmalopolska.pl\/index.php?rest_route=%2Fwp%2Fv2%2Fcomments&post=29574"}],"version-history":[{"count":0,"href":"https:\/\/kodmalopolska.pl\/index.php?rest_route=\/wp\/v2\/posts\/29574\/revisions"}],"wp:featuredmedia":[{"embeddable":true,"href":"https:\/\/kodmalopolska.pl\/index.php?rest_route=\/wp\/v2\/media\/29585"}],"wp:attachment":[{"href":"https:\/\/kodmalopolska.pl\/index.php?rest_route=%2Fwp%2Fv2%2Fmedia&parent=29574"}],"wp:term":[{"taxonomy":"category","embeddable":true,"href":"https:\/\/kodmalopolska.pl\/index.php?rest_route=%2Fwp%2Fv2%2Fcategories&post=29574"},{"taxonomy":"post_tag","embeddable":true,"href":"https:\/\/kodmalopolska.pl\/index.php?rest_route=%2Fwp%2Fv2%2Ftags&post=29574"}],"curies":[{"name":"wp","href":"https:\/\/api.w.org\/{rel}","templated":true}]}}