{"id":29228,"date":"2022-01-09T21:08:48","date_gmt":"2022-01-09T20:08:48","guid":{"rendered":"https:\/\/kodmalopolska.pl\/?p=29228"},"modified":"2022-01-09T21:08:51","modified_gmt":"2022-01-09T20:08:51","slug":"zmien-prace-wez-kredyt-felieton-marcina-nowaka-57","status":"publish","type":"post","link":"https:\/\/kodmalopolska.pl\/?p=29228","title":{"rendered":"\u201eZmie\u0144 prac\u0119, we\u017a kredyt\u201d. Felieton Marcina Nowaka (57)"},"content":{"rendered":"\n<h4 class=\"wp-block-heading\">Kredytu nie wzi\u0105\u0142em, ale zmieni\u0142em prac\u0119\u2026 i zacz\u0105\u0142 si\u0119 nowy etap w moim \u017cyciu.<\/h4>\n\n\n\n<p>S\u0142ynne s\u0142owa Bronis\u0142awa Komorowskiego z kampanii wyborczej w maju 2015 roku oburzy\u0142y ich adresata, a z nim ca\u0142\u0105 prawicowo-konserwatywn\u0105 cz\u0119\u015b\u0107 spo\u0142ecze\u0144stwa, zupe\u0142nie jakby staraj\u0105cy si\u0119 o reelekcj\u0119 prezydent powiedzia\u0142 co\u015b niestosownego. Wydawa\u0107 by si\u0119 mog\u0142o, \u017ce na zaczepne pytanie m\u0142odego cz\u0142owieka oczekiwano takiej w\u0142a\u015bnie odpowiedzi. Pad\u0142a ona te\u017c na grunt urabianej od lat negatywnej narracji o koalicji PO i PSL. Fala k\u0105\u015bliwych komentarzy przetoczy\u0142a si\u0119 przez prawicowe fora dyskusyjne i media spo\u0142eczno\u015bciowe. Czy by\u0142a s\u0142uszna, nie moja rzecz os\u0105dza\u0107, ale z pewno\u015bci\u0105 by\u0142a przesadzona.<\/p>\n\n\n\n<p>My\u015bl\u0119, \u017ce Bronis\u0142aw Komorowski zachowa\u0142 si\u0119 jak najbardziej odpowiedzialnie, sugeruj\u0105c z pedagogicznym \u2013 rzek\u0142bym: ojcowskim \u2013 podej\u015bciem m\u0142odemu cz\u0142owiekowi, by zmieni\u0142 co\u015b w swoim \u017cyciu. Zmie\u0144 prac\u0119, we\u017a kredyt, zr\u00f3b dodatkowe szkolenie z zakresu zarz\u0105dzania, zapisz si\u0119 na kurs ta\u0144ca, naucz si\u0119 j\u0119zyka obcego, czytaj warto\u015bciowe ksi\u0105\u017cki, zacznij uprawia\u0107 sport, skorzystaj z porady specjalisty\u2026 zr\u00f3b co\u015b, co wyrwie ci\u0119 z rutyny dzia\u0142a\u0144 i utartych schemat\u00f3w my\u015blowych. Jak trafnie zauwa\u017cy\u0142 Albert Einstein, trudno uzyska\u0107 nowe rezultaty, je\u015bli stale robi si\u0119 to samo.<\/p>\n\n\n\n<p>Pewnego niedzielnego popo\u0142udnia w sklepie spo\u017cywczym w ma\u0142ej beskidzkiej miejscowo\u015bci podzi\u0119kowa\u0142em ekspedientce za obs\u0142ug\u0119 i \u017cyczy\u0142em jej dobrego dnia. By\u0142em jej wdzi\u0119czny za to, \u017ce pracuje tam w\u0142a\u015bnie wtedy i \u017ce b\u0119d\u0105c kilkadziesi\u0105t kilometr\u00f3w od domu, mog\u0119 u niej zrobi\u0107 zakupy. Mo\u017ce jednak niewystarczaj\u0105co to wyartyku\u0142owa\u0142em. Pani popatrzy\u0142a na mnie i z wyrzutem stwierdzi\u0142a:<\/p>\n\n\n\n<p>\u2013 Pan mo\u017ce si\u0119 cieszy\u0107 z wolnego popo\u0142udnia, a ja tu musz\u0119 pracowa\u0107.<br \/>Chc\u0105c poszerzy\u0107 jej ogl\u0105d sytuacji, zapyta\u0142em, opieraj\u0105c si\u0119 na osobistym do\u015bwiadczeniu:<br \/>\u2013 Musi pani pracowa\u0107 czy wybra\u0142a pani prac\u0119 w niedzielne popo\u0142udnie?<br \/>\u2013 Musz\u0119, nie mam innego wyj\u015bcia \u2013 odpowiedzia\u0142a.<br \/>\u2013 A nie um\u00f3wi\u0142a si\u0119 pani z w\u0142a\u015bcicielem, \u017ce b\u0119dzie pracowa\u0107 na takich, a nie innych warunkach? Ma pani zapewne dni wolne w tygodniu.<br \/>\u2013 No mam, ale to nie to samo.<\/p>\n\n\n\n<p>Owszem, praca w niedziele ma swoje negatywne strony, ale ma i pozytywne. W tygodniu mo\u017cna na przyk\u0142ad spokojnie za\u0142atwi\u0107 sprawy w urz\u0119dzie, bilety do kin i teatr\u00f3w s\u0105 wtedy ta\u0144sze, w sklepach nie ma t\u0142oku i wygodniej robi si\u0119 zakupy. Wiem, bo sam by\u0142em zatrudniony w firmie dzia\u0142aj\u0105cej na okr\u0105g\u0142o siedem dni w tygodniu. Czasami pracowa\u0142em w \u015bwi\u0119ta, wiedzia\u0142em jednak, \u017ce w ci\u0105gu roku przys\u0142uguj\u0105 mi inne dni wolne i to ode mnie zale\u017cy, czy sp\u0119dz\u0119 je jako \u015bwi\u0105teczne. Czy \u015bwi\u0105teczno\u015b\u0107 niedzieli w naszym kr\u0119gu kulturowym nie jest czysto ludzkim ustaleniem, form\u0105 umowy spo\u0142ecznej? Je\u017celi tak, to mog\u0119 si\u0119 um\u00f3wi\u0107 z sob\u0105 samym, \u017ce pracuj\u0119 w niedziel\u0119, ale we \u015brod\u0119 mam wolne i traktuj\u0119 ten dzie\u0144 jak \u015bwi\u0119to. Przy moim sta\u0142ym grafiku weekend wypada\u0142 mi we wtorek i \u015brod\u0119 lub \u015brod\u0119 i czwartek. Kiedy wszyscy p\u0119dzili, by zorganizowa\u0107 sobie \u201efantastyczny\u201d sobotnio-niedzielny weekend i grilla w deszczu, ja spokojnie szed\u0142em do pracy, a w tygodniu mia\u0142em m\u00f3j cudowny dwudzionek.<\/p>\n\n\n\n<p>Rozumia\u0142em, \u017ce pani z beskidzkiego sklepu nie wyobra\u017ca sobie innej sytuacji \u017cyciowej. A przecie\u017c tak naprawd\u0119 nie by\u0142a bez wyj\u015bcia. W ka\u017cdej chwili mog\u0142a co\u015b zmieni\u0107, poszuka\u0107 posady, kt\u00f3ra nie b\u0119dzie si\u0119 wi\u0105za\u0142a z prac\u0105 w niedzielne popo\u0142udnia. Zmiana tak\u017ce przynios\u0142aby korzy\u015bci i straty, ale mo\u017ce bardziej odpowiada\u0142aby jej oczekiwaniom. \u017badna praca nie zapewnia samych po\u017cytk\u00f3w, tak jak nie istniej\u0105 idealne rozwi\u0105zania. Ka\u017cdy wyb\u00f3r wi\u0105\u017ce si\u0119 z jakim\u015b wyrzeczeniem. Wybiera si\u0119 co\u015b i jednocze\u015bnie rezygnuje si\u0119 z czego\u015b innego. Ka\u017cda decyzja otwiera nam mo\u017cliwo\u015bci, a zarazem nas ogranicza. I nawet je\u017celi \u017cycie stawia nas w sytuacji, zdawa\u0142oby si\u0119, bez wyj\u015bcia: wobec nieuleczalnej choroby, rozstania, utraty pracy, to wci\u0105\u017c mo\u017cemy decydowa\u0107, czy by\u0107 ofiar\u0105 czy aktywnym uczestnikiem, czy z tego, co nas spotyka, wyprowadza\u0107 dobro dla siebie i innych, czy utyskiwa\u0107 nad w\u0142asnym losem.<\/p>\n\n\n\n<p>Pani w beskidzkim sklepie oczekiwa\u0142a, \u017ce kto\u015b zabroni handlu w niedziele. M\u0142ody rozm\u00f3wca prezydenta oczekiwa\u0142, \u017ce kto\u015b powie mu, co ma robi\u0107. Oboje oczekiwali, \u017ce kto\u015b lub co\u015b dokona za nich wyboru, tak by nie ponosili odpowiedzialno\u015bci za nieswoje wybory i swoje \u017cycie. Mo\u017ce kierowa\u0142y nimi te\u017c inne motywacje, wynikaj\u0105ce z presji spo\u0142ecznej, potocznie rozumianej kariery, du\u017cych i \u0142atwych pieni\u0119dzy, pewnego rodzaju pogardy dla tych, kt\u00f3rzy wykonuj\u0105 proste zawody.<\/p>\n\n\n\n<p>Bronis\u0142aw Komorowski zwr\u00f3ci\u0142 si\u0119 do m\u0142odego cz\u0142owieka jak ojciec do syna, by ten wzi\u0105\u0142 odpowiedzialno\u015b\u0107 za swoje \u017cycie, zamiast czeka\u0107 na gotowy przepis. Ka\u017cdy musi taki przepis u\u0142o\u017cy\u0107 samodzielnie dla siebie \u2013 i nie ma dw\u00f3ch dok\u0142adnie takich samych.<\/p>\n\n\n\n<p>Kredytu nie wzi\u0105\u0142em. Wol\u0119 oszcz\u0119dno\u015b\u0107, kt\u00f3ra dla mnie jest odwr\u00f3con\u0105 po\u017cyczk\u0105. Prawd\u0105 jest te\u017c, \u017ce s\u0142owa Bronis\u0142awa Komorowskiego wpisa\u0142y si\u0119 w szerszy trend informacji docieraj\u0105cych do mnie w tamtym czasie: je\u017celi chc\u0119, aby moje \u017cycie si\u0119 zmieni\u0142o, powinienem po raz kolejny wzi\u0105\u0107 za nie odpowiedzialno\u015b\u0107 i ponownie przyst\u0105pi\u0107 do dzia\u0142ania. Tak wi\u0119c na pocz\u0105tek zmieni\u0142em prac\u0119 \u2013 a dok\u0142adniej, zrezygnowa\u0142em z tej, kt\u00f3r\u0105 wykonywa\u0142em wcze\u015bniej. Mimo \u017ce na pocz\u0105tku nie by\u0142o \u0142atwo, zacz\u0105\u0142 si\u0119 nowy, fascynuj\u0105cy etap w moim \u017cyciu.<\/p>\n\n\n\n<p>Nie oczekuj\u0119 od pa\u0144stwa, \u017ce b\u0119dzie si\u0119 mn\u0105 opiekowa\u0142o i w pewnej mierze \u017cy\u0142o za mnie. Wci\u0105\u017c odkrywam, jak mam \u017cy\u0107, bo wszystko wok\u00f3\u0142 mnie si\u0119 zmienia. Wed\u0142ug mnie pa\u0144stwo powinno tworzy\u0107 przestrze\u0144 spo\u0142eczn\u0105 \u2013 zdrowe ramy prawne, edukacyjne (dla wszystkich kategorii wiekowych) i organizacyjne, w kt\u00f3rych ka\u017cdy b\u0119dzie m\u00f3g\u0142 podejmowa\u0107 w\u0142asne wybory w granicach wyznaczanych przez spo\u0142ecze\u0144stwo. Je\u017celi wsp\u00f3\u0142czesne pa\u0144stwo nie jest do tego zdolne, niech si\u0119 tym zajm\u0105 organizacje mi\u0119dzynarodowe, kt\u00f3re znacznie lepiej rozumiej\u0105 potrzeb\u0119 wsp\u00f3\u0142pracy i koordynacji spo\u0142ecze\u0144stw i wychodz\u0105 naprzeciw dzisiejszym globalnym wyzwaniom.<\/p>\n\n\n\n<hr class=\"wp-block-separator\"\/>\n\n\n\n<p><em>Felieton jest wyrazem opinii autora. Nie prezentuje stanowiska ZR Ma\u0142opolskie<\/em>.<\/p>\n","protected":false},"excerpt":{"rendered":"<p>Kredytu nie wzi\u0105\u0142em, ale zmieni\u0142em prac\u0119\u2026 i zacz\u0105\u0142 si\u0119 nowy etap w moim \u017cyciu.<\/p>\n","protected":false},"author":34,"featured_media":26412,"comment_status":"closed","ping_status":"open","sticky":false,"template":"","format":"standard","meta":{"_EventAllDay":false,"_EventTimezone":"","_EventStartDate":"","_EventEndDate":"","_EventStartDateUTC":"","_EventEndDateUTC":"","_EventShowMap":false,"_EventShowMapLink":false,"_EventURL":"","_EventCost":"","_EventCostDescription":"","_EventCurrencySymbol":"","_EventCurrencyCode":"","_EventCurrencyPosition":"","_EventDateTimeSeparator":"","_EventTimeRangeSeparator":"","_EventOrganizerID":[],"_EventVenueID":[],"_OrganizerEmail":"","_OrganizerPhone":"","_OrganizerWebsite":"","_VenueAddress":"","_VenueCity":"","_VenueCountry":"","_VenueProvince":"","_VenueState":"","_VenueZip":"","_VenuePhone":"","_VenueURL":"","_VenueStateProvince":"","_VenueLat":"","_VenueLng":"","_VenueShowMap":false,"_VenueShowMapLink":false,"footnotes":""},"categories":[596],"tags":[],"class_list":["post-29228","post","type-post","status-publish","format-standard","has-post-thumbnail","hentry","category-felietony","felietony"],"_links":{"self":[{"href":"https:\/\/kodmalopolska.pl\/index.php?rest_route=\/wp\/v2\/posts\/29228","targetHints":{"allow":["GET"]}}],"collection":[{"href":"https:\/\/kodmalopolska.pl\/index.php?rest_route=\/wp\/v2\/posts"}],"about":[{"href":"https:\/\/kodmalopolska.pl\/index.php?rest_route=\/wp\/v2\/types\/post"}],"author":[{"embeddable":true,"href":"https:\/\/kodmalopolska.pl\/index.php?rest_route=\/wp\/v2\/users\/34"}],"replies":[{"embeddable":true,"href":"https:\/\/kodmalopolska.pl\/index.php?rest_route=%2Fwp%2Fv2%2Fcomments&post=29228"}],"version-history":[{"count":0,"href":"https:\/\/kodmalopolska.pl\/index.php?rest_route=\/wp\/v2\/posts\/29228\/revisions"}],"wp:featuredmedia":[{"embeddable":true,"href":"https:\/\/kodmalopolska.pl\/index.php?rest_route=\/wp\/v2\/media\/26412"}],"wp:attachment":[{"href":"https:\/\/kodmalopolska.pl\/index.php?rest_route=%2Fwp%2Fv2%2Fmedia&parent=29228"}],"wp:term":[{"taxonomy":"category","embeddable":true,"href":"https:\/\/kodmalopolska.pl\/index.php?rest_route=%2Fwp%2Fv2%2Fcategories&post=29228"},{"taxonomy":"post_tag","embeddable":true,"href":"https:\/\/kodmalopolska.pl\/index.php?rest_route=%2Fwp%2Fv2%2Ftags&post=29228"}],"curies":[{"name":"wp","href":"https:\/\/api.w.org\/{rel}","templated":true}]}}