{"id":29208,"date":"2022-01-07T18:49:20","date_gmt":"2022-01-07T17:49:20","guid":{"rendered":"https:\/\/kodmalopolska.pl\/?p=29208"},"modified":"2022-01-07T18:49:23","modified_gmt":"2022-01-07T17:49:23","slug":"rok-gnicia-i-rozkladu-felieton-adama-jaskowa-62","status":"publish","type":"post","link":"https:\/\/kodmalopolska.pl\/?p=29208","title":{"rendered":"Rok gnicia i rozk\u0142adu. Felieton Adama Ja\u015bkowa (62)"},"content":{"rendered":"\n<h4 class=\"wp-block-heading\">P\u0142ynnie przechodzimy w kolejn\u0105 fal\u0119 pandemii, a rz\u0105d chyba nawet przesta\u0142 udawa\u0107, \u017ce z ni\u0105 walczy. Poziom wyszczepienia nie ro\u015bnie, kolejne dawki przyjmuj\u0105 ci, kt\u00f3rzy ju\u017c si\u0119 zaszczepili. Do podzia\u0142u spo\u0142ecznego na przeciwnik\u00f3w PiS-u i reszt\u0119 doszed\u0142 drugi \u2013 na szczepi\u0105cych si\u0119 i reszt\u0119. Kategorie te nie nak\u0142adaj\u0105 si\u0119 dok\u0142adnie na siebie.<\/h4>\n\n\n\n<p>Teksty pisane na prze\u0142omie roku dziel\u0105 si\u0119 na takie, kt\u00f3re podsumowuj\u0105 rok miniony, i takie, kt\u00f3re pr\u00f3buj\u0105 przewidywa\u0107 przysz\u0142o\u015b\u0107. Pierwsze jest dosy\u0107 proste \u2013 tym prostsze, im bardziej subiektywn\u0105 perspektyw\u0119 wybierze autor.<\/p>\n\n\n\n<p>Tygodnik \u201ePolityka\u201d co roku zadaje czytelnikom pytania o wybrane wska\u017aniki i wydarzenia z minionych dwunastu miesi\u0119cy. Zawsze powtarza si\u0119 pytanie o cen\u0119 benzyny i kurs euro. Pozosta\u0142e kategorie si\u0119 zmieniaj\u0105. Rok 2022 ma przynie\u015b\u0107 wybory wa\u017cne dla Europy i r\u00f3wnie\u017c dla Polski, wi\u0119c \u201ePolityka\u201d pyta czytelnik\u00f3w, czy wed\u0142ug nich prezydentem Francji pozostanie Macron (chyba tak) i czy premierem W\u0119gier nadal b\u0119dzie Victor Orban. Tu jako wr\u00f3\u017cka mam powa\u017cny problem. Si\u0142y na W\u0119grzech wydaj\u0105 si\u0119 wyr\u00f3wnane, tyle \u017ce na kontrkandydata Orbana zjednoczona opozycja wybra\u0142a takiego naszego Bosaka. Nie wiadomo wi\u0119c, czy opozycja dotrwa do wybor\u00f3w zjednoczona, a je\u015bli nawet dotrwa, to czy po wyborach Orban nie zje jej w kawa\u0142kach.<\/p>\n\n\n\n<p>Gdyby przypadkiem mu si\u0119 to nie uda\u0142o, b\u0119dziemy mogli na w\u0119gierskim przyk\u0142adzie obserwowa\u0107, jak si\u0119 przywraca demokracj\u0119. S\u0105 jednak r\u00f3\u017cnice. Orban stara\u0142 si\u0119 u siebie dzia\u0142a\u0107 nieomal zgodnie z prawem. Nie niszczy\u0142 instytucji, lecz je sobie podporz\u0105dkowywa\u0142. Ich odzyskanie mo\u017ce by\u0107 wzgl\u0119dnie \u0142atwe, ale nie musi, zw\u0142aszcza \u017ce Orban przeprowadzi\u0142 przez \u201esw\u00f3j\u201d parlament ustawy podwy\u017cszaj\u0105ce progi odwo\u0142ania szef\u00f3w centralnych urz\u0119d\u00f3w a\u017c do wi\u0119kszo\u015bci konstytucyjnej. Nie b\u0119dzie wi\u0119c \u0142atwo. Standardy demokratyczne trzeba b\u0119dzie odbudowa\u0107, instytucje pozostan\u0105.<\/p>\n\n\n\n<p>Mam wra\u017cenie, \u017ce nasi politycy, a ju\u017c na pewno ci z opozycji, niespecjalnie obserwuj\u0105 w\u0119giersk\u0105 sytuacj\u0119 polityczn\u0105. Chyba szkoda. Bezpieczniej jest uczy\u0107 si\u0119 na cudzych b\u0142\u0119dach. S\u0142abe zainteresowanie bierze si\u0119 mo\u017ce st\u0105d, \u017ce najwi\u0119ksza partia opozycyjna na W\u0119grzech to Koalicja Demokratyczna by\u0142ego socjalistycznego premiera Ferenca Gyurcs\u00e1nya, a trzecia si\u0142a opozycji po ultraprawicowym Jobbiku to W\u0119gierska Partia Socjalistyczna. Uk\u0142ad jest zatem nieco inny ni\u017c w Polsce, cho\u0107 podobie\u0144stwa miedzy Gyurcsanym a Tuskiem s\u0105 spore. W\u0119gierski polityk w przesz\u0142o\u015bci cz\u0119\u015bciej bywa\u0142 szczery, co \u017ale si\u0119 dla niego sko\u0144czy\u0142o \u2013 afer\u0105 podobn\u0105 jak u naszej Sowy. Warto wi\u0119c patrze\u0107 na W\u0119gry bez wzgl\u0119du na to, czy lubi si\u0119 tokaj czy te\u017c nie, tym bardziej \u017ce rz\u0105d Orbana przechodzi do ofensywy z nowym programem wyp\u0142at i dop\u0142at nie tylko dla emeryt\u00f3w, a ofiarami \u201ew\u0119gierskiego \u0142adu\u201d, podobnie jak w Polsce, stali si\u0119 nauczyciele. Ko\u0144cz\u0105c w\u0105tek w\u0119gierski, dodam, \u017ce pe\u0142nego poparcia Orbanowi udzieli\u0142 by\u0142y (a kto wie, czy nie przysz\u0142y) prezydent USA Donald T. Donald Trump oczywi\u015bcie.<\/p>\n\n\n\n<p>Wracajmy jednak do naszego lokalnego rozk\u0142adu \u2013 to jest, oczywi\u015bcie, \u0142adu. Miesi\u0105c rozpocz\u0119li nauczyciele, kt\u00f3rzy otrzymali wyp\u0142aty, ale jakby nieco mniejsze. Powinni si\u0119 cieszy\u0107, \u017ce wyp\u0142aty nap\u0142yn\u0105 z pocz\u0105tkiem miesi\u0105ca, gdy inflacja jest nieco ni\u017csza, a nie pod jego koniec. Jeden z przedstawicieli rz\u0105du stwierdzi\u0142, \u017ce wszyscy k\u0142ami\u0105, bo on nie ma sygna\u0142\u00f3w z kuratori\u00f3w o takich wypadkach. Drugi zarzuci\u0142 ksi\u0119gowym, \u017ce nie umiej\u0105 liczy\u0107. Trzeci zapewni\u0142, \u017ce wszystko zostanie wyr\u00f3wnane. I chyba tego trzeciego nauczyciele boj\u0105 si\u0119 najbardziej. Nie wiem, czy prawda le\u017cy po\u015brodku, ale raczej nie le\u017cy w rz\u0105dzie pomi\u0119dzy ministrami, tylko raczej obok i raczej dalej ni\u017c bli\u017cej.<\/p>\n\n\n\n<p>P\u0142ynnie przechodzimy w kolejn\u0105 fal\u0119 pandemii, a rz\u0105d chyba nawet przesta\u0142 udawa\u0107, \u017ce z ni\u0105 walczy. Poziom wyszczepienia nie ro\u015bnie, kolejne dawki przyjmuj\u0105 ci, kt\u00f3rzy ju\u017c si\u0119 zaszczepili. Do podzia\u0142u spo\u0142ecznego na przeciwnik\u00f3w PiS-u i reszt\u0119 doszed\u0142 drugi \u2013 na szczepi\u0105cych si\u0119 i reszt\u0119. Kategorie te nie nak\u0142adaj\u0105 si\u0119 dok\u0142adnie na siebie.<\/p>\n\n\n\n<p>Nie wiadomo, po kt\u00f3rej stronie podzia\u0142\u00f3w znajduje si\u0119 Jacek Kurski; czasem mam wra\u017cenie, \u017ce po obu. Je\u015bli chodzi o pandemi\u0119, jest niemal jak sam Novak Djokowic: nie wierzy w wirusa, ale z nim wygrywa. Kurski te\u017c \u2013 jak Novak \u2013 dostaje od lekarzy papiery, jakich chce, dzi\u0119ki czemu mo\u017ce lata\u0107, gdzie chce, tyle \u017ce Novak lata za swoje, a Kurski za nasze. Obaj jednak s\u0105 na fali. Sz\u00f3stej. Novak przyp\u0142ynie (przyfrunie) z ni\u0105 do Australii, a Kurski z ziemi francuskiej do Polski. Podobno Francuzi rozwa\u017caj\u0105 postawienie Kurskiemu zarzut\u00f3w nara\u017cenia zdrowia i \u017cycia uczestnik\u00f3w konkursu Eurowizja Junior, ale przecie\u017c nie damy zrobi\u0107 krzywdy gwie\u017adzie naszej narodowej telewizji. Niech pisz\u0105 skargi na Trybuna\u0142. Przy\u0142\u0119bskiej.<\/p>\n\n\n\n<p>Nie b\u0119dzie w nowym roku pods\u0142uch\u00f3w, przynajmniej na Pegasusie, ani te\u017c komisji sejmowej do badania kulis tego programu. To bardzo intryguj\u0105ce, \u017ce rz\u0105d Izraela zgodzi\u0142 si\u0119 udost\u0119pni\u0107 polskiemu rz\u0105dowi \u2013 oskar\u017canemu zreszt\u0105 przez samych Izraelczyk\u00f3w o tolerowanie antysemityzmu \u2013 mo\u017cliwo\u015b\u0107 pods\u0142uchiwania dowolnych os\u00f3b (cho\u0107 raczej nie antysemit\u00f3w). D\u0142u\u017cej Izrael programu udost\u0119pnia\u0142 nie b\u0119dzie, nie z powodu jakich\u015b w\u0142asnych zastrze\u017ce\u0144, ale przez naciski rz\u0105du ameryka\u0144skiego, chroni\u0105cego profilaktycznie interesy ameryka\u0144skich firm w Polsce. Czy\u017cby na celowniku operator\u00f3w Pegasusa znale\u017ali si\u0119 te\u017c przedstawiciele TVN i jej w\u0142a\u015bciciela, ameryka\u0144skiej stacji Discovery? To by w sprawie pods\u0142uch\u00f3w wiele wyja\u015bnia\u0142o. Polityka mi\u0119dzynarodowa jest bardzo skomplikowana i jednocze\u015bnie bardzo prosta.<\/p>\n\n\n\n<p>Rz\u0105d zapewne si\u0119 modli, \u017ceby zima by\u0142a kr\u00f3tka i \u0142agodna. Ceny paliw s\u0142u\u017c\u0105cych do ogrzewania dobi\u0142yby wtedy obywateli dopiero z ko\u0144cem tego roku, mo\u017ce nawet dopiero na pocz\u0105tku 2023. A trzeba wzi\u0105\u0107 pod uwag\u0119, \u017ce w przysz\u0142ym roku ceny gazu pr\u0105du i paliw nadal b\u0119d\u0105 ros\u0142y. W roku 2023 zapowiadaj\u0105 si\u0119 wybory, wi\u0119c rz\u0105d b\u0119dzie pilnowa\u0142 cen i zwi\u0119ksza\u0142 rekompensaty. Obywatele odczuj\u0105 to dopiero po wyborach, tym jednak b\u0119dzie si\u0119 ju\u017c martwi\u0142 nowy rz\u0105d lub ca\u0142kiem nowa koalicja. Politycy opozycji mog\u0105 si\u0119 przygotowywa\u0107 do wybor\u00f3w, przygotowywa\u0107 plany rz\u0105dzenia po nich i patrze\u0107 na to, co si\u0119 dzieje na W\u0119grzech. Lub tylko patrze\u0107.<\/p>\n\n\n\n<p>A proces rozk\u0142adu b\u0119dzie sobie post\u0119powa\u0142. Dopad\u0142 ju\u017c biskup\u00f3w, kt\u00f3rych za autorytet uznaje oko\u0142o 2% obywateli (badanie IPSOS dla OkoPress). Ale na ten \u201esukces\u201d chyba rzetelnie sobie zapracowali.<\/p>\n\n\n\n<p>Wszystkim czytelnikom \u017cycz\u0119 w nowym roku zdrowia i szczepie\u0144.<\/p>\n\n\n\n<p>A konkordat powinien zosta\u0107 wypowiedziany.<\/p>\n\n\n\n<p><em>r\u00f3wnie\u017c na\u00a0<\/em><a href=\"https:\/\/aristoskr.wordpress.com\/\">aristoskr.wordpress.com<\/a><\/p>\n\n\n\n<hr class=\"wp-block-separator\"\/>\n\n\n\n<p><em>Felieton jest wyrazem opinii autora. Nie prezentuje stanowiska ZR Ma\u0142opolskie<\/em>.<\/p>\n","protected":false},"excerpt":{"rendered":"<p>P\u0142ynnie przechodzimy w kolejn\u0105 fal\u0119 pandemii, a rz\u0105d chyba nawet przesta\u0142 udawa\u0107, \u017ce z ni\u0105 walczy. Poziom wyszczepienia nie ro\u015bnie, kolejne dawki przyjmuj\u0105 ci, kt\u00f3rzy ju\u017c si\u0119 zaszczepili. Do podzia\u0142u spo\u0142ecznego na przeciwnik\u00f3w PiS-u i reszt\u0119 doszed\u0142 drugi \u2013 na szczepi\u0105cych si\u0119 i reszt\u0119. Kategorie te nie nak\u0142adaj\u0105 si\u0119 dok\u0142adnie na siebie.<\/p>\n","protected":false},"author":34,"featured_media":20415,"comment_status":"closed","ping_status":"open","sticky":false,"template":"","format":"standard","meta":{"_EventAllDay":false,"_EventTimezone":"","_EventStartDate":"","_EventEndDate":"","_EventStartDateUTC":"","_EventEndDateUTC":"","_EventShowMap":false,"_EventShowMapLink":false,"_EventURL":"","_EventCost":"","_EventCostDescription":"","_EventCurrencySymbol":"","_EventCurrencyCode":"","_EventCurrencyPosition":"","_EventDateTimeSeparator":"","_EventTimeRangeSeparator":"","_EventOrganizerID":[],"_EventVenueID":[],"_OrganizerEmail":"","_OrganizerPhone":"","_OrganizerWebsite":"","_VenueAddress":"","_VenueCity":"","_VenueCountry":"","_VenueProvince":"","_VenueState":"","_VenueZip":"","_VenuePhone":"","_VenueURL":"","_VenueStateProvince":"","_VenueLat":"","_VenueLng":"","_VenueShowMap":false,"_VenueShowMapLink":false,"footnotes":""},"categories":[596],"tags":[],"class_list":["post-29208","post","type-post","status-publish","format-standard","has-post-thumbnail","hentry","category-felietony","felietony"],"_links":{"self":[{"href":"https:\/\/kodmalopolska.pl\/index.php?rest_route=\/wp\/v2\/posts\/29208","targetHints":{"allow":["GET"]}}],"collection":[{"href":"https:\/\/kodmalopolska.pl\/index.php?rest_route=\/wp\/v2\/posts"}],"about":[{"href":"https:\/\/kodmalopolska.pl\/index.php?rest_route=\/wp\/v2\/types\/post"}],"author":[{"embeddable":true,"href":"https:\/\/kodmalopolska.pl\/index.php?rest_route=\/wp\/v2\/users\/34"}],"replies":[{"embeddable":true,"href":"https:\/\/kodmalopolska.pl\/index.php?rest_route=%2Fwp%2Fv2%2Fcomments&post=29208"}],"version-history":[{"count":0,"href":"https:\/\/kodmalopolska.pl\/index.php?rest_route=\/wp\/v2\/posts\/29208\/revisions"}],"wp:featuredmedia":[{"embeddable":true,"href":"https:\/\/kodmalopolska.pl\/index.php?rest_route=\/wp\/v2\/media\/20415"}],"wp:attachment":[{"href":"https:\/\/kodmalopolska.pl\/index.php?rest_route=%2Fwp%2Fv2%2Fmedia&parent=29208"}],"wp:term":[{"taxonomy":"category","embeddable":true,"href":"https:\/\/kodmalopolska.pl\/index.php?rest_route=%2Fwp%2Fv2%2Fcategories&post=29208"},{"taxonomy":"post_tag","embeddable":true,"href":"https:\/\/kodmalopolska.pl\/index.php?rest_route=%2Fwp%2Fv2%2Ftags&post=29208"}],"curies":[{"name":"wp","href":"https:\/\/api.w.org\/{rel}","templated":true}]}}