{"id":29196,"date":"2022-01-05T22:18:37","date_gmt":"2022-01-05T21:18:37","guid":{"rendered":"https:\/\/kodmalopolska.pl\/?p=29196"},"modified":"2022-01-05T22:18:40","modified_gmt":"2022-01-05T21:18:40","slug":"rownosc-na-zarty-felieton-eweliny-pytel-6","status":"publish","type":"post","link":"https:\/\/kodmalopolska.pl\/?p=29196","title":{"rendered":"R\u00f3wno\u015b\u0107 na \u017carty. Felieton Eweliny Pytel (6)"},"content":{"rendered":"\n<h4 class=\"wp-block-heading\">Ka\u017cda z nas s\u0142ysza\u0142a takie uwagi, kierowane do siebie lub kobiet z jej otoczenia. Uwagi, kt\u00f3rymi bardzo rozbawieni panowie dawali do zrozumienia: to wasze r\u00f3wnouprawnienie to teatr.<\/h4>\n\n\n\n<p>Ka\u017cda z nas dobrze wie, co si\u0119 wydarzy\u0142o, je\u015bli tylko s\u0142ysza\u0142a lub czyta\u0142a s\u0142owa, kt\u00f3re krakowski radny S\u0142awomir Pietrzyk wypowiedzia\u0142 do radnej Alicji Szczepa\u0144skiej podczas oficjalnej uroczysto\u015bci. Niezale\u017cnie od najbardziej wydumanych t\u0142umacze\u0144. Bo ka\u017cda z nas s\u0142ysza\u0142a uwagi tego typu kierowane do niej lub kobiet z jej otoczenia. Uwagi, kt\u00f3rymi bardzo rozbawieni panowie dawali do zrozumienia: to wasze r\u00f3wnouprawnienie to teatr, wszyscy wiemy, \u017ce w tej rozmowie nie jeste\u015bmy partnerami. Bo ty, dziewczyno, jeste\u015b zawsze, niezale\u017cnie od kontekstu, obiektem seksualnym, kt\u00f3ry ja, m\u0119\u017cczyzna, mam \u015bwi\u0119te prawo publicznie omawia\u0107 i ocenia\u0107. Zreszt\u0105, powinna\u015b by\u0107 mi wdzi\u0119czna za to, \u017ce w og\u00f3le na ciebie patrz\u0119. Powinna\u015b podzi\u0119kowa\u0107. I zachichota\u0107. Je\u015bli nie, je\u015bli zaprotestujesz, wszyscy uznamy, \u017ce nie masz poczucia humoru albo \u017ce jeste\u015b sfrustrowana \u2013 oczywi\u015bcie sfrustrowana w\u0142asnym wygl\u0105dem lub \u017cyciem seksualnym. Inne frustracje przecie\u017c si\u0119 kobiet nie imaj\u0105.<\/p>\n\n\n\n<p>Ka\u017cda z nas s\u0142ysza\u0142a takie wypowiedzi. Ka\u017cda z nas, a w szczeg\u00f3lno\u015bci kobiety, kt\u00f3re zdecydowa\u0142y si\u0119 by\u0107 aktywne zawodowo, musia\u0142y si\u0119 publicznie mierzy\u0107 z takimi upokarzaj\u0105cymi komentarzami, pokazuj\u0105cymi nam, \u017ce to naprawd\u0119 nie jest nasze miejsce, \u017ce powinny\u015bmy wr\u00f3ci\u0107 do roli, w kt\u00f3rej ci panowie bardzo chcieliby nas zn\u00f3w widzie\u0107: roli dekoracyjno-rozrywkowej dla kobiety w m\u0142odym wieku, roli si\u0142y roboczej dla kobiety starszej.<\/p>\n\n\n\n<p>A to jest nasze miejsce. Przestrze\u0144 publiczna, zawodowa i polityczna to jest miejsce dla kobiet, dok\u0142adnie tak samo jak dla m\u0119\u017cczyzn. Sfera publiczna to miejsce, w kt\u00f3rym kobiet jest wci\u0105\u017c ma\u0142o, r\u00f3wnie\u017c z powodu presji psychologicznej wywieranej przez takie w\u0142a\u015bnie publiczne zawstydzanie. Demokracja (dobrze funkcjonuj\u0105ca), przyjazne pa\u0144stwo, rozwini\u0119te spo\u0142ecze\u0144stwo potrzebuj\u0105 kobiet \u2013 nie w funkcjach dekoracyjnych, nie jako kwiatk\u00f3w do ko\u017cucha, ale na stanowiskach eksperckich i zarz\u0105dzaj\u0105cych. Dlatego chcia\u0142am bardzo, bardzo podzi\u0119kowa\u0107 radnej Alicji Szczepa\u0144skiej za to, \u017ce pozwoli\u0142a, by atak na ni\u0105 sta\u0142 si\u0119 zarzewiem publicznej dyskusji o standardach kultury i autentycznym r\u00f3wnouprawnieniu w krakowskiej, i nie tylko krakowskiej, polityce.<\/p>\n\n\n\n<hr class=\"wp-block-separator\"\/>\n\n\n\n<p><em>Felieton jest wyrazem opinii autorki. Nie prezentuje stanowiska ZR Ma\u0142opolskie KOD.<\/em><\/p>\n","protected":false},"excerpt":{"rendered":"<p>Ka\u017cda z nas s\u0142ysza\u0142a takie uwagi, kierowane do siebie lub kobiet z jej otoczenia. Uwagi, kt\u00f3rymi bardzo rozbawieni panowie dawali do zrozumienia: to wasze r\u00f3wnouprawnienie to teatr.<\/p>\n","protected":false},"author":34,"featured_media":25043,"comment_status":"closed","ping_status":"open","sticky":false,"template":"","format":"standard","meta":{"_EventAllDay":false,"_EventTimezone":"","_EventStartDate":"","_EventEndDate":"","_EventStartDateUTC":"","_EventEndDateUTC":"","_EventShowMap":false,"_EventShowMapLink":false,"_EventURL":"","_EventCost":"","_EventCostDescription":"","_EventCurrencySymbol":"","_EventCurrencyCode":"","_EventCurrencyPosition":"","_EventDateTimeSeparator":"","_EventTimeRangeSeparator":"","_EventOrganizerID":[],"_EventVenueID":[],"_OrganizerEmail":"","_OrganizerPhone":"","_OrganizerWebsite":"","_VenueAddress":"","_VenueCity":"","_VenueCountry":"","_VenueProvince":"","_VenueState":"","_VenueZip":"","_VenuePhone":"","_VenueURL":"","_VenueStateProvince":"","_VenueLat":"","_VenueLng":"","_VenueShowMap":false,"_VenueShowMapLink":false,"footnotes":""},"categories":[596],"tags":[],"class_list":["post-29196","post","type-post","status-publish","format-standard","has-post-thumbnail","hentry","category-felietony","felietony"],"_links":{"self":[{"href":"https:\/\/kodmalopolska.pl\/index.php?rest_route=\/wp\/v2\/posts\/29196","targetHints":{"allow":["GET"]}}],"collection":[{"href":"https:\/\/kodmalopolska.pl\/index.php?rest_route=\/wp\/v2\/posts"}],"about":[{"href":"https:\/\/kodmalopolska.pl\/index.php?rest_route=\/wp\/v2\/types\/post"}],"author":[{"embeddable":true,"href":"https:\/\/kodmalopolska.pl\/index.php?rest_route=\/wp\/v2\/users\/34"}],"replies":[{"embeddable":true,"href":"https:\/\/kodmalopolska.pl\/index.php?rest_route=%2Fwp%2Fv2%2Fcomments&post=29196"}],"version-history":[{"count":0,"href":"https:\/\/kodmalopolska.pl\/index.php?rest_route=\/wp\/v2\/posts\/29196\/revisions"}],"wp:featuredmedia":[{"embeddable":true,"href":"https:\/\/kodmalopolska.pl\/index.php?rest_route=\/wp\/v2\/media\/25043"}],"wp:attachment":[{"href":"https:\/\/kodmalopolska.pl\/index.php?rest_route=%2Fwp%2Fv2%2Fmedia&parent=29196"}],"wp:term":[{"taxonomy":"category","embeddable":true,"href":"https:\/\/kodmalopolska.pl\/index.php?rest_route=%2Fwp%2Fv2%2Fcategories&post=29196"},{"taxonomy":"post_tag","embeddable":true,"href":"https:\/\/kodmalopolska.pl\/index.php?rest_route=%2Fwp%2Fv2%2Ftags&post=29196"}],"curies":[{"name":"wp","href":"https:\/\/api.w.org\/{rel}","templated":true}]}}