{"id":29166,"date":"2021-12-29T21:53:32","date_gmt":"2021-12-29T20:53:32","guid":{"rendered":"https:\/\/kodmalopolska.pl\/?p=29166"},"modified":"2021-12-29T21:53:33","modified_gmt":"2021-12-29T20:53:33","slug":"cos-w-tym-poszukiwaniu-wolnosci-poszlo-nie-tak-felieton-marcina-nowaka-55","status":"publish","type":"post","link":"https:\/\/kodmalopolska.pl\/?p=29166","title":{"rendered":"Co\u015b w tym poszukiwaniu wolno\u015bci posz\u0142o nie tak. Felieton Marcina Nowaka (55)"},"content":{"rendered":"\n<h4 class=\"wp-block-heading\">\u2026 bo jeszcze nigdy majestat Rzeczypospolitej nie by\u0142 tak podporz\u0105dkowany jednej instytucji. Wyszli\u015bmy z komunizmu i wpadli\u015bmy w jak\u0105\u015b dyktatur\u0119 \u015bwi\u0119tego komunizmu katolickiego. Czy s\u0142owo \u201ekomunia\u201d \u2013 \u201ekomunia \u015bwi\u0119ta\u201d \u2013 nie jest \u017ar\u00f3d\u0142os\u0142owem wyra\u017cenia \u201ekomunizm\u201d?<\/h4>\n\n\n\n<p>\u015alub konkordatowy, a bardziej og\u00f3lnie: konkordat, by\u0142 chyba jednym z najwi\u0119kszych osi\u0105gni\u0119\u0107 wierz\u0105cej cz\u0119\u015bci spo\u0142ecze\u0144stwa w latach dziewi\u0119\u0107dziesi\u0105tych. W ko\u0144cu \u015blub cywilny i ko\u015bcielny mo\u017cna by\u0142o zawrze\u0107 za jednym razem, bez urz\u0105dzania dw\u00f3ch uroczysto\u015bci. Wynika\u0142y st\u0105d wymierne korzy\u015bci finansowe i organizacyjne. Zawieraj\u0105c zwi\u0105zek ma\u0142\u017ce\u0144ski w ko\u015bciele wed\u0142ug wymog\u00f3w prawa kanonicznego, wierz\u0105cy nie musieli zawiera\u0107 go ponownie w urz\u0119dzie miasta wed\u0142ug wymog\u00f3w prawa Rzeczypospolitej Polskiej. Mia\u0142o to r\u00f3wnie\u017c wyd\u017awi\u0119k symboliczny: oto wreszcie wiara w Boga, wiara katolicka, b\u0119dzie szanowana przez pa\u0144stwo i jego instytucje. Tego domaga\u0142a si\u0119 cz\u0119\u015b\u0107 spo\u0142ecze\u0144stwa, a pozosta\u0142a cz\u0119\u015b\u0107 zaakceptowa\u0142a \u00f3w fakt na znak r\u00f3wno\u015bci i wzajemnego szacunku.<\/p>\n\n\n\n<p>Niemniej \u015blub konkordatowy ma te\u017c inne konsekwencje, na kt\u00f3re ma\u0142o kto zwraca uwag\u0119. Zreszt\u0105, mo\u017ce ju\u017c si\u0119 przyzwyczaili\u015bmy, mo\u017ce o to w\u0142a\u015bnie chodzi\u0142o? Ma\u0142\u017ce\u0144stwo zawarte w ko\u015bciele wywo\u0142uje skutki prawne i aby to umo\u017cliwi\u0107, trzeba by\u0142o dostosowa\u0107 polskie prawo. W drug\u0105 stron\u0119 natomiast to nie dzia\u0142a. Dlaczego osoby niewierz\u0105ce, kt\u00f3re zawieraj\u0105 zwi\u0105zek ma\u0142\u017ce\u0144ski z osobami wierz\u0105cymi, nie mog\u0105 poprosi\u0107 wy\u0142\u0105cznie o \u015blub cywilny z odpowiednimi skutkami dla wierz\u0105cej osoby w ko\u015bciele? Zapewne potrzebne by\u0142oby kilka zmian w prawie kanonicznym i dobra wola hierarch\u00f3w ko\u015bcielnych.<\/p>\n\n\n\n<p>Innym skutkiem ubocznym konkordatu jest to, \u017ce ca\u0142y proces przygotowania przysz\u0142ych ma\u0142\u017conk\u00f3w zosta\u0142 mimowolnie oddany ko\u015bcio\u0142owi, kt\u00f3ry w ten spos\u00f3b pr\u00f3buje formatowa\u0107 wszystkich do swoich ram. Nie znam \u015bwieckich organizacji, kt\u00f3re stara\u0142yby si\u0119 przygotowa\u0107 ludzi do \u017cycia w zwi\u0105zku. Sprawy nie u\u0142atwia obecny atak \u015brodowisk katolickich fundamentalist\u00f3w na edukacj\u0119 seksualn\u0105 w szkole i na szkolny przedmiot \u201eprzygotowanie do \u017cycia w rodzinie\u201d. Wszystko ma by\u0107 katolickie.<\/p>\n\n\n\n<p>Ksi\u0105dz niespodziewanie, a mo\u017ce w spos\u00f3b zamierzony, sta\u0142 si\u0119 urz\u0119dnikiem pa\u0144stwowym, przyjmuj\u0105cym niejako w imieniu Rzeczypospolitej zobowi\u0105zania ma\u0142\u017ce\u0144skie. Urz\u0119dnik ze wzgl\u0119d\u00f3w oczywistych nigdy nie wyst\u0105pi w roli ksi\u0119dza, ale nie o to tu chodzi. Nieopatrznie, a mo\u017ce w spos\u00f3b zamierzony, osadzono w spo\u0142ecze\u0144stwie my\u015bl, \u017ce pa\u0144stwo i ko\u015bci\u00f3\u0142 to jedno. I tak poszukuj\u0105cy wolno\u015bci Polki i Polacy oddali si\u0119 dominacji ko\u015bcielnej.<\/p>\n\n\n\n<p>Dzi\u015b nie ma uroczysto\u015bci pa\u0144stwowej bez obowi\u0105zkowej mszy, a je\u015bli tak\u0105 uroczysto\u015b\u0107 si\u0119 zorganizuje, natychmiast zostanie nazwana komunistyczn\u0105. Katecheza jest normalnym przedmiotem szkolnym. Katechetki i katecheci ucz\u0105 o innych religiach, przedstawiaj\u0105c ich katolick\u0105 interpretacj\u0119. Tak samo wygl\u0105da nauka etyki.<\/p>\n\n\n\n<p>Historia Polski przesi\u0105kni\u0119ta jest zwi\u0105zkiem tronu z o\u0142tarzem. Prezesi sp\u00f3\u0142ek skarbu pa\u0144stwa, ale te\u017c zwykli przedsi\u0119biorcy zawierzaj\u0105 swoje firmy Bogu, jakby to od niego zale\u017ca\u0142 wynik finansowy i dobrostan przedsi\u0119biorstwa. Ludzie wol\u0105 si\u0119 modli\u0107, ni\u017c leczy\u0107 i podejmowa\u0107 wysi\u0142ki, by na przyk\u0142ad zmieni\u0107 niezdrowe nawyki \u017cywieniowe albo wyj\u015b\u0107 z na\u0142ogu. Nie wspomn\u0119 ju\u017c o policji, stra\u017cakach, \u017co\u0142nierzach i urz\u0119dnikach pa\u0144stwowych, kt\u00f3rzy zaczynaj\u0105 pe\u0142ni\u0107 s\u0142u\u017cb\u0119 w imi\u0119 Boga, a nie pa\u0144stwa polskiego. Klauzula sumienia zabrania ratowania \u017cycia, a polskie prawo dostosowuje si\u0119 do ko\u015bcielnego. Program pierwszy telewizji publicznej ma w swojej ram\u00f3wce transmisj\u0119 mszy codziennie rano.<\/p>\n\n\n\n<p>Co\u015b w tym poszukiwaniu wolno\u015bci posz\u0142o nie tak, bo jeszcze nigdy majestat Rzeczypospolitej nie by\u0142 tak podporz\u0105dkowany jednej instytucji. Wyszli\u015bmy z komunizmu i wpadli\u015bmy w jak\u0105\u015b dyktatur\u0119 \u015bwi\u0119tego komunizmu katolickiego. Czy s\u0142owo \u201ekomunia\u201d \u2013 \u201ekomunia \u015bwi\u0119ta\u201d \u2013 nie jest \u017ar\u00f3d\u0142os\u0142owem wyra\u017cenia \u201ekomunizm\u201d?<\/p>\n\n\n\n<hr class=\"wp-block-separator\"\/>\n\n\n\n<p><em>Felieton jest wyrazem opinii autora. Nie prezentuje stanowiska ZR Ma\u0142opolskie<\/em>.<\/p>\n","protected":false},"excerpt":{"rendered":"<p>\u2026 bo jeszcze nigdy majestat Rzeczypospolitej nie by\u0142 tak podporz\u0105dkowany jednej instytucji. Wyszli\u015bmy z komunizmu i wpadli\u015bmy w jak\u0105\u015b dyktatur\u0119 \u015bwi\u0119tego komunizmu katolickiego. Czy s\u0142owo \u201ekomunia\u201d \u2013 \u201ekomunia \u015bwi\u0119ta\u201d \u2013 nie jest \u017ar\u00f3d\u0142os\u0142owem wyra\u017cenia \u201ekomunizm\u201d? <\/p>\n","protected":false},"author":34,"featured_media":26412,"comment_status":"closed","ping_status":"open","sticky":false,"template":"","format":"standard","meta":{"_EventAllDay":false,"_EventTimezone":"","_EventStartDate":"","_EventEndDate":"","_EventStartDateUTC":"","_EventEndDateUTC":"","_EventShowMap":false,"_EventShowMapLink":false,"_EventURL":"","_EventCost":"","_EventCostDescription":"","_EventCurrencySymbol":"","_EventCurrencyCode":"","_EventCurrencyPosition":"","_EventDateTimeSeparator":"","_EventTimeRangeSeparator":"","_EventOrganizerID":[],"_EventVenueID":[],"_OrganizerEmail":"","_OrganizerPhone":"","_OrganizerWebsite":"","_VenueAddress":"","_VenueCity":"","_VenueCountry":"","_VenueProvince":"","_VenueState":"","_VenueZip":"","_VenuePhone":"","_VenueURL":"","_VenueStateProvince":"","_VenueLat":"","_VenueLng":"","_VenueShowMap":false,"_VenueShowMapLink":false,"footnotes":""},"categories":[596],"tags":[],"class_list":["post-29166","post","type-post","status-publish","format-standard","has-post-thumbnail","hentry","category-felietony","felietony"],"_links":{"self":[{"href":"https:\/\/kodmalopolska.pl\/index.php?rest_route=\/wp\/v2\/posts\/29166","targetHints":{"allow":["GET"]}}],"collection":[{"href":"https:\/\/kodmalopolska.pl\/index.php?rest_route=\/wp\/v2\/posts"}],"about":[{"href":"https:\/\/kodmalopolska.pl\/index.php?rest_route=\/wp\/v2\/types\/post"}],"author":[{"embeddable":true,"href":"https:\/\/kodmalopolska.pl\/index.php?rest_route=\/wp\/v2\/users\/34"}],"replies":[{"embeddable":true,"href":"https:\/\/kodmalopolska.pl\/index.php?rest_route=%2Fwp%2Fv2%2Fcomments&post=29166"}],"version-history":[{"count":0,"href":"https:\/\/kodmalopolska.pl\/index.php?rest_route=\/wp\/v2\/posts\/29166\/revisions"}],"wp:featuredmedia":[{"embeddable":true,"href":"https:\/\/kodmalopolska.pl\/index.php?rest_route=\/wp\/v2\/media\/26412"}],"wp:attachment":[{"href":"https:\/\/kodmalopolska.pl\/index.php?rest_route=%2Fwp%2Fv2%2Fmedia&parent=29166"}],"wp:term":[{"taxonomy":"category","embeddable":true,"href":"https:\/\/kodmalopolska.pl\/index.php?rest_route=%2Fwp%2Fv2%2Fcategories&post=29166"},{"taxonomy":"post_tag","embeddable":true,"href":"https:\/\/kodmalopolska.pl\/index.php?rest_route=%2Fwp%2Fv2%2Ftags&post=29166"}],"curies":[{"name":"wp","href":"https:\/\/api.w.org\/{rel}","templated":true}]}}