{"id":29126,"date":"2021-12-28T16:48:25","date_gmt":"2021-12-28T15:48:25","guid":{"rendered":"https:\/\/kodmalopolska.pl\/?p=29126"},"modified":"2021-12-28T16:48:30","modified_gmt":"2021-12-28T15:48:30","slug":"smutny-felieton-felieton-joanny-handerek-63","status":"publish","type":"post","link":"https:\/\/kodmalopolska.pl\/?p=29126","title":{"rendered":"Smutny felieton. Felieton Joanny Ha\u0144derek (63)"},"content":{"rendered":"\n<h4 class=\"wp-block-heading\">W moim felietonie kilka s\u0142\u00f3w o mijaj\u0105cym roku, zdominowanym przez nienawi\u015b\u0107 do kobiet i do uchod\u017ac\u00f3w, przez niech\u0119\u0107 wszystkich do wszystkich. PiS rozwija swoj\u0105 polityk\u0119 demonta\u017cu pa\u0144stwa, promocji nieufno\u015bci i strachu. Rok 2021 min\u0105\u0142 nam pod znakiem walki z ci\u0105g\u0142ym uwstecznianiem i zamykaniem naszego \u017cycia w chorych strukturach. Co przyniesie rok nast\u0119pny? Pozostaje \u017cyczy\u0107 sobie spokoju i kresu fanatyzmu w naszym kraju. Do wybor\u00f3w, do nast\u0119pnych wybor\u00f3w!<\/h4>\n\n\n\n<p>Koniec roku. Smutnego roku. Na skutek fanatycznej nienawi\u015bci do kobiet oraz potrzeby kontrolowania spo\u0142ecze\u0144stwa umar\u0142a pani Iza z Pszczyny. Jeden przypadek? Ale\u017c sk\u0105d \u2013 jeden przypadek nag\u0142o\u015bniony. Ten rok pe\u0142en by\u0142 dramat\u00f3w. Nie bez przyczyny zacz\u0119to w holenderskich klinikach aborcyjnych rozwa\u017ca\u0107 zatrudnienie polskoj\u0119zycznego personelu. Kobiety w Polsce sta\u0142y si\u0119 rzecz\u0105, sprowadzone do jednej funkcji, upokorzone nie tylko przez orzeczenie tak zwanego Trybuna\u0142u Konstytucyjnego, ale r\u00f3wnie\u017c przez gorliwe stosowanie si\u0119 wielu szpitali do nowego bezprawia. Rok 2021 b\u0119dzie wi\u0119c rokiem \u015bmierci kobiet. Margaret Atwood, pisz\u0105c \u201eOpowie\u015b\u0107 podr\u0119cznej\u201d, chcia\u0142a \u2013 jak sama twierdzi \u2013 przestrzec, a nie instruowa\u0107.<\/p>\n\n\n\n<p>PiS nie kryje ju\u017c swojej potrzeby kontroli nie tylko naszego \u017cycia, ale i naszego my\u015blenia. Walka przeciwko <em>lex TVN<\/em> to walka o prawo do wolnej my\u015bli, do w\u0142asnych pogl\u0105d\u00f3w, do otrzymywania rzetelnych wiadomo\u015bci. Nie ma demokracji bez wolnych medi\u00f3w, nie ma wolno\u015bci bez swobodnego decydowania o tym, czego si\u0119 s\u0142ucha i co ogl\u0105da. W \u015bwiecie rozwini\u0119tych demokracji oczywiste jest, \u017ce s\u0105 stacje prawicowe, lewicowe i te pa\u0144stwowe \u2013 niezale\u017cne i neutralne \u015bwiatopogl\u0105dowo. Ka\u017cdy obywatel i ka\u017cda obywatelka po prostu wybiera to, co im odpowiada. Mo\u017cna si\u0119 obra\u017ca\u0107, \u017ce kto\u015b propaguje idee, kt\u00f3rych nie podzielamy, ale na tym polega liberalizm. Moje pogl\u0105dy s\u0105 r\u00f3wnie wa\u017cne co twoje. Lex TVN to nie tylko niszczenie niezale\u017cnej informacji dziennikarskiej, ale te\u017c ca\u0142kowite destruowanie swob\u00f3d obywatelskich i naszych podstawowych praw. Konsekwencja, z jak\u0105 PiS d\u0105\u017cy do likwidacji wolnych medi\u00f3w, \u015bwiadczy o tym, \u017ce kierunek Bia\u0142oru\u015b ani na chwil\u0119 si\u0119 nie zmieni\u0142. George Orwell w \u201eRoku 1984\u201d chcia\u0142 da\u0107 wyraz swojemu przera\u017ceniu wobec totalitaryzmu. To nie by\u0142 instrukta\u017c. Ma\u0142y wielki brat niech tak nie patrzy.<\/p>\n\n\n\n<p>Zasieki na granicy, drut \u017cyletkowy, ludzie umieraj\u0105cy w lesie, nienawi\u015b\u0107 do uchod\u017ac\u00f3w. Frasyniukowi bardzo szybko postawiono zarzuty za to, co powiedzia\u0142 o pogranicznikach. A kiedy doczekamy si\u0119 zarzut\u00f3w wobec pos\u0142\u00f3w i pos\u0142anek PiS-u, kt\u00f3rzy tak ochoczo zgodzili si\u0119 na push-backi, nielegalne z perspektywy ustawy genewskiej? W kraju, kt\u00f3ry szczyci si\u0119 tolerancj\u0105 i otwarto\u015bci\u0105, w kt\u00f3rym wiele os\u00f3b deklaruje religijno\u015b\u0107 i uznaje si\u0119 za katolik\u00f3w i katoliczki, budowanie muru na granicy budzi szerok\u0105 aprobat\u0119. Rok 2021 to rok, w kt\u00f3rym ludzie uciekaj\u0105cy przed wojn\u0105 gin\u0105 na polskiej ziemi. To rok hipokryzji, z jak\u0105 nawet opozycyjni pos\u0142owie m\u00f3wi\u0105 o granicznym murze jako konieczno\u015bci. Jak b\u0119dziemy si\u0119 czuli za par\u0119 lat, gdy dowiemy si\u0119, ilu ludzi zmar\u0142o tylko dlatego, \u017ce s\u0142owo \u201euchod\u017aca\u201d jest pi\u0119tnuj\u0105ce? \u201ePersepolis\u201d Marjane Satrapi to nie tylko opowie\u015b\u0107 o zderzeniu r\u00f3\u017cnych kultur, ale r\u00f3wnie\u017c opowie\u015b\u0107 o tym, co dzieje si\u0119 z cz\u0142owiekiem, kiedy w\u0142asny dom staje si\u0119 dla niego pu\u0142apk\u0105, kiedy na jego oczach ginie znany mu \u015bwiat. Uchod\u017acy nie s\u0105 zagro\u017ceniem. To ludzie, kt\u00f3rych ju\u017c raz zabito, pozbawiaj\u0105c ich bezpiecznego schronienia i nadziei na przysz\u0142o\u015b\u0107.<\/p>\n\n\n\n<p>Mijaj\u0105cy rok to rok niezaszczepionych, antycovidowych bojownik\u00f3w, kt\u00f3rzy nara\u017caj\u0105 \u017cycie i zdrowie innych. To rok przemocy i dominacji tych, kt\u00f3rzy zabijaj\u0105 nienawi\u015bci\u0105 i oddechem. Wobec bierno\u015bci rz\u0105du ruch antycovidowc\u00f3w i antyszczepionkowc\u00f3w ur\u00f3s\u0142 w si\u0142\u0119, staj\u0105c si\u0119 wielkim niszczycielem pa\u0144stwa obywatelskiego. To przez tych ludzi pandemia si\u0119 rozwija, likwidowane s\u0105 kolejne \u0142\u00f3\u017cka na oddzia\u0142ach niecovidowych, a sytuacja w szpitalach znowu robi si\u0119 krytyczna. Tego wszystkiego mo\u017cna by\u0142o unikn\u0105\u0107, przebieg pandemii m\u00f3g\u0142 by\u0107 du\u017co \u0142agodniejszy, gdyby zaszczepionych by\u0142o wi\u0119cej. Rz\u0105d woli jednak flirtowa\u0107 z wszelkimi skrajnymi od\u0142amami \u2013 nacjonalistami czy antyszczepionkowcami, a wszystko dla utrzymania w\u0142adzy. Tymczasem rok 2021 sta\u0142 si\u0119 rokiem \u015bmierci ludzi najs\u0142abszych, bez odporno\u015bci, bez wsparcia spo\u0142ecznego, bez solidarno\u015bci. Gdy Hannah Arendt pisa\u0142a o sprzeciwie obywatelskim, chodzi\u0142o jej o walk\u0119 w imieniu tych, kt\u00f3rzy potrzebuj\u0105 naszego wsparcia, a nie o destrukcj\u0119 pa\u0144stwa.<\/p>\n\n\n\n<p>Podsumowanie mijaj\u0105cego roku mo\u017ce napawa\u0107 smutkiem, najbardziej jednak przygn\u0119bia szerz\u0105ca si\u0119 wojna wszystkich z wszystkimi. Dooko\u0142a nas hejt rozgo\u015bci\u0142 si\u0119 na dobre \u2013 w parlamencie, w\u015br\u00f3d polityk\u00f3w, w mediach, na ulicy. Ju\u017c si\u0119 nie porozumiewamy, ju\u017c nie komentujemy, tylko krzyczymy, obra\u017camy, poni\u017camy. W tym zgie\u0142ku tracimy siebie i pa\u0144stwo obywatelskie, tak bardzo nam potrzebne wobec kryzys\u00f3w i narastaj\u0105cych problem\u00f3w. Nowy rok to nowe mo\u017cliwo\u015bci, ale jak mo\u017cemy z nich skorzysta\u0107, skoro ju\u017c ze sob\u0105 nie rozmawiamy?<\/p>\n\n\n\n<hr class=\"wp-block-separator\"\/>\n\n\n\n<p><em>Felieton jest wyrazem opinii autorki. Nie prezentuje stanowiska ZR Ma\u0142opolskie<\/em>.<\/p>\n","protected":false},"excerpt":{"rendered":"<p>W moim felietonie kilka s\u0142\u00f3w o mijaj\u0105cym roku, zdominowanym przez nienawi\u015b\u0107 do kobiet i do uchod\u017ac\u00f3w, przez niech\u0119\u0107 wszystkich do wszystkich. PiS rozwija swoj\u0105 polityk\u0119 demonta\u017cu pa\u0144stwa, promocji nieufno\u015bci i strachu. Rok 2021 min\u0105\u0142 nam pod znakiem walki z ci\u0105g\u0142ym uwstecznianiem i zamykaniem naszego \u017cycia w chorych strukturach. Co przyniesie rok nast\u0119pny? Pozostaje \u017cyczy\u0107 sobie spokoju i kresu fanatyzmu w naszym kraju. Do wybor\u00f3w, do nast\u0119pnych wybor\u00f3w!<\/p>\n","protected":false},"author":34,"featured_media":19411,"comment_status":"closed","ping_status":"open","sticky":false,"template":"","format":"standard","meta":{"_EventAllDay":false,"_EventTimezone":"","_EventStartDate":"","_EventEndDate":"","_EventStartDateUTC":"","_EventEndDateUTC":"","_EventShowMap":false,"_EventShowMapLink":false,"_EventURL":"","_EventCost":"","_EventCostDescription":"","_EventCurrencySymbol":"","_EventCurrencyCode":"","_EventCurrencyPosition":"","_EventDateTimeSeparator":"","_EventTimeRangeSeparator":"","_EventOrganizerID":[],"_EventVenueID":[],"_OrganizerEmail":"","_OrganizerPhone":"","_OrganizerWebsite":"","_VenueAddress":"","_VenueCity":"","_VenueCountry":"","_VenueProvince":"","_VenueState":"","_VenueZip":"","_VenuePhone":"","_VenueURL":"","_VenueStateProvince":"","_VenueLat":"","_VenueLng":"","_VenueShowMap":false,"_VenueShowMapLink":false,"footnotes":""},"categories":[596],"tags":[],"class_list":["post-29126","post","type-post","status-publish","format-standard","has-post-thumbnail","hentry","category-felietony","felietony"],"_links":{"self":[{"href":"https:\/\/kodmalopolska.pl\/index.php?rest_route=\/wp\/v2\/posts\/29126","targetHints":{"allow":["GET"]}}],"collection":[{"href":"https:\/\/kodmalopolska.pl\/index.php?rest_route=\/wp\/v2\/posts"}],"about":[{"href":"https:\/\/kodmalopolska.pl\/index.php?rest_route=\/wp\/v2\/types\/post"}],"author":[{"embeddable":true,"href":"https:\/\/kodmalopolska.pl\/index.php?rest_route=\/wp\/v2\/users\/34"}],"replies":[{"embeddable":true,"href":"https:\/\/kodmalopolska.pl\/index.php?rest_route=%2Fwp%2Fv2%2Fcomments&post=29126"}],"version-history":[{"count":0,"href":"https:\/\/kodmalopolska.pl\/index.php?rest_route=\/wp\/v2\/posts\/29126\/revisions"}],"wp:featuredmedia":[{"embeddable":true,"href":"https:\/\/kodmalopolska.pl\/index.php?rest_route=\/wp\/v2\/media\/19411"}],"wp:attachment":[{"href":"https:\/\/kodmalopolska.pl\/index.php?rest_route=%2Fwp%2Fv2%2Fmedia&parent=29126"}],"wp:term":[{"taxonomy":"category","embeddable":true,"href":"https:\/\/kodmalopolska.pl\/index.php?rest_route=%2Fwp%2Fv2%2Fcategories&post=29126"},{"taxonomy":"post_tag","embeddable":true,"href":"https:\/\/kodmalopolska.pl\/index.php?rest_route=%2Fwp%2Fv2%2Ftags&post=29126"}],"curies":[{"name":"wp","href":"https:\/\/api.w.org\/{rel}","templated":true}]}}