{"id":29096,"date":"2021-12-24T08:56:10","date_gmt":"2021-12-24T07:56:10","guid":{"rendered":"https:\/\/kodmalopolska.pl\/?p=29096"},"modified":"2021-12-24T08:56:12","modified_gmt":"2021-12-24T07:56:12","slug":"swiat-bez-granic-felieton-fryderyka-zolla-355","status":"publish","type":"post","link":"https:\/\/kodmalopolska.pl\/?p=29096","title":{"rendered":"\u015awiat bez granic. Felieton Fryderyka Zolla (355)"},"content":{"rendered":"\n<h4 class=\"wp-block-heading\">Nie bacz\u0105c na \u015awi\u0119ta, na prawo do cho\u0107by kr\u00f3tkiego wytchnienia, Ziobro znowu robi co\u015b, co jeszcze kilka lat temu uznaliby\u015bmy za przejaw szale\u0144stwa. Obecnie jest to zachowanie normalne, odpowiadaj\u0105ce rzeczywisto\u015bci, w kt\u00f3rej \u017cyjemy.<\/h4>\n\n\n\n<p>Ot\u00f3\u017c Ziobro z\u0142o\u017cy\u0142 wniosek do klubu mgr Przy\u0142\u0119bskiej (KmgrP) o stwierdzenie niezgodno\u015bci z Konstytucj\u0105 rozporz\u0105dzenia unijnego, kt\u00f3re uzale\u017cnia wyp\u0142at\u0119 europejskich funduszy od przestrzegania praworz\u0105dno\u015bci przez pa\u0144stwa cz\u0142onkowskie. Stwierdzenie niekonstytucyjno\u015bci b\u0119dzie mia\u0142o w tym przypadku takie samo znaczenie jak inne stanowiska KmgrP w sprawie zgodno\u015bci prawa unijnego z Konstytucj\u0105 \u2013 \u017cadnego prawnego znaczenia mie\u0107 nie b\u0119dzie. Nie chodzi tutaj jedynie o to, \u017ce jest to stanowisko prawniczo bezsensowne ani \u017ce wyda\u0142 je KmgrP. Nawet gdyby by\u0142o szczytem prawniczej maestrii, nic znaczy\u0107 nie mo\u017ce. Unia po prostu stwierdzi naruszenie \u2013 stanowisko KmgrP b\u0119dzie tylko jego kolejnym dowodem \u2013 a my nie dostaniemy funduszy.<\/p>\n\n\n\n<p>S\u0119dziowie TSUE jednak powinni si\u0119 ba\u0107. Ziobro uwa\u017ca, \u017ce pope\u0142nili przest\u0119pstwo, wydaj\u0105c orzeczenia w sprawie r\u00f3\u017cnych aspekt\u00f3w pa\u0144stwa prawa w Polsce. Ziobrotura (ju\u017c nie prokuratura, nie zas\u0142uguje na to miano) zamierza ich bezwzgl\u0119dnie \u015bciga\u0107.<\/p>\n\n\n\n<p>Kilka lat temu naiwnie wierzyli\u015bmy, \u017ce PiS i jego kompani tak\u017ce widz\u0105 gdzie\u015b granice wyznaczane przez elementarny interes pa\u0144stwa, przez chrze\u015bcija\u0144stwo, na kt\u00f3re tak ch\u0119tnie si\u0119 powo\u0142uj\u0105, przez elementarn\u0105 przyzwoito\u015b\u0107, przynale\u017cno\u015b\u0107 do gatunku ludzkiego, racjonalno\u015b\u0107. Teraz nie mo\u017cna ju\u017c mie\u0107 z\u0142udze\u0144: \u015bwiat Ziobry jest bez granic. Mowa tu jednak o innych granicach ni\u017c te, bez kt\u00f3rych wielu z nas chcia\u0142oby \u017cy\u0107.<\/p>\n\n\n\n<p>Nie wiem, co \u017cyczy\u0107 nam na \u015awi\u0119ta. Jest coraz gorzej, coraz smutniej, coraz straszniej. Pa\u0144stwo jest zniszczone, poni\u017cone, bezz\u0119bne. \u017bycz\u0119 nam wszystkim, \u017ceby\u015bmy mogli to jako\u015b odwr\u00f3ci\u0107. \u017beby na wielu nierozumiej\u0105cych sp\u0142yn\u0119\u0142a \u0142aska rozumienia. I \u017ceby nast\u0105pi\u0142o wreszcie jakie\u015b generalne otrz\u0105\u015bni\u0119cie si\u0119 z rozpanoszonego z\u0142a.<\/p>\n\n\n\n<hr class=\"wp-block-separator\"\/>\n\n\n\n<p><em>Felieton jest wyrazem opinii autora. Nie prezentuje stanowiska ZR Ma\u0142opolskie<\/em>.<\/p>\n","protected":false},"excerpt":{"rendered":"<p>Nie bacz\u0105c na \u015awi\u0119ta, na prawo do cho\u0107by kr\u00f3tkiego wytchnienia, Ziobro znowu robi co\u015b, co jeszcze kilka lat temu uznaliby\u015bmy za przejaw szale\u0144stwa. Obecnie jest to zachowanie normalne, odpowiadaj\u0105ce rzeczywisto\u015bci, w kt\u00f3rej \u017cyjemy.<\/p>\n","protected":false},"author":34,"featured_media":24583,"comment_status":"closed","ping_status":"open","sticky":false,"template":"","format":"standard","meta":{"_EventAllDay":false,"_EventTimezone":"","_EventStartDate":"","_EventEndDate":"","_EventStartDateUTC":"","_EventEndDateUTC":"","_EventShowMap":false,"_EventShowMapLink":false,"_EventURL":"","_EventCost":"","_EventCostDescription":"","_EventCurrencySymbol":"","_EventCurrencyCode":"","_EventCurrencyPosition":"","_EventDateTimeSeparator":"","_EventTimeRangeSeparator":"","_EventOrganizerID":[],"_EventVenueID":[],"_OrganizerEmail":"","_OrganizerPhone":"","_OrganizerWebsite":"","_VenueAddress":"","_VenueCity":"","_VenueCountry":"","_VenueProvince":"","_VenueState":"","_VenueZip":"","_VenuePhone":"","_VenueURL":"","_VenueStateProvince":"","_VenueLat":"","_VenueLng":"","_VenueShowMap":false,"_VenueShowMapLink":false,"footnotes":""},"categories":[596],"tags":[],"class_list":["post-29096","post","type-post","status-publish","format-standard","has-post-thumbnail","hentry","category-felietony","felietony"],"_links":{"self":[{"href":"https:\/\/kodmalopolska.pl\/index.php?rest_route=\/wp\/v2\/posts\/29096","targetHints":{"allow":["GET"]}}],"collection":[{"href":"https:\/\/kodmalopolska.pl\/index.php?rest_route=\/wp\/v2\/posts"}],"about":[{"href":"https:\/\/kodmalopolska.pl\/index.php?rest_route=\/wp\/v2\/types\/post"}],"author":[{"embeddable":true,"href":"https:\/\/kodmalopolska.pl\/index.php?rest_route=\/wp\/v2\/users\/34"}],"replies":[{"embeddable":true,"href":"https:\/\/kodmalopolska.pl\/index.php?rest_route=%2Fwp%2Fv2%2Fcomments&post=29096"}],"version-history":[{"count":0,"href":"https:\/\/kodmalopolska.pl\/index.php?rest_route=\/wp\/v2\/posts\/29096\/revisions"}],"wp:featuredmedia":[{"embeddable":true,"href":"https:\/\/kodmalopolska.pl\/index.php?rest_route=\/wp\/v2\/media\/24583"}],"wp:attachment":[{"href":"https:\/\/kodmalopolska.pl\/index.php?rest_route=%2Fwp%2Fv2%2Fmedia&parent=29096"}],"wp:term":[{"taxonomy":"category","embeddable":true,"href":"https:\/\/kodmalopolska.pl\/index.php?rest_route=%2Fwp%2Fv2%2Fcategories&post=29096"},{"taxonomy":"post_tag","embeddable":true,"href":"https:\/\/kodmalopolska.pl\/index.php?rest_route=%2Fwp%2Fv2%2Ftags&post=29096"}],"curies":[{"name":"wp","href":"https:\/\/api.w.org\/{rel}","templated":true}]}}