{"id":29048,"date":"2021-12-22T22:02:35","date_gmt":"2021-12-22T21:02:35","guid":{"rendered":"https:\/\/kodmalopolska.pl\/?p=29048"},"modified":"2021-12-22T22:02:42","modified_gmt":"2021-12-22T21:02:42","slug":"pandemiczna-jazda-na-gape-felieton-marii-mysonianki-53","status":"publish","type":"post","link":"https:\/\/kodmalopolska.pl\/?p=29048","title":{"rendered":"Pandemiczna jazda na gap\u0119. Felieton Marii Mysonianki (53)"},"content":{"rendered":"\n<h4 class=\"wp-block-heading\">Ten, kto podr\u00f3\u017cuje bez biletu, korzysta z transportu finansowanego przez innych. Podobnie ci, kt\u00f3rzy si\u0119 nie szczepi\u0105 \u2013 korzystaj\u0105 z odporno\u015bci zbiorowej. Gdy wi\u0119kszo\u015b\u0107 je\u017adzi na gap\u0119, zaczyna brakowa\u0107 \u015brodk\u00f3w na utrzymanie komunikacji publicznej\u2026<\/h4>\n\n\n\n<p>Ten, kto podr\u00f3\u017cuje bez biletu, korzysta z transportu finansowanego przez innych. Gdy wi\u0119kszo\u015b\u0107 je\u017adzi na gap\u0119, zaczyna brakowa\u0107 \u015brodk\u00f3w na utrzymanie komunikacji publicznej. Skutkuje to albo podwy\u017ck\u0105 bilet\u00f3w, albo ograniczeniem liczby kurs\u00f3w.<\/p>\n\n\n\n<p>Podobnie wygl\u0105da sytuacja ze szczepieniami. Ci, kt\u00f3rzy si\u0119 nie szczepi\u0105, korzystaj\u0105 z odporno\u015bci zbiorowej \u2013 tym s\u0142abszej, im jest ich wi\u0119cej. Ci, kt\u00f3rzy szczepi\u0107 si\u0119 ze wzgl\u0119d\u00f3w medycznych nie mog\u0105, s\u0105 chronieni przez odporno\u015b\u0107 zbiorow\u0105. Gdy ta spada, ich ochrona systematycznie maleje. Ten, kto si\u0119 nie szczepi, przyczynia si\u0119 do ich potencjalnej \u015bmierci. Umieraj\u0105 s\u0142absi, chorzy, nie w pe\u0142ni si\u0142, starzy.<\/p>\n\n\n\n<p>Transparent z has\u0142em o tre\u015bci i kroju liter rodem z Auschwitz: \u201eSzczepienie czyni wolnym\u201d, ju\u017c si\u0119 pojawi\u0142 w przestrzeni publicznej. Ciarki po plecach przebieg\u0142y tym, kt\u00f3rzy s\u0105 \u015bwiadomi, tym, kt\u00f3rzy pami\u0119taj\u0105, tym, kt\u00f3rzy z pierwszej r\u0119ki poznali histori\u0119 ofiar tamtego miejsca i tamtego czasu.<\/p>\n\n\n\n<p>Stoj\u0105cy pod transparentem wo\u0142ali o wolno\u015b\u0107 \u2013 swoj\u0105 i tylko swoj\u0105. O wolno\u015b\u0107 od szczepie\u0144. Wolno\u015b\u0107 jednej jednostki ko\u0144czy si\u0119 tam, gdzie zaczyna si\u0119 wolno\u015b\u0107 innej. S\u0142abi s\u0105 chronieni przez silnych, kt\u00f3rzy mog\u0105 i powinni si\u0119 szczepi\u0107 dla ich dobra (w\u0142asnego przy okazji te\u017c). Strach pomy\u015ble\u0107, co mo\u017ce pojawi\u0107 si\u0119 po tym transparencie. Silni pod transparentem \u017c\u0105daj\u0105 prawa do ochrony w\u0142asnego zdrowia \u2013 i tylko w\u0142asnego. A inni? A inni mog\u0105 sobie umiera\u0107. O tempora, o mores\u2026<\/p>\n\n\n\n<hr class=\"wp-block-separator\"\/>\n\n\n\n<p><em>Felieton jest wyrazem opinii autorki. Nie prezentuje stanowiska ZR Ma\u0142opolskie KOD.<\/em><\/p>\n","protected":false},"excerpt":{"rendered":"<p>Ten, kto podr\u00f3\u017cuje bez biletu, korzysta z transportu finansowanego przez innych. Podobnie ci, kt\u00f3rzy si\u0119 nie szczepi\u0105 \u2013 korzystaj\u0105 z odporno\u015bci zbiorowej. Gdy wi\u0119kszo\u015b\u0107 je\u017adzi na gap\u0119, zaczyna brakowa\u0107 \u015brodk\u00f3w na utrzymanie komunikacji publicznej\u2026<\/p>\n","protected":false},"author":34,"featured_media":28514,"comment_status":"closed","ping_status":"open","sticky":false,"template":"","format":"standard","meta":{"_EventAllDay":false,"_EventTimezone":"","_EventStartDate":"","_EventEndDate":"","_EventStartDateUTC":"","_EventEndDateUTC":"","_EventShowMap":false,"_EventShowMapLink":false,"_EventURL":"","_EventCost":"","_EventCostDescription":"","_EventCurrencySymbol":"","_EventCurrencyCode":"","_EventCurrencyPosition":"","_EventDateTimeSeparator":"","_EventTimeRangeSeparator":"","_EventOrganizerID":[],"_EventVenueID":[],"_OrganizerEmail":"","_OrganizerPhone":"","_OrganizerWebsite":"","_VenueAddress":"","_VenueCity":"","_VenueCountry":"","_VenueProvince":"","_VenueState":"","_VenueZip":"","_VenuePhone":"","_VenueURL":"","_VenueStateProvince":"","_VenueLat":"","_VenueLng":"","_VenueShowMap":false,"_VenueShowMapLink":false,"footnotes":""},"categories":[596],"tags":[],"class_list":["post-29048","post","type-post","status-publish","format-standard","has-post-thumbnail","hentry","category-felietony","felietony"],"_links":{"self":[{"href":"https:\/\/kodmalopolska.pl\/index.php?rest_route=\/wp\/v2\/posts\/29048","targetHints":{"allow":["GET"]}}],"collection":[{"href":"https:\/\/kodmalopolska.pl\/index.php?rest_route=\/wp\/v2\/posts"}],"about":[{"href":"https:\/\/kodmalopolska.pl\/index.php?rest_route=\/wp\/v2\/types\/post"}],"author":[{"embeddable":true,"href":"https:\/\/kodmalopolska.pl\/index.php?rest_route=\/wp\/v2\/users\/34"}],"replies":[{"embeddable":true,"href":"https:\/\/kodmalopolska.pl\/index.php?rest_route=%2Fwp%2Fv2%2Fcomments&post=29048"}],"version-history":[{"count":0,"href":"https:\/\/kodmalopolska.pl\/index.php?rest_route=\/wp\/v2\/posts\/29048\/revisions"}],"wp:featuredmedia":[{"embeddable":true,"href":"https:\/\/kodmalopolska.pl\/index.php?rest_route=\/wp\/v2\/media\/28514"}],"wp:attachment":[{"href":"https:\/\/kodmalopolska.pl\/index.php?rest_route=%2Fwp%2Fv2%2Fmedia&parent=29048"}],"wp:term":[{"taxonomy":"category","embeddable":true,"href":"https:\/\/kodmalopolska.pl\/index.php?rest_route=%2Fwp%2Fv2%2Fcategories&post=29048"},{"taxonomy":"post_tag","embeddable":true,"href":"https:\/\/kodmalopolska.pl\/index.php?rest_route=%2Fwp%2Fv2%2Ftags&post=29048"}],"curies":[{"name":"wp","href":"https:\/\/api.w.org\/{rel}","templated":true}]}}