{"id":28997,"date":"2021-12-19T19:47:59","date_gmt":"2021-12-19T18:47:59","guid":{"rendered":"https:\/\/kodmalopolska.pl\/?p=28997"},"modified":"2021-12-19T19:48:02","modified_gmt":"2021-12-19T18:48:02","slug":"pozegnanie-z-prawda-felieton-fryderyka-zolla-354","status":"publish","type":"post","link":"https:\/\/kodmalopolska.pl\/?p=28997","title":{"rendered":"Po\u017cegnanie z prawd\u0105. Felieton Fryderyka Zolla (354)"},"content":{"rendered":"\n<h4 class=\"wp-block-heading\">Jednym z najbardziej dotkliwych do\u015bwiadcze\u0144 ostatniego sze\u015bciolecia jest po\u017cegnanie z prawd\u0105.<\/h4>\n\n\n\n<p>Mitem za\u0142o\u017cycielskim PiS-owskiego pa\u0144stwa by\u0142o k\u0142amstwo smole\u0144skie, a po\u015bwi\u0119cona jego kultywowaniu, faszerowana ci\u0119\u017ckimi milionami podkomisja dopiero teraz zako\u0144czy\u0142a prac\u0119. Myli si\u0119 ten, kto uwa\u017ca, \u017ce praca podkomisji nie przynios\u0142a efekt\u00f3w. Przynios\u0142a. K\u0142amstwo sta\u0142o si\u0119 istot\u0105 i g\u0142\u00f3wnym narz\u0119dziem pa\u0144stwa PiS-u. U podstaw niszczenia s\u0105d\u00f3w by\u0142o k\u0142amstwo rozpowszechniane przez Fundacj\u0119 Narodow\u0105 z jej plakatami, na kt\u00f3rych pa\u0144stwo za pieni\u0105dze obywateli oczernia\u0142o w\u0142asnych s\u0119dzi\u00f3w. Ostatnio dowiedzieli\u015bmy si\u0119 o k\u0142amstwach zwi\u0105zanych z wypadkiem PiS-owskiej premier Szyd\u0142o. Jest to szczeg\u00f3lnie bulwersuj\u0105ce moralnie. Funkcjonariusze pa\u0144stwowi zeznawali nieprawd\u0119, a premier Szyd\u0142o, sama maj\u0105ca dw\u00f3ch syn\u00f3w, nie wstawi\u0142a si\u0119 za dwudziestoletnim ch\u0142opakiem, w kt\u00f3rego \u017cycie wjecha\u0142a kolumna pancernych limuzyn. Przejazd mia\u0142 by\u0107 cichy, \u017ceby lud si\u0119 nie zorientowa\u0142, jak podr\u00f3\u017cuje pani premier. K\u0142amstwo kryj\u0105ce k\u0142amstwo.<\/p>\n\n\n\n<p>Tych k\u0142amstw jest ju\u017c wok\u00f3\u0142 tyle, \u017ce oboj\u0119tniejemy. W\u0142adza jednak boi si\u0119 panicznie, \u017ce teraz gdy pa\u0144stwo pogr\u0105\u017ca si\u0119 w moralnej ruinie, a ludzie mamieni darmowym dobrobytem zaczynaj\u0105 dostrzega\u0107 skutki polityki PiS-u, kt\u00f3re godz\u0105 ju\u017c w ka\u017cdego poza prominentami, k\u0142amstwo maskowane propagand\u0105 wyp\u0142ynie na wierzch i zatopi kast\u0119 rz\u0105dz\u0105c\u0105 Polsk\u0105. W pa\u0144stwie PiS-u nie ma miejsca dla prawdy. Wolna, nieulegaj\u0105ca szanta\u017cowi telewizja, kt\u00f3ra prawd\u0119 ujawnia, zagra\u017ca systemowi k\u0142amstwa. S\u0142ysza\u0142em uzasadnienia podawane przez sprzyjaj\u0105cych rz\u0105dowi ekspert\u00f3w, kt\u00f3rzy twierdzili, \u017ce zmiany ustawy o radiofonii i telewizji wymaga Unia Europejska i jej prawo. K\u0142amstwo na k\u0142amstwie.<\/p>\n\n\n\n<p>Jeste\u015bmy tutaj, aby zaprotestowa\u0107 przeciwko wszechobecno\u015bci pa\u0144stwowego k\u0142amstwa. Do\u015b\u0107 k\u0142amstw! Do\u015b\u0107 przykrywania jednych k\u0142amstw drugimi. Do\u015b\u0107 k\u0142amstwa jako przewodniej ideologii PiS-owskiej w\u0142adzy. Wolne media musz\u0105 s\u0142u\u017cy\u0107 prawdzie, a my obywatele musimy ich dla prawdy broni\u0107!<\/p>\n\n\n\n<hr class=\"wp-block-separator\"\/>\n\n\n\n<p><em>Felieton jest wyrazem opinii autora. Nie prezentuje stanowiska ZR Ma\u0142opolskie<\/em>.<\/p>\n","protected":false},"excerpt":{"rendered":"<p>Jednym z najbardziej dotkliwych do\u015bwiadcze\u0144 ostatniego sze\u015bciolecia jest po\u017cegnanie z prawd\u0105.<\/p>\n","protected":false},"author":34,"featured_media":24583,"comment_status":"closed","ping_status":"open","sticky":false,"template":"","format":"standard","meta":{"_EventAllDay":false,"_EventTimezone":"","_EventStartDate":"","_EventEndDate":"","_EventStartDateUTC":"","_EventEndDateUTC":"","_EventShowMap":false,"_EventShowMapLink":false,"_EventURL":"","_EventCost":"","_EventCostDescription":"","_EventCurrencySymbol":"","_EventCurrencyCode":"","_EventCurrencyPosition":"","_EventDateTimeSeparator":"","_EventTimeRangeSeparator":"","_EventOrganizerID":[],"_EventVenueID":[],"_OrganizerEmail":"","_OrganizerPhone":"","_OrganizerWebsite":"","_VenueAddress":"","_VenueCity":"","_VenueCountry":"","_VenueProvince":"","_VenueState":"","_VenueZip":"","_VenuePhone":"","_VenueURL":"","_VenueStateProvince":"","_VenueLat":"","_VenueLng":"","_VenueShowMap":false,"_VenueShowMapLink":false,"footnotes":""},"categories":[596],"tags":[],"class_list":["post-28997","post","type-post","status-publish","format-standard","has-post-thumbnail","hentry","category-felietony","felietony"],"_links":{"self":[{"href":"https:\/\/kodmalopolska.pl\/index.php?rest_route=\/wp\/v2\/posts\/28997","targetHints":{"allow":["GET"]}}],"collection":[{"href":"https:\/\/kodmalopolska.pl\/index.php?rest_route=\/wp\/v2\/posts"}],"about":[{"href":"https:\/\/kodmalopolska.pl\/index.php?rest_route=\/wp\/v2\/types\/post"}],"author":[{"embeddable":true,"href":"https:\/\/kodmalopolska.pl\/index.php?rest_route=\/wp\/v2\/users\/34"}],"replies":[{"embeddable":true,"href":"https:\/\/kodmalopolska.pl\/index.php?rest_route=%2Fwp%2Fv2%2Fcomments&post=28997"}],"version-history":[{"count":0,"href":"https:\/\/kodmalopolska.pl\/index.php?rest_route=\/wp\/v2\/posts\/28997\/revisions"}],"wp:featuredmedia":[{"embeddable":true,"href":"https:\/\/kodmalopolska.pl\/index.php?rest_route=\/wp\/v2\/media\/24583"}],"wp:attachment":[{"href":"https:\/\/kodmalopolska.pl\/index.php?rest_route=%2Fwp%2Fv2%2Fmedia&parent=28997"}],"wp:term":[{"taxonomy":"category","embeddable":true,"href":"https:\/\/kodmalopolska.pl\/index.php?rest_route=%2Fwp%2Fv2%2Fcategories&post=28997"},{"taxonomy":"post_tag","embeddable":true,"href":"https:\/\/kodmalopolska.pl\/index.php?rest_route=%2Fwp%2Fv2%2Ftags&post=28997"}],"curies":[{"name":"wp","href":"https:\/\/api.w.org\/{rel}","templated":true}]}}