{"id":28577,"date":"2021-11-30T21:18:44","date_gmt":"2021-11-30T20:18:44","guid":{"rendered":"https:\/\/kodmalopolska.pl\/?p=28577"},"modified":"2021-11-30T21:18:46","modified_gmt":"2021-11-30T20:18:46","slug":"pan-stanu-wyjatkowego-felieton-fryderyka-zolla-350","status":"publish","type":"post","link":"https:\/\/kodmalopolska.pl\/?p=28577","title":{"rendered":"Pan stanu wyj\u0105tkowego. Felieton Fryderyka Zolla (350)"},"content":{"rendered":"\n<h4 class=\"wp-block-heading\">Dla Carla Schmitta, koronnego prawnika Hitlera i autora tekstu \u201eF\u00fcher h\u00fctet das Recht\u201d (W\u00f3dz ochrania prawo), suwerenem jest ten, kto ma prawo wprowadzi\u0107 stan wyj\u0105tkowy.<\/h4>\n\n\n\n<p>Stany nadzwyczajne regulowane w naszej Konstytucji poddane by\u0142y dot\u0105d \u015bcis\u0142emu nadzorowi parlamentu, mo\u017cna wi\u0119c by\u0142o twierdzi\u0107, \u017ce rz\u0105dzi nimi nar\u00f3d. Teraz stanami nadzwyczajnymi b\u0119dzie rz\u0105dzi\u0142 Minister Spraw Wewn\u0119trznych, zgodnie z uchwalon\u0105 w\u0142a\u015bnie ustaw\u0105 o ochronie granicy. Ustawa jest jaskrawo niekonstytucyjna i prezydent Duda, kt\u00f3ry zapewne dzi\u015b j\u0105 podpisze, pope\u0142ni kolejny delikt konstytucyjny.<\/p>\n\n\n\n<p>P\u0142ot na granicy coraz g\u0142\u0119biej wrzyna si\u0119 w nasz\u0105 demokracj\u0119, coraz bardziej nas okalecza i odbiera nam, narodowi politycznemu, suwerenno\u015b\u0107. Teraz suwerenem b\u0119dzie Mariusz Kami\u0144ski, w\u0142adca \u017cycia i \u015bmierci marzn\u0105cych na granicy. Fascynacj\u0119 Carlem Schmittem w otoczeniu braci Kaczy\u0144skich d\u0142ugo traktowano jako ciekawostk\u0119. A u Schmitta mo\u017cna wyczyta\u0107, w jakim kierunku pod\u0105\u017ca nasze pa\u0144stwo. I nikt nie b\u0119dzie m\u00f3g\u0142 argumentowa\u0107, \u017ce nie wiedzia\u0142.<\/p>\n\n\n\n<p><strong>PS<\/strong> Duda podpisa\u0142.<\/p>\n\n\n\n<hr class=\"wp-block-separator\"\/>\n\n\n\n<p><em>Felieton jest wyrazem opinii autora. Nie prezentuje stanowiska ZR Ma\u0142opolskie<\/em>.<\/p>\n","protected":false},"excerpt":{"rendered":"<p>Dla Carla Schmitta, koronnego prawnika Hitlera i autora tekstu \u201eF\u00fcher h\u00fctet das Recht\u201d (W\u00f3dz ochrania prawo), suwerenem jest ten, kto ma prawo wprowadzi\u0107 stan wyj\u0105tkowy.<\/p>\n","protected":false},"author":34,"featured_media":24583,"comment_status":"closed","ping_status":"open","sticky":false,"template":"","format":"standard","meta":{"_EventAllDay":false,"_EventTimezone":"","_EventStartDate":"","_EventEndDate":"","_EventStartDateUTC":"","_EventEndDateUTC":"","_EventShowMap":false,"_EventShowMapLink":false,"_EventURL":"","_EventCost":"","_EventCostDescription":"","_EventCurrencySymbol":"","_EventCurrencyCode":"","_EventCurrencyPosition":"","_EventDateTimeSeparator":"","_EventTimeRangeSeparator":"","_EventOrganizerID":[],"_EventVenueID":[],"_OrganizerEmail":"","_OrganizerPhone":"","_OrganizerWebsite":"","_VenueAddress":"","_VenueCity":"","_VenueCountry":"","_VenueProvince":"","_VenueState":"","_VenueZip":"","_VenuePhone":"","_VenueURL":"","_VenueStateProvince":"","_VenueLat":"","_VenueLng":"","_VenueShowMap":false,"_VenueShowMapLink":false,"footnotes":""},"categories":[596],"tags":[],"class_list":["post-28577","post","type-post","status-publish","format-standard","has-post-thumbnail","hentry","category-felietony","felietony"],"_links":{"self":[{"href":"https:\/\/kodmalopolska.pl\/index.php?rest_route=\/wp\/v2\/posts\/28577","targetHints":{"allow":["GET"]}}],"collection":[{"href":"https:\/\/kodmalopolska.pl\/index.php?rest_route=\/wp\/v2\/posts"}],"about":[{"href":"https:\/\/kodmalopolska.pl\/index.php?rest_route=\/wp\/v2\/types\/post"}],"author":[{"embeddable":true,"href":"https:\/\/kodmalopolska.pl\/index.php?rest_route=\/wp\/v2\/users\/34"}],"replies":[{"embeddable":true,"href":"https:\/\/kodmalopolska.pl\/index.php?rest_route=%2Fwp%2Fv2%2Fcomments&post=28577"}],"version-history":[{"count":0,"href":"https:\/\/kodmalopolska.pl\/index.php?rest_route=\/wp\/v2\/posts\/28577\/revisions"}],"wp:featuredmedia":[{"embeddable":true,"href":"https:\/\/kodmalopolska.pl\/index.php?rest_route=\/wp\/v2\/media\/24583"}],"wp:attachment":[{"href":"https:\/\/kodmalopolska.pl\/index.php?rest_route=%2Fwp%2Fv2%2Fmedia&parent=28577"}],"wp:term":[{"taxonomy":"category","embeddable":true,"href":"https:\/\/kodmalopolska.pl\/index.php?rest_route=%2Fwp%2Fv2%2Fcategories&post=28577"},{"taxonomy":"post_tag","embeddable":true,"href":"https:\/\/kodmalopolska.pl\/index.php?rest_route=%2Fwp%2Fv2%2Ftags&post=28577"}],"curies":[{"name":"wp","href":"https:\/\/api.w.org\/{rel}","templated":true}]}}