{"id":28534,"date":"2021-11-26T18:42:54","date_gmt":"2021-11-26T17:42:54","guid":{"rendered":"https:\/\/kodmalopolska.pl\/?p=28534"},"modified":"2021-11-26T18:42:57","modified_gmt":"2021-11-26T17:42:57","slug":"strategia-przetrwania-egoizm-felieton-marii-mysonianki-50","status":"publish","type":"post","link":"https:\/\/kodmalopolska.pl\/?p=28534","title":{"rendered":"Strategia przetrwania: egoizm.  Felieton Marii Mysonianki (50)"},"content":{"rendered":"\n<h4 class=\"wp-block-heading\">Chcesz przetrwa\u0107? Chro\u0144 siebie. No\u015b mask\u0119. B\u0105d\u017a egoist\u0105. Nie licz na to, \u017ce ten bez maski za\u0142o\u017cy j\u0105 dla ochrony twojej i\u00a0innych, \u017ce podporz\u0105dkuje si\u0119 zaleceniom. No bo kto niby go zmusi do przestrzegania obostrze\u0144?<\/h4>\n\n\n\n<p>Pandemia ma si\u0119 dobrze. Spo\u0142ecze\u0144stwo, niestety, znacznie gorzej. Wydawane zarz\u0105dzenia nie s\u0105 przestrzegane \u2013 z\u00a0r\u00f3\u017cnych powod\u00f3w, przede wszystkim z\u00a0powodu istnej eksplozji postaw egoistycznych. Dla przypomnienia: egoista to kto\u015b, dla kogo centralnym punktem odniesienia jest on sam. Nikt inny si\u0119 nie liczy. Egoizm etyczny dodaje do tego wa\u017cne kryterium: dobre jest to, co dobre dla egoisty. To egoista wyznacza standardy zachowania, i\u00a0to takie, kt\u00f3re dla niego s\u0105 \u2013 w\u00a0jego mniemaniu \u2013 dobre.<br \/><br \/>Obserwujemy od pewnego czasu wysyp postaw prezentuj\u0105cych egoizm etyczny. Nie liczy si\u0119 nikt poza egoistycznym \u201eja\u201d, a\u00a0komfort owego \u201eja\u201d jest najwa\u017cniejszym prawem. Problem w\u00a0tym, \u017ce komfort owego egoistycznego \u201eja\u201d pozostaje w\u00a0ra\u017c\u0105cej sprzeczno\u015bci z\u00a0komfortem innych \u201eja\u201d.<br \/>I\u00a0ju\u017c t\u0142umacz\u0119 dlaczego. Ot\u00f3\u017c egoista to zazwyczaj kto\u015b silny, pewny siebie, kto nie potrzebuje cudzego wsparcia (tu wprawdzie bywa rozmaicie, ale nie to jest istotne w\u00a0tym momencie). Egoista dba o\u00a0swoje zdrowie \u2013 i\u00a0tylko o\u00a0swoje zdrowie. Przy czym trzeba doprecyzowa\u0107, kim jest egoista, poniewa\u017c na skutek r\u00f3\u017cnych okoliczno\u015bci dzisiejszy egoista r\u00f3\u017cni si\u0119 od egoisty z\u00a0przesz\u0142o\u015bci. Odmawia rozmowy opartej na racjonalnych przes\u0142ankach, nie poddaje si\u0119 argumentacji, bo wie lepiej. Jest ca\u0142kowicie zamkni\u0119ty na wszystko poza samym sob\u0105 i\u00a0tym, co uznaje za prawdziwe. To nowa posta\u0107: egoista fanatyk. Przekonanie si\u0142\u0105 argument\u00f3w jest w\u00a0przypadku egoisty fanatyka niemo\u017cliwe. Taki cz\u0142owiek wie lepiej, czym jest jego dobro. Nikt mu nie b\u0119dzie miesza\u0107 w\u00a0g\u0142owie\u2026<br \/><br \/>W dobie pandemii egoista maski nie zak\u0142ada. Jest mu w\u00a0niej duszno, niewygodnie, uszy i\u00a0nos bol\u0105. Maska mu przeszkadza, zatem jej nie nosi. I\u00a0tu zaczyna si\u0119 problem, kt\u00f3ry podzieli\u0142 polskie spo\u0142ecze\u0144stwo i\u00a0kt\u00f3ry zostanie z\u00a0nami na d\u0142ugo, poniewa\u017c powa\u017cnie naruszy\u0142 tzw. tkank\u0119 spo\u0142eczn\u0105 i\u00a0zaufanie spo\u0142eczne (i\u00a0tak niskie). Egoista maski nie zak\u0142ada, bo uwa\u017ca, \u017ce to ogranicza jego wolno\u015b\u0107. Nie bierze pod uwag\u0119, \u017ce istniej\u0105 inni ludzie \u2013 nie tak zdrowi jak on, nie tak odporni jak on, nie tak przekonani o\u00a0w\u0142asnej nie\u015bmiertelno\u015bci. Ludzie, kt\u00f3rzy si\u0119 boj\u0105 (a\u00a0maj\u0105 czego, bo statystyki pokazuj\u0105, \u017ce na COVID si\u0119 umiera) i\u00a0kt\u00f3rzy w demokratycznym pa\u0144stwie r\u00f3wnie\u017c w\u00a0dobie pandemii maj\u0105 takie same prawa jak ci, kt\u00f3rzy masek dla w\u0142asnego komfortu nie nosz\u0105. Osoba w\u00a0masce ma k\u0142opot. Te\u017c by chcia\u0142a wej\u015b\u0107 do sklepu i\u00a0zrobi\u0107 zakupy \u2013 w\u00a0miar\u0119 bezpiecznie. Niestety, egoi\u015bci bez masek jej to uniemo\u017cliwiaj\u0105. Nie chodzi r\u00f3wnie\u017c do restauracji, kin, teatr\u00f3w i\u00a0innych miejsc, w\u00a0kt\u00f3rych by\u0107 nie musi. Nie chodzi, poniewa\u017c boi si\u0119 zaka\u017cenia, boi si\u0119 tych bez masek. I\u00a0nie ma znaczenia, w\u00a0jakim stopniu maseczki s\u0105 skuteczne. Problem tkwi w\u00a0ograniczaniu przez egoist\u00f3w praw i\u00a0wolno\u015bci innych ludzi. Za chwil\u0119 pewnie b\u0119dziemy mieli lockdown \u2013 dla zaszczepionych, dla tych, kt\u00f3rzy nosz\u0105 maski. Odmawiaj\u0105cy noszenia masek i\u00a0tak si\u0119 nie podporz\u0105dkuj\u0105, no bo niby czemu? Kto b\u0119dzie w\u00a0stanie ich zdyscyplinowa\u0107? Powszechny brak masek pokazuje, \u017ce nikt. Na naszych oczach dokonuje si\u0119 rozpad spo\u0142ecze\u0144stwa i\u00a0tryumf egoizmu. Przekaz jest prosty: martw si\u0119 o\u00a0siebie samego. Maski nikt dla ciebie nie za\u0142o\u017cy! Bo nie!<\/p>\n\n\n\n<hr class=\"wp-block-separator\"\/>\n\n\n\n<p><em>Felieton jest wyrazem opinii autorki. Nie prezentuje stanowiska ZR Ma\u0142opolskie KOD.<\/em><\/p>\n","protected":false},"excerpt":{"rendered":"<p>Chcesz przetrwa\u0107? Chro\u0144 siebie. No\u015b mask\u0119. B\u0105d\u017a egoist\u0105. Nie licz na to, \u017ce ten bez maski za\u0142o\u017cy j\u0105 dla ochrony twojej i\u00a0innych, \u017ce podporz\u0105dkuje si\u0119 zaleceniom. No bo kto niby go zmusi do przestrzegania obostrze\u0144?<\/p>\n","protected":false},"author":2,"featured_media":28514,"comment_status":"closed","ping_status":"open","sticky":false,"template":"","format":"standard","meta":{"_EventAllDay":false,"_EventTimezone":"","_EventStartDate":"","_EventEndDate":"","_EventStartDateUTC":"","_EventEndDateUTC":"","_EventShowMap":false,"_EventShowMapLink":false,"_EventURL":"","_EventCost":"","_EventCostDescription":"","_EventCurrencySymbol":"","_EventCurrencyCode":"","_EventCurrencyPosition":"","_EventDateTimeSeparator":"","_EventTimeRangeSeparator":"","_EventOrganizerID":[],"_EventVenueID":[],"_OrganizerEmail":"","_OrganizerPhone":"","_OrganizerWebsite":"","_VenueAddress":"","_VenueCity":"","_VenueCountry":"","_VenueProvince":"","_VenueState":"","_VenueZip":"","_VenuePhone":"","_VenueURL":"","_VenueStateProvince":"","_VenueLat":"","_VenueLng":"","_VenueShowMap":false,"_VenueShowMapLink":false,"footnotes":""},"categories":[596],"tags":[],"class_list":["post-28534","post","type-post","status-publish","format-standard","has-post-thumbnail","hentry","category-felietony","felietony"],"_links":{"self":[{"href":"https:\/\/kodmalopolska.pl\/index.php?rest_route=\/wp\/v2\/posts\/28534","targetHints":{"allow":["GET"]}}],"collection":[{"href":"https:\/\/kodmalopolska.pl\/index.php?rest_route=\/wp\/v2\/posts"}],"about":[{"href":"https:\/\/kodmalopolska.pl\/index.php?rest_route=\/wp\/v2\/types\/post"}],"author":[{"embeddable":true,"href":"https:\/\/kodmalopolska.pl\/index.php?rest_route=\/wp\/v2\/users\/2"}],"replies":[{"embeddable":true,"href":"https:\/\/kodmalopolska.pl\/index.php?rest_route=%2Fwp%2Fv2%2Fcomments&post=28534"}],"version-history":[{"count":0,"href":"https:\/\/kodmalopolska.pl\/index.php?rest_route=\/wp\/v2\/posts\/28534\/revisions"}],"wp:featuredmedia":[{"embeddable":true,"href":"https:\/\/kodmalopolska.pl\/index.php?rest_route=\/wp\/v2\/media\/28514"}],"wp:attachment":[{"href":"https:\/\/kodmalopolska.pl\/index.php?rest_route=%2Fwp%2Fv2%2Fmedia&parent=28534"}],"wp:term":[{"taxonomy":"category","embeddable":true,"href":"https:\/\/kodmalopolska.pl\/index.php?rest_route=%2Fwp%2Fv2%2Fcategories&post=28534"},{"taxonomy":"post_tag","embeddable":true,"href":"https:\/\/kodmalopolska.pl\/index.php?rest_route=%2Fwp%2Fv2%2Ftags&post=28534"}],"curies":[{"name":"wp","href":"https:\/\/api.w.org\/{rel}","templated":true}]}}